{"id":150630,"date":"2020-04-13T14:04:59","date_gmt":"2020-04-13T11:04:59","guid":{"rendered":"http:\/\/arantv.az\/?p=150630"},"modified":"2020-04-13T14:23:40","modified_gmt":"2020-04-13T11:23:40","slug":"b%c9%99rd%c9%99-cor%c9%99k-asc-min-r%c9%99hb%c9%99rliyi-t%c9%99r%c9%99find%c9%99n-150-ail%c9%99y%c9%99-%c9%99rzaq-yardimi-gost%c9%99rilib-foto-video","status":"publish","type":"post","link":"https:\/\/arantv.az\/?p=150630","title":{"rendered":"&#8220;B\u0259rd\u0259-\u00c7\u00f6r\u0259k\u201d ASC &#8211; nin r\u0259hb\u0259rliyi t\u0259r\u0259find\u0259n 150 ail\u0259y\u0259 \u0259rzaq yard\u0131m\u0131 g\u00f6st\u0259rilib FOTO V\u0130DEO"},"content":{"rendered":"<p>Koronavirus (COVID-19) pandemiyas\u0131 il\u0259 \u0259laq\u0259dar x\u00fcsusi karantin rejiminin t\u0259tbiq olundu\u011fu d\u00f6vrd\u0259 azt\u0259minatl\u0131 ail\u0259l\u0259r\u0259, imkans\u0131z \u015f\u0259xsl\u0259r\u0259 d\u0259st\u0259k m\u0259qs\u0259dil\u0259 \u201cB\u0259rd\u0259-\u00c7\u00f6r\u0259k\u201d ASC-nin idar\u0259 hey\u0259tinin s\u0259dri, iqtisadiyyat \u00fczr\u0259 f\u0259ls\u0259f\u0259 doktoru M\u0259h\u0259rr\u0259m \u015e\u0259fiyevin<br \/>\nt\u0259\u015f\u0259bb\u00fcs\u00fc il\u0259 \u0259rzaq yard\u0131m\u0131 kampaniyas\u0131 ke\u00e7irilib. Aksiya \u00e7\u0259r\u00e7iv\u0259sind\u0259 \u00e7\u00f6r\u0259k zavodunun r\u0259hb\u0259rliyi t\u0259r\u0259find\u0259n B\u0259rd\u0259 rayonunda 150 azt\u0259minatl\u0131 v\u0259 \u015f\u0259hid ail\u0259sin\u0259, h\u0259m\u00e7inin Qaraba\u011f m\u00fcharib\u0259si \u0259lill\u0259ri v\u0259 imkans\u0131z \u015f\u0259xsl\u0259r\u0259 \u0259rzaq ba\u011flamalar\u0131 paylan\u0131l\u0131b.<\/p>\n<p>\u018frzaq yard\u0131m\u0131 alan v\u0259t\u0259nda\u015flar x\u00fcsusi karantin rejimi g\u00fcnl\u0259rind\u0259 onlara g\u00f6st\u0259ril\u0259n k\u00f6m\u0259y\u0259 g\u00f6r\u0259 d\u00f6vl\u0259timizin ba\u015f\u00e7\u0131s\u0131na, h\u0259m\u00e7inin aksiyan\u0131n t\u0259\u015fkilat\u00e7\u0131s\u0131na minn\u0259tdarl\u0131qlar\u0131n\u0131 bildiribl\u0259r.<\/p>\n<p><img loading=\"lazy\" class=\"alignnone size-medium wp-image-150631\" src=\"https:\/\/arantv.az\/wp-content\/uploads\/2020\/04\/1ec7239f-f9f6-4806-9cf3-8c45d59242b9-300x225.jpg\" alt=\"\" width=\"300\" height=\"225\" \/><img loading=\"lazy\" class=\"alignnone size-medium wp-image-150632\" src=\"https:\/\/arantv.az\/wp-content\/uploads\/2020\/04\/d1ca41ce-3939-4711-8462-2b3973760584-225x300.jpg\" alt=\"\" width=\"225\" height=\"300\" \/><\/p>\n<p><iframe loading=\"lazy\" width=\"640\" height=\"360\" src=\"https:\/\/www.youtube.com\/embed\/P-5Dcg88JPE?feature=oembed\" frameborder=\"0\" allow=\"accelerometer; autoplay; encrypted-media; gyroscope; picture-in-picture\" allowfullscreen><\/iframe><\/p>\n","protected":false},"excerpt":{"rendered":"<p>Koronavirus (COVID-19) pandemiyas\u0131 il\u0259 \u0259laq\u0259dar x\u00fcsusi karantin rejiminin t\u0259tbiq olundu\u011fu d\u00f6vrd\u0259 azt\u0259minatl\u0131 ail\u0259l\u0259r\u0259, imkans\u0131z \u015f\u0259xsl\u0259r\u0259 d\u0259st\u0259k m\u0259qs\u0259dil\u0259 \u201cB\u0259rd\u0259-\u00c7\u00f6r\u0259k\u201d ASC-nin idar\u0259 hey\u0259tinin s\u0259dri, iqtisadiyyat \u00fczr\u0259 f\u0259ls\u0259f\u0259 doktoru M\u0259h\u0259rr\u0259m \u015e\u0259fiyevin t\u0259\u015f\u0259bb\u00fcs\u00fc il\u0259 \u0259rzaq yard\u0131m\u0131 kampaniyas\u0131 ke\u00e7irilib. Aksiya \u00e7\u0259r\u00e7iv\u0259sind\u0259 \u00e7\u00f6r\u0259k zavodunun r\u0259hb\u0259rliyi t\u0259r\u0259find\u0259n B\u0259rd\u0259 rayonunda 150 azt\u0259minatl\u0131 v\u0259 \u015f\u0259hid ail\u0259sin\u0259, h\u0259m\u00e7inin Qaraba\u011f m\u00fcharib\u0259si \u0259lill\u0259ri v\u0259 imkans\u0131z \u015f\u0259xsl\u0259r\u0259 \u0259rzaq ba\u011flamalar\u0131 paylan\u0131l\u0131b. \u018frzaq yard\u0131m\u0131 alan v\u0259t\u0259nda\u015flar x\u00fcsusi karantin rejimi g\u00fcnl\u0259rind\u0259 onlara g\u00f6st\u0259ril\u0259n k\u00f6m\u0259y\u0259 g\u00f6r\u0259 d\u00f6vl\u0259timizin ba\u015f\u00e7\u0131s\u0131na, h\u0259m\u00e7inin aksiyan\u0131n t\u0259\u015fkilat\u00e7\u0131s\u0131na minn\u0259tdarl\u0131qlar\u0131n\u0131 bildiribl\u0259r.<\/p>\n","protected":false},"author":2,"featured_media":150631,"comment_status":"closed","ping_status":"closed","sticky":false,"template":"","format":"standard","meta":{"om_disable_all_campaigns":false,"_monsterinsights_skip_tracking":false,"_monsterinsights_sitenote_active":false,"_monsterinsights_sitenote_note":"","_monsterinsights_sitenote_category":0},"categories":[2],"tags":[],"aioseo_notices":[],"gutentor_comment":0,"rttpg_featured_image_url":{"full":["https:\/\/arantv.az\/wp-content\/uploads\/2020\/04\/1ec7239f-f9f6-4806-9cf3-8c45d59242b9.jpg",1280,960,false],"landscape":["https:\/\/arantv.az\/wp-content\/uploads\/2020\/04\/1ec7239f-f9f6-4806-9cf3-8c45d59242b9.jpg",1280,960,false],"portraits":["https:\/\/arantv.az\/wp-content\/uploads\/2020\/04\/1ec7239f-f9f6-4806-9cf3-8c45d59242b9.jpg",1280,960,false],"thumbnail":["https:\/\/arantv.az\/wp-content\/uploads\/2020\/04\/1ec7239f-f9f6-4806-9cf3-8c45d59242b9-150x150.jpg",150,150,true],"medium":["https:\/\/arantv.az\/wp-content\/uploads\/2020\/04\/1ec7239f-f9f6-4806-9cf3-8c45d59242b9-300x225.jpg",300,225,true],"large":["https:\/\/arantv.az\/wp-content\/uploads\/2020\/04\/1ec7239f-f9f6-4806-9cf3-8c45d59242b9-1024x768.jpg",640,480,true],"1536x1536":["https:\/\/arantv.az\/wp-content\/uploads\/2020\/04\/1ec7239f-f9f6-4806-9cf3-8c45d59242b9.jpg",1280,960,false],"2048x2048":["https:\/\/arantv.az\/wp-content\/uploads\/2020\/04\/1ec7239f-f9f6-4806-9cf3-8c45d59242b9.jpg",1280,960,false],"post-thumbnail":["https:\/\/arantv.az\/wp-content\/uploads\/2020\/04\/1ec7239f-f9f6-4806-9cf3-8c45d59242b9-240x172.jpg",240,172,true],"advps-thumb-one":["https:\/\/arantv.az\/wp-content\/uploads\/2020\/04\/1ec7239f-f9f6-4806-9cf3-8c45d59242b9-1200x620.jpg",1200,620,true]},"rttpg_author":{"display_name":"V\u00fcsal Rafiqo\u011flu","author_link":"https:\/\/arantv.az\/?author=2"},"rttpg_comment":0,"rttpg_category":"<a href=\"https:\/\/arantv.az\/?cat=2\" rel=\"category\">Region X\u0259b\u0259rl\u0259ri<\/a>","rttpg_excerpt":"Koronavirus (COVID-19) pandemiyas\u0131 il\u0259 \u0259laq\u0259dar x\u00fcsusi karantin rejiminin t\u0259tbiq olundu\u011fu d\u00f6vrd\u0259 azt\u0259minatl\u0131 ail\u0259l\u0259r\u0259, imkans\u0131z \u015f\u0259xsl\u0259r\u0259 d\u0259st\u0259k m\u0259qs\u0259dil\u0259 \u201cB\u0259rd\u0259-\u00c7\u00f6r\u0259k\u201d ASC-nin idar\u0259 hey\u0259tinin s\u0259dri, iqtisadiyyat \u00fczr\u0259 f\u0259ls\u0259f\u0259 doktoru M\u0259h\u0259rr\u0259m \u015e\u0259fiyevin t\u0259\u015f\u0259bb\u00fcs\u00fc il\u0259 \u0259rzaq yard\u0131m\u0131 kampaniyas\u0131 ke\u00e7irilib. Aksiya \u00e7\u0259r\u00e7iv\u0259sind\u0259 \u00e7\u00f6r\u0259k zavodunun r\u0259hb\u0259rliyi t\u0259r\u0259find\u0259n B\u0259rd\u0259 rayonunda 150 azt\u0259minatl\u0131 v\u0259 \u015f\u0259hid ail\u0259sin\u0259, h\u0259m\u00e7inin Qaraba\u011f m\u00fcharib\u0259si \u0259lill\u0259ri v\u0259 imkans\u0131z \u015f\u0259xsl\u0259r\u0259 \u0259rzaq&hellip;","_links":{"self":[{"href":"https:\/\/arantv.az\/index.php?rest_route=\/wp\/v2\/posts\/150630"}],"collection":[{"href":"https:\/\/arantv.az\/index.php?rest_route=\/wp\/v2\/posts"}],"about":[{"href":"https:\/\/arantv.az\/index.php?rest_route=\/wp\/v2\/types\/post"}],"author":[{"embeddable":true,"href":"https:\/\/arantv.az\/index.php?rest_route=\/wp\/v2\/users\/2"}],"replies":[{"embeddable":true,"href":"https:\/\/arantv.az\/index.php?rest_route=%2Fwp%2Fv2%2Fcomments&post=150630"}],"version-history":[{"count":0,"href":"https:\/\/arantv.az\/index.php?rest_route=\/wp\/v2\/posts\/150630\/revisions"}],"wp:featuredmedia":[{"embeddable":true,"href":"https:\/\/arantv.az\/index.php?rest_route=\/wp\/v2\/media\/150631"}],"wp:attachment":[{"href":"https:\/\/arantv.az\/index.php?rest_route=%2Fwp%2Fv2%2Fmedia&parent=150630"}],"wp:term":[{"taxonomy":"category","embeddable":true,"href":"https:\/\/arantv.az\/index.php?rest_route=%2Fwp%2Fv2%2Fcategories&post=150630"},{"taxonomy":"post_tag","embeddable":true,"href":"https:\/\/arantv.az\/index.php?rest_route=%2Fwp%2Fv2%2Ftags&post=150630"}],"curies":[{"name":"wp","href":"https:\/\/api.w.org\/{rel}","templated":true}]}}