{"id":150668,"date":"2020-04-13T17:10:39","date_gmt":"2020-04-13T14:10:39","guid":{"rendered":"http:\/\/arantv.az\/?p=150668"},"modified":"2020-04-13T17:10:39","modified_gmt":"2020-04-13T14:10:39","slug":"prezidentd%c9%99n-f%c9%99rman-karantin-rejiminin-pozulmasi-il%c9%99-bagli-madd%c9%99-siyahiya-salindi","status":"publish","type":"post","link":"https:\/\/arantv.az\/?p=150668","title":{"rendered":"Prezidentd\u0259n f\u0259rman: Karantin rejiminin pozulmas\u0131 il\u0259 ba\u011fl\u0131 madd\u0259 siyah\u0131ya sal\u0131nd\u0131"},"content":{"rendered":"<p>\u201c\u0130nzibati x\u0259talar haqq\u0131nda i\u015fl\u0259r\u0259 baxma\u011fa s\u0259lahiyy\u0259ti olan v\u0259zif\u0259li \u015f\u0259xsl\u0259rin Siyah\u0131s\u0131\u201dnda d\u0259yi\u015fiklik edilib.<\/p>\n<p>Bununla ba\u011fl\u0131 Prezident \u0130lham \u018fliyev m\u00fcvafiq f\u0259rman\u00a0<a href=\"https:\/\/azertag.az\/xeber\/Azerbaycan_Respublikasi_Prezidentinin_2017_ci_il_23_fevral_tarixli_1256_nomreli_Fermani_ile_tesdiq_edilmis_Inzibati_xetalar_haqqinda_islere_baxmaga_selahiyyeti_olan_vezifeli_sexslerin_Siyahisinda_deyisiklik_edilmesi_haqqinda__Azerbaycan_Respublikasi_Prezidentinin_Fermani-1461401\" target=\"_blank\" rel=\"noopener\">imzalay\u0131b<\/a>.<\/p>\n<p>Bununla da, s\u0259n\u0259din 2.2 v\u0259 2.4-c\u00fc b\u0259ndl\u0259ri d\u0259yi\u015fdirilib.<\/p>\n<p>Qeyd ed\u0259k ki, \u00fcmumilikd\u0259 2-ci b\u0259nd Daxili \u0130\u015fl\u0259r Nazirliyi ad\u0131ndan inzibati x\u0259talar haqq\u0131nda i\u015fl\u0259r\u0259 baxma\u011fa s\u0259lahiyy\u0259ti olan v\u0259zif\u0259li \u015f\u0259xsl\u0259rl\u0259 ba\u011fl\u0131d\u0131r.<\/p>\n<p>F\u0259rmanla 2.2-ci v\u0259 2.4-c\u00fc b\u0259ndl\u0259r\u0259 \u201c322.0.2\u201d r\u0259q\u0259ml\u0259rind\u0259n \u0259vv\u0259l \u201c211,\u201d r\u0259q\u0259ml\u0259ri \u0259lav\u0259 edilib.<\/p>\n<p>Bildir\u0259k ki, h\u0259min r\u0259q\u0259ml\u0259r \u0130nzibati X\u0259talar M\u0259c\u0259ll\u0259sind\u0259ki madd\u0259l\u0259rin n\u00f6mr\u0259l\u0259ridir.<\/p>\n<p>Qeyd ed\u0259k ki, \u0130nzibati X\u0259talar M\u0259c\u0259ll\u0259sinin 211-ci madd\u0259si epidemiya \u0259leyhin\u0259 rejimin, sanitariya-gigiyena v\u0259 karantin rejiml\u0259rinin pozulmas\u0131na g\u00f6r\u0259 c\u0259zalar\u0131 m\u00fc\u0259yy\u0259nl\u0259\u015fdirir.<\/p>\n<p>Bildirilir ki, bu qaydalar\u0131n pozulmas\u0131na g\u00f6r\u0259\u00a0fiziki \u015f\u0259xsl\u0259r y\u00fcz manatdan iki y\u00fcz manatad\u0259k m\u0259bl\u0259\u011fd\u0259, v\u0259zif\u0259li \u015f\u0259xsl\u0259r min be\u015f y\u00fcz manatdan iki min manatad\u0259k m\u0259bl\u0259\u011fd\u0259 c\u0259rim\u0259 edilir.<\/p>\n<p>Yaxud i\u015fin hallar\u0131na g\u00f6r\u0259, x\u0259tan\u0131 t\u00f6r\u0259d\u0259nin \u015f\u0259xsiyy\u0259ti n\u0259z\u0259r\u0259 al\u0131nmaqla, bir ayad\u0259k m\u00fcdd\u0259t\u0259 inzibati h\u0259bs t\u0259tbiq olunur. H\u00fcquqi \u015f\u0259xsl\u0259r is\u0259 iki min manatdan be\u015f min manatad\u0259k m\u0259bl\u0259\u011fd\u0259 c\u0259rim\u0259l\u0259nir.<\/p>\n","protected":false},"excerpt":{"rendered":"<p>\u201c\u0130nzibati x\u0259talar haqq\u0131nda i\u015fl\u0259r\u0259 baxma\u011fa s\u0259lahiyy\u0259ti olan v\u0259zif\u0259li \u015f\u0259xsl\u0259rin Siyah\u0131s\u0131\u201dnda d\u0259yi\u015fiklik edilib. Bununla ba\u011fl\u0131 Prezident \u0130lham \u018fliyev m\u00fcvafiq f\u0259rman\u00a0imzalay\u0131b. Bununla da, s\u0259n\u0259din 2.2 v\u0259 2.4-c\u00fc b\u0259ndl\u0259ri d\u0259yi\u015fdirilib. Qeyd ed\u0259k ki, \u00fcmumilikd\u0259 2-ci b\u0259nd Daxili \u0130\u015fl\u0259r Nazirliyi ad\u0131ndan inzibati x\u0259talar haqq\u0131nda i\u015fl\u0259r\u0259 baxma\u011fa s\u0259lahiyy\u0259ti olan v\u0259zif\u0259li \u015f\u0259xsl\u0259rl\u0259 ba\u011fl\u0131d\u0131r. F\u0259rmanla 2.2-ci v\u0259 2.4-c\u00fc b\u0259ndl\u0259r\u0259 \u201c322.0.2\u201d r\u0259q\u0259ml\u0259rind\u0259n \u0259vv\u0259l \u201c211,\u201d r\u0259q\u0259ml\u0259ri \u0259lav\u0259 edilib. Bildir\u0259k ki, h\u0259min r\u0259q\u0259ml\u0259r \u0130nzibati X\u0259talar M\u0259c\u0259ll\u0259sind\u0259ki madd\u0259l\u0259rin n\u00f6mr\u0259l\u0259ridir. Qeyd ed\u0259k ki, \u0130nzibati X\u0259talar M\u0259c\u0259ll\u0259sinin 211-ci madd\u0259si epidemiya \u0259leyhin\u0259 rejimin, sanitariya-gigiyena v\u0259 karantin rejiml\u0259rinin pozulmas\u0131na g\u00f6r\u0259 c\u0259zalar\u0131 m\u00fc\u0259yy\u0259nl\u0259\u015fdirir. Bildirilir ki, bu&hellip;<\/p>\n","protected":false},"author":2,"featured_media":150669,"comment_status":"closed","ping_status":"closed","sticky":false,"template":"","format":"standard","meta":{"om_disable_all_campaigns":false,"_monsterinsights_skip_tracking":false,"_monsterinsights_sitenote_active":false,"_monsterinsights_sitenote_note":"","_monsterinsights_sitenote_category":0},"categories":[1],"tags":[],"aioseo_notices":[],"gutentor_comment":0,"rttpg_featured_image_url":{"full":["https:\/\/arantv.az\/wp-content\/uploads\/2020\/04\/ilham-aliyev987.jpg",620,363,false],"landscape":["https:\/\/arantv.az\/wp-content\/uploads\/2020\/04\/ilham-aliyev987.jpg",620,363,false],"portraits":["https:\/\/arantv.az\/wp-content\/uploads\/2020\/04\/ilham-aliyev987.jpg",620,363,false],"thumbnail":["https:\/\/arantv.az\/wp-content\/uploads\/2020\/04\/ilham-aliyev987-150x150.jpg",150,150,true],"medium":["https:\/\/arantv.az\/wp-content\/uploads\/2020\/04\/ilham-aliyev987-300x176.jpg",300,176,true],"large":["https:\/\/arantv.az\/wp-content\/uploads\/2020\/04\/ilham-aliyev987.jpg",620,363,false],"1536x1536":["https:\/\/arantv.az\/wp-content\/uploads\/2020\/04\/ilham-aliyev987.jpg",620,363,false],"2048x2048":["https:\/\/arantv.az\/wp-content\/uploads\/2020\/04\/ilham-aliyev987.jpg",620,363,false],"post-thumbnail":["https:\/\/arantv.az\/wp-content\/uploads\/2020\/04\/ilham-aliyev987-240x172.jpg",240,172,true],"advps-thumb-one":["https:\/\/arantv.az\/wp-content\/uploads\/2020\/04\/ilham-aliyev987.jpg",620,363,false]},"rttpg_author":{"display_name":"V\u00fcsal Rafiqo\u011flu","author_link":"https:\/\/arantv.az\/?author=2"},"rttpg_comment":0,"rttpg_category":"<a href=\"https:\/\/arantv.az\/?cat=1\" rel=\"category\">C\u0259miyy\u0259t<\/a>","rttpg_excerpt":"\u201c\u0130nzibati x\u0259talar haqq\u0131nda i\u015fl\u0259r\u0259 baxma\u011fa s\u0259lahiyy\u0259ti olan v\u0259zif\u0259li \u015f\u0259xsl\u0259rin Siyah\u0131s\u0131\u201dnda d\u0259yi\u015fiklik edilib. Bununla ba\u011fl\u0131 Prezident \u0130lham \u018fliyev m\u00fcvafiq f\u0259rman\u00a0imzalay\u0131b. Bununla da, s\u0259n\u0259din 2.2 v\u0259 2.4-c\u00fc b\u0259ndl\u0259ri d\u0259yi\u015fdirilib. Qeyd ed\u0259k ki, \u00fcmumilikd\u0259 2-ci b\u0259nd Daxili \u0130\u015fl\u0259r Nazirliyi ad\u0131ndan inzibati x\u0259talar haqq\u0131nda i\u015fl\u0259r\u0259 baxma\u011fa s\u0259lahiyy\u0259ti olan v\u0259zif\u0259li \u015f\u0259xsl\u0259rl\u0259 ba\u011fl\u0131d\u0131r. F\u0259rmanla 2.2-ci v\u0259 2.4-c\u00fc b\u0259ndl\u0259r\u0259 \u201c322.0.2\u201d r\u0259q\u0259ml\u0259rind\u0259n \u0259vv\u0259l&hellip;","_links":{"self":[{"href":"https:\/\/arantv.az\/index.php?rest_route=\/wp\/v2\/posts\/150668"}],"collection":[{"href":"https:\/\/arantv.az\/index.php?rest_route=\/wp\/v2\/posts"}],"about":[{"href":"https:\/\/arantv.az\/index.php?rest_route=\/wp\/v2\/types\/post"}],"author":[{"embeddable":true,"href":"https:\/\/arantv.az\/index.php?rest_route=\/wp\/v2\/users\/2"}],"replies":[{"embeddable":true,"href":"https:\/\/arantv.az\/index.php?rest_route=%2Fwp%2Fv2%2Fcomments&post=150668"}],"version-history":[{"count":0,"href":"https:\/\/arantv.az\/index.php?rest_route=\/wp\/v2\/posts\/150668\/revisions"}],"wp:featuredmedia":[{"embeddable":true,"href":"https:\/\/arantv.az\/index.php?rest_route=\/wp\/v2\/media\/150669"}],"wp:attachment":[{"href":"https:\/\/arantv.az\/index.php?rest_route=%2Fwp%2Fv2%2Fmedia&parent=150668"}],"wp:term":[{"taxonomy":"category","embeddable":true,"href":"https:\/\/arantv.az\/index.php?rest_route=%2Fwp%2Fv2%2Fcategories&post=150668"},{"taxonomy":"post_tag","embeddable":true,"href":"https:\/\/arantv.az\/index.php?rest_route=%2Fwp%2Fv2%2Ftags&post=150668"}],"curies":[{"name":"wp","href":"https:\/\/api.w.org\/{rel}","templated":true}]}}