{"id":150676,"date":"2020-04-13T17:15:28","date_gmt":"2020-04-13T14:15:28","guid":{"rendered":"http:\/\/arantv.az\/?p=150676"},"modified":"2020-04-13T17:15:28","modified_gmt":"2020-04-13T14:15:28","slug":"sevil-mikayilova-az%c9%99rbaycan-dovl%c9%99ti-h%c9%99r-cur-t%c9%99hdid%c9%99-cevik-reaksiya-verm%c9%99k-gucund%c9%99-oldugunu-bir-daha-gost%c9%99rdi-video","status":"publish","type":"post","link":"https:\/\/arantv.az\/?p=150676","title":{"rendered":"Sevil Mikay\u0131lova: Az\u0259rbaycan d\u00f6vl\u0259ti h\u0259r c\u00fcr t\u0259hdid\u0259 \u00e7evik reaksiya verm\u0259k g\u00fcc\u00fcnd\u0259 oldu\u011funu bir daha g\u00f6st\u0259rdi &#8211; V\u0130DEO"},"content":{"rendered":"<div class=\"article_text\">\n<p>&#8220;Az\u0259rbaycan d\u00f6vl\u0259ti ist\u0259nil\u0259n anda h\u0259r c\u00fcr t\u0259hdid\u0259 \u00e7evik reaksiya verm\u0259k g\u00fcc\u00fcnd\u0259 oldu\u011funu bir daha s\u00fcbut etdi&#8221;.<\/p>\n<p>ARANTV.AZ x\u0259b\u0259r verir ki, bunu\u00a0<a href=\"https:\/\/az.trend.az\/\" target=\"_blank\" rel=\"noopener\">Trend<\/a>\u00a0\u0130nformasiya Agentliyinin &#8220;PREZ\u0130DENT. M\u00fcst\u0259qillik. T\u0259hl\u00fck\u0259sizlik. Rifah&#8221; adl\u0131 video layih\u0259sin\u0259 m\u00fcsahib\u0259sind\u0259 Milli M\u0259clisin deputat\u0131 Sevil Mikay\u0131lova deyib.<\/p>\n<p>S.Mikay\u0131lova bildirib ki, aprelin 6-da Az\u0259rbaycan Respublikas\u0131n\u0131n Prezidenti \u0130lham \u018fliyev v\u0259 birinci xan\u0131m Mehriban \u018fliyevan\u0131n i\u015ftirak\u0131 il\u0259 Sumqay\u0131t Kimya S\u0259naye Park\u0131nda tibbi maska istehsal\u0131 m\u00fc\u0259ssis\u0259sinin a\u00e7\u0131l\u0131\u015f\u0131 bir daha Az\u0259rbaycan iqtisadiyyat\u0131n\u0131n dayan\u0131ql\u0131 v\u0259 ist\u0259nil\u0259n v\u0259ziyy\u0259t\u0259 haz\u0131rl\u0131ql\u0131 oldu\u011funu n\u00fcmayi\u015f etdirdi:<\/p>\n<p>&#8220;Koronavirusun d\u00fcnyan\u0131 t\u0259\u015fvi\u015f\u0259 sald\u0131\u011f\u0131 bir vaxtda \u00f6lk\u0259mizd\u0259 bel\u0259 bir vacib m\u00fc\u0259ssis\u0259nin q\u0131sa bir m\u00fcdd\u0259t \u0259rzind\u0259 f\u0259aliyy\u0259t\u0259 ba\u015flamas\u0131 onu g\u00f6st\u0259rdi ki, Az\u0259rbaycan\u0131n iqtisadi infrastrukturu ist\u0259nil\u0259n t\u0259hdidl\u0259r\u0259 v\u0259 f\u00f6vq\u0259lad\u0259 hallara tam \u015f\u0259kild\u0259 haz\u0131rd\u0131r v\u0259 \u00e7evik transformasiya etm\u0259k, h\u0259m\u00e7inin ist\u0259nil\u0259n istehsalata ba\u015flamaq imkanlar\u0131na malikdir. \u018fhali bir daha \u0259min oldu ki, Az\u0259rbaycan Prezidenti \u0130lham \u018fliyev h\u0259r zaman v\u0259t\u0259nda\u015f\u0131n rifah\u0131n\u0131, sa\u011flaml\u0131\u011f\u0131n\u0131, s\u0259hh\u0259tini \u00f6nd\u0259 tutur v\u0259 ist\u0259nil\u0259n anda d\u00f6vl\u0259t bu c\u00fcr t\u0259hdidl\u0259r\u0259 \u00e7evik reaksiya verm\u0259k g\u00fcc\u00fcnd\u0259dir. Bizim iqtisadi infrastrukturumuz buna imkan verir, \u00e7\u00fcnki uzun ill\u0259r \u0259rzind\u0259 Az\u0259rbaycan iqtisadiyyat\u0131 b\u00f6y\u00fck inki\u015faf yolu ke\u00e7ib. \u018flb\u0259tt\u0259 ki, bel\u0259 bir z\u0259ruri m\u00fc\u0259ssis\u0259nin q\u0131sa zaman \u0259rzind\u0259 i\u015f\u0259 d\u00fc\u015fm\u0259si indiy\u0259 q\u0259d\u0259r c\u0259nab Prezident \u0130lham \u018fliyevin r\u0259hb\u0259rliyi alt\u0131nda \u00f6lk\u0259mizd\u0259 ged\u0259n iqtisadi inki\u015faf\u0131n n\u0259tic\u0259sind\u0259 m\u00fcmk\u00fcn oldu. Bu, bir g\u00fcn\u00fcn i\u00e7\u0259risind\u0259 ba\u015f verm\u0259di, uzun ill\u0259r idi ki, iqtisadiyyat\u0131m\u0131z\u0131n qorunmas\u0131 v\u0259 inki\u015faf etm\u0259si istiqam\u0259tind\u0259 m\u00fch\u00fcm i\u015fl\u0259r g\u00f6r\u00fcl\u00fcrd\u00fc&#8221;.<\/p>\n<p>S.Mikay\u0131lova qeyd edib ki, Az\u0259rbaycanda davam ed\u0259n iqtisadi inki\u015faf prosesi uzun ill\u0259rdir ki, n\u00fcfuzlu beyn\u0259lxalq t\u0259\u015fkilatlar, o c\u00fcml\u0259d\u0259n Davos Forumu, D\u00fcnya Bank\u0131 t\u0259r\u0259find\u0259n y\u00fcks\u0259k qiym\u0259tl\u0259ndirilir:<\/p>\n<p>&#8220;Beyn\u0259lxalq t\u0259\u015fkilatlar h\u0259mi\u015f\u0259 Az\u0259rbaycan iqtisadiyyat\u0131n\u0131n g\u00fccl\u00fc v\u0259 dayan\u0131ql\u0131 iqtisadiyyat oldu\u011funu qeyd edirdil\u0259r. Bu g\u00fcn bir daha s\u00fcbut olundu ki, iqtisadiyyat\u0131m\u0131z bizi qoruma\u011fa tam \u015f\u0259kild\u0259 haz\u0131rd\u0131r&#8221;.<\/p>\n<p>Koronavirusla m\u00fcbariz\u0259d\u0259 m\u00fch\u00fcm \u0259h\u0259miyy\u0259t k\u0259sb ed\u0259n test m\u00fcayin\u0259l\u0259rinin say\u0131na g\u00f6r\u0259 \u00f6lk\u0259mizin d\u00fcnyada \u00f6n s\u0131ralarda olmas\u0131 m\u0259s\u0259l\u0259sin\u0259 toxunan mill\u0259t v\u0259kili vur\u011fulay\u0131b ki, bu g\u00fcn biz geriy\u0259 bax\u0131b dey\u0259 bil\u0259rik ki, g\u00f6r\u00fclm\u00fc\u015f t\u0259dbirl\u0259rin n\u0259tic\u0259sidir ki, Az\u0259rbaycanda yoluxma hallar\u0131 y\u00fcks\u0259k deyil:<\/p>\n<p>&#8220;G\u00f6r\u00fcl\u0259n t\u0259dbirl\u0259r n\u0259tic\u0259sind\u0259 virusun geni\u015f yay\u0131lmas\u0131n\u0131n qar\u015f\u0131s\u0131n\u0131 almaq m\u00fcmk\u00fcn olub v\u0259 \u00f6l\u00fcm say\u0131 da a\u015fa\u011f\u0131 s\u0259viyy\u0259d\u0259dir. D\u00f6vl\u0259tin g\u00f6rd\u00fcy\u00fc i\u015fl\u0259r, eyni zamanda hadis\u0259l\u0259rin g\u0259l\u0259c\u0259k inki\u015faf\u0131n\u0131 qabaqlay\u0131r. Az\u0259rbaycan az \u00f6lk\u0259l\u0259rd\u0259n idi ki, yeni m\u00fcasir laboratoriyalar ald\u0131 v\u0259 istifad\u0259 etm\u0259y\u0259 ba\u015flad\u0131. Bu g\u00fcn, eyni zamanda Az\u0259rbaycan testl\u0259rd\u0259n istifad\u0259 edir. \u00dcmumd\u00fcnya S\u0259hiyy\u0259 T\u0259\u015fkilat\u0131n\u0131n m\u0259ruz\u0259sind\u0259 d\u0259 qeyd olunurdu ki, Az\u0259rbaycan m\u00fcayin\u0259 say\u0131na g\u00f6r\u0259 bir \u00e7ox \u00f6lk\u0259l\u0259ri, o c\u00fcml\u0259d\u0259n bir s\u0131ra Avropa \u00f6lk\u0259l\u0259rini gerid\u0259 qoyur. Bu m\u00fcayin\u0259l\u0259r h\u0259min x\u0259st\u0259l\u0259ri vaxt\u0131nda a\u015fkar etm\u0259y\u0259 v\u0259 onlar\u0131 izolyasiya ed\u0259r\u0259k ba\u015fqalar\u0131n\u0131 da yoluxdurma\u011f\u0131n qar\u015f\u0131s\u0131n\u0131 alma\u011fa imkan verib&#8221;.<\/p>\n<p>Deputat, h\u0259m\u00e7inin pandemiya d\u00f6vr\u00fcnd\u0259 d\u00f6v\u0259t t\u0259r\u0259find\u0259n sosial paketin v\u0259 sahibkarlara d\u0259st\u0259yin h\u0259yata ke\u00e7irilm\u0259si haqq\u0131nda dan\u0131\u015f\u0131b. O vur\u011fulay\u0131b ki, Az\u0259rbaycan d\u00f6vl\u0259ti v\u0259t\u0259nda\u015f\u0131n yan\u0131nda oldu\u011funu s\u00fcbut etdi v\u0259 insanlar\u0131n az t\u0259sir\u0259 m\u0259ruz qalmas\u0131 \u00fc\u00e7\u00fcn bu c\u00fcr sosial paketi c\u0259miyy\u0259t\u0259 t\u0259qdim etdi:<\/p>\n<p>&#8220;\u0130\u015fl\u0259m\u0259y\u0259n \u0259halimiz d\u00f6vl\u0259td\u0259n d\u0259st\u0259k alacaq, eyni zamanda sahibkarl\u0131q subyektl\u0259ri d\u0259 d\u00f6vl\u0259td\u0259n maliyy\u0259 yard\u0131m\u0131 alacaq, pensiyalar vaxt\u0131ndan \u0259vv\u0259l veril\u0259c\u0259k. Y\u0259ni insanlar\u0131 narahat ed\u0259n m\u0259s\u0259l\u0259l\u0259rd\u0259 d\u00f6vl\u0259t m\u00fcvafiq add\u0131mlar at\u0131b v\u0259 atmaqda davam edir. Eyni zamanda c\u0259nab Prezident \u0130lham \u018fliyev d\u00fcnyada koronavirus (COV\u0130D-19) infeksiyas\u0131n\u0131n yay\u0131lmas\u0131 il\u0259 \u0259laq\u0259dar ya\u015f\u0131na v\u0259 s\u0259hh\u0259tin\u0259 g\u00f6r\u0259 x\u00fcsusi qay\u011f\u0131ya ehtiyac duyan ya\u015f\u0131 65-d\u0259n yuxar\u0131 olan m\u0259hkumlar \u0259fv edilm\u0259si il\u0259 ba\u011fl\u0131 s\u0259r\u0259ncam imzalad\u0131. Bu, misli g\u00f6r\u00fcnm\u0259y\u0259n bir humanizmdir. Y\u0259ni, bel\u0259 bir d\u00f6n\u0259md\u0259 d\u0259 c\u0259nab Prezident \u0130lham \u018fliyev h\u0259r bir v\u0259t\u0259nda\u015f\u0131n sa\u011flaml\u0131\u011f\u0131n\u0131 diqq\u0259td\u0259 saxlay\u0131r. Bu add\u0131m c\u0259miyy\u0259timizd\u0259 \u00e7ox b\u00f6y\u00fck r\u0259\u011fb\u0259t hissi il\u0259 qar\u015f\u0131land\u0131&#8221;.<\/p>\n<p><strong>Milli.Az<\/strong><\/p>\n<p><iframe loading=\"lazy\" src=\"https:\/\/www.trend.az\/player.php?f=%20https:\/\/cdn.trend.az\/2020\/04\/11\/video_prezident_57_bolum_110420.mp4\" width=\"100%\" height=\"360\" frameborder=\"0\" allowfullscreen=\"allowfullscreen\" data-mce-fragment=\"1\"><\/iframe><\/p>\n<\/div>\n<div class=\"social-banner\"><a href=\"https:\/\/www.facebook.com\/MilliAz\/\" target=\"_blank\" rel=\"noopener\"><img src=\"https:\/\/news.milli.az\/images\/facebook-icon.png\" \/>\u00a0Di<\/a><\/div>\n","protected":false},"excerpt":{"rendered":"<p>&#8220;Az\u0259rbaycan d\u00f6vl\u0259ti ist\u0259nil\u0259n anda h\u0259r c\u00fcr t\u0259hdid\u0259 \u00e7evik reaksiya verm\u0259k g\u00fcc\u00fcnd\u0259 oldu\u011funu bir daha s\u00fcbut etdi&#8221;. ARANTV.AZ x\u0259b\u0259r verir ki, bunu\u00a0Trend\u00a0\u0130nformasiya Agentliyinin &#8220;PREZ\u0130DENT. M\u00fcst\u0259qillik. T\u0259hl\u00fck\u0259sizlik. Rifah&#8221; adl\u0131 video layih\u0259sin\u0259 m\u00fcsahib\u0259sind\u0259 Milli M\u0259clisin deputat\u0131 Sevil Mikay\u0131lova deyib. S.Mikay\u0131lova bildirib ki, aprelin 6-da Az\u0259rbaycan Respublikas\u0131n\u0131n Prezidenti \u0130lham \u018fliyev v\u0259 birinci xan\u0131m Mehriban \u018fliyevan\u0131n i\u015ftirak\u0131 il\u0259 Sumqay\u0131t Kimya S\u0259naye Park\u0131nda tibbi maska istehsal\u0131 m\u00fc\u0259ssis\u0259sinin a\u00e7\u0131l\u0131\u015f\u0131 bir daha Az\u0259rbaycan iqtisadiyyat\u0131n\u0131n dayan\u0131ql\u0131 v\u0259 ist\u0259nil\u0259n v\u0259ziyy\u0259t\u0259 haz\u0131rl\u0131ql\u0131 oldu\u011funu n\u00fcmayi\u015f etdirdi: &#8220;Koronavirusun d\u00fcnyan\u0131 t\u0259\u015fvi\u015f\u0259 sald\u0131\u011f\u0131 bir vaxtda \u00f6lk\u0259mizd\u0259 bel\u0259 bir vacib m\u00fc\u0259ssis\u0259nin q\u0131sa bir m\u00fcdd\u0259t \u0259rzind\u0259 f\u0259aliyy\u0259t\u0259&hellip;<\/p>\n","protected":false},"author":2,"featured_media":150677,"comment_status":"closed","ping_status":"closed","sticky":false,"template":"","format":"standard","meta":{"om_disable_all_campaigns":false,"_monsterinsights_skip_tracking":false,"_monsterinsights_sitenote_active":false,"_monsterinsights_sitenote_note":"","_monsterinsights_sitenote_category":0},"categories":[19],"tags":[],"aioseo_notices":[],"gutentor_comment":0,"rttpg_featured_image_url":{"full":["https:\/\/arantv.az\/wp-content\/uploads\/2020\/04\/841709.jpg",800,600,false],"landscape":["https:\/\/arantv.az\/wp-content\/uploads\/2020\/04\/841709.jpg",800,600,false],"portraits":["https:\/\/arantv.az\/wp-content\/uploads\/2020\/04\/841709.jpg",800,600,false],"thumbnail":["https:\/\/arantv.az\/wp-content\/uploads\/2020\/04\/841709-150x150.jpg",150,150,true],"medium":["https:\/\/arantv.az\/wp-content\/uploads\/2020\/04\/841709-300x225.jpg",300,225,true],"large":["https:\/\/arantv.az\/wp-content\/uploads\/2020\/04\/841709.jpg",640,480,false],"1536x1536":["https:\/\/arantv.az\/wp-content\/uploads\/2020\/04\/841709.jpg",800,600,false],"2048x2048":["https:\/\/arantv.az\/wp-content\/uploads\/2020\/04\/841709.jpg",800,600,false],"post-thumbnail":["https:\/\/arantv.az\/wp-content\/uploads\/2020\/04\/841709-240x172.jpg",240,172,true],"advps-thumb-one":["https:\/\/arantv.az\/wp-content\/uploads\/2020\/04\/841709.jpg",800,600,false]},"rttpg_author":{"display_name":"V\u00fcsal Rafiqo\u011flu","author_link":"https:\/\/arantv.az\/?author=2"},"rttpg_comment":0,"rttpg_category":"<a href=\"https:\/\/arantv.az\/?cat=19\" rel=\"category\">G\u00fcnd\u0259m<\/a>","rttpg_excerpt":"&#8220;Az\u0259rbaycan d\u00f6vl\u0259ti ist\u0259nil\u0259n anda h\u0259r c\u00fcr t\u0259hdid\u0259 \u00e7evik reaksiya verm\u0259k g\u00fcc\u00fcnd\u0259 oldu\u011funu bir daha s\u00fcbut etdi&#8221;. ARANTV.AZ x\u0259b\u0259r verir ki, bunu\u00a0Trend\u00a0\u0130nformasiya Agentliyinin &#8220;PREZ\u0130DENT. M\u00fcst\u0259qillik. T\u0259hl\u00fck\u0259sizlik. Rifah&#8221; adl\u0131 video layih\u0259sin\u0259 m\u00fcsahib\u0259sind\u0259 Milli M\u0259clisin deputat\u0131 Sevil Mikay\u0131lova deyib. S.Mikay\u0131lova bildirib ki, aprelin 6-da Az\u0259rbaycan Respublikas\u0131n\u0131n Prezidenti \u0130lham \u018fliyev v\u0259 birinci xan\u0131m Mehriban \u018fliyevan\u0131n i\u015ftirak\u0131 il\u0259 Sumqay\u0131t Kimya&hellip;","_links":{"self":[{"href":"https:\/\/arantv.az\/index.php?rest_route=\/wp\/v2\/posts\/150676"}],"collection":[{"href":"https:\/\/arantv.az\/index.php?rest_route=\/wp\/v2\/posts"}],"about":[{"href":"https:\/\/arantv.az\/index.php?rest_route=\/wp\/v2\/types\/post"}],"author":[{"embeddable":true,"href":"https:\/\/arantv.az\/index.php?rest_route=\/wp\/v2\/users\/2"}],"replies":[{"embeddable":true,"href":"https:\/\/arantv.az\/index.php?rest_route=%2Fwp%2Fv2%2Fcomments&post=150676"}],"version-history":[{"count":0,"href":"https:\/\/arantv.az\/index.php?rest_route=\/wp\/v2\/posts\/150676\/revisions"}],"wp:featuredmedia":[{"embeddable":true,"href":"https:\/\/arantv.az\/index.php?rest_route=\/wp\/v2\/media\/150677"}],"wp:attachment":[{"href":"https:\/\/arantv.az\/index.php?rest_route=%2Fwp%2Fv2%2Fmedia&parent=150676"}],"wp:term":[{"taxonomy":"category","embeddable":true,"href":"https:\/\/arantv.az\/index.php?rest_route=%2Fwp%2Fv2%2Fcategories&post=150676"},{"taxonomy":"post_tag","embeddable":true,"href":"https:\/\/arantv.az\/index.php?rest_route=%2Fwp%2Fv2%2Ftags&post=150676"}],"curies":[{"name":"wp","href":"https:\/\/api.w.org\/{rel}","templated":true}]}}