{"id":150696,"date":"2020-04-13T18:49:22","date_gmt":"2020-04-13T15:49:22","guid":{"rendered":"http:\/\/arantv.az\/?p=150696"},"modified":"2020-04-13T18:49:28","modified_gmt":"2020-04-13T15:49:28","slug":"katolik-dunyasinda-ilk-d%c9%99f%c9%99-bos-kils%c9%99d%c9%99-konsert-verildi-video","status":"publish","type":"post","link":"https:\/\/arantv.az\/?p=150696","title":{"rendered":"Katolik d\u00fcnyas\u0131nda ilk d\u0259f\u0259 bo\u015f kils\u0259d\u0259 konsert verildi &#8211; V\u0130DEO"},"content":{"rendered":"<article class=\"news\">\n<div class=\"news-inner\">\n<p>M\u00fcxt\u0259lif \u00f6lk\u0259l\u0259rd\u0259 ya\u015fayan milyonlarla insan x\u00fcsusi konsert tama\u015fas\u0131n\u0131n \u015fahidi olublar.<\/p>\n<p>REN TV x\u0259b\u0259r verir ki, konsert katolik pasxas\u0131 g\u00fcnl\u0259rind\u0259 \u0130taliyada t\u0259\u015fkil olunub.<\/p>\n<div id=\"AdviadNativeVideo0\" class=\"AdviadNativeVideo\"><\/div>\n<p>M\u0259\u015fhur opera ifa\u00e7\u0131s\u0131 Andrea Bo\u00e7elli COVID-19-la \u0259laq\u0259dar dindarlar\u0131n ziyar\u0259ti \u00fc\u00e7\u00fcn qapal\u0131 olan Milan Kafedral kils\u0259sind\u0259 konsert verib.<\/p>\n<p>A.Bo\u00e7elli kils\u0259 m\u00f6vzusunda bir ne\u00e7\u0259 musiqi \u0259s\u0259ri ifa edib v\u0259 t\u0259dbiri \u201c\u00dcmid konserti\u201d adland\u0131r\u0131b.<\/p>\n<div><iframe loading=\"lazy\" src=\"https:\/\/player.baku.tv\/embed\/17049\" width=\"560\" height=\"315\" frameborder=\"0\" allowfullscreen=\"allowfullscreen\" data-mce-fragment=\"1\"><\/iframe><\/div>\n<\/div>\n<\/article>\n<h2 class=\"news-share-title\"><\/h2>\n","protected":false},"excerpt":{"rendered":"<p>M\u00fcxt\u0259lif \u00f6lk\u0259l\u0259rd\u0259 ya\u015fayan milyonlarla insan x\u00fcsusi konsert tama\u015fas\u0131n\u0131n \u015fahidi olublar. REN TV x\u0259b\u0259r verir ki, konsert katolik pasxas\u0131 g\u00fcnl\u0259rind\u0259 \u0130taliyada t\u0259\u015fkil olunub. M\u0259\u015fhur opera ifa\u00e7\u0131s\u0131 Andrea Bo\u00e7elli COVID-19-la \u0259laq\u0259dar dindarlar\u0131n ziyar\u0259ti \u00fc\u00e7\u00fcn qapal\u0131 olan Milan Kafedral kils\u0259sind\u0259 konsert verib. A.Bo\u00e7elli kils\u0259 m\u00f6vzusunda bir ne\u00e7\u0259 musiqi \u0259s\u0259ri ifa edib v\u0259 t\u0259dbiri \u201c\u00dcmid konserti\u201d adland\u0131r\u0131b.<\/p>\n","protected":false},"author":2,"featured_media":150697,"comment_status":"closed","ping_status":"closed","sticky":false,"template":"","format":"standard","meta":{"om_disable_all_campaigns":false,"_monsterinsights_skip_tracking":false,"_monsterinsights_sitenote_active":false,"_monsterinsights_sitenote_note":"","_monsterinsights_sitenote_category":0},"categories":[24],"tags":[],"aioseo_notices":[],"gutentor_comment":0,"rttpg_featured_image_url":{"full":["https:\/\/arantv.az\/wp-content\/uploads\/2020\/04\/92745535_229286911464790_3956221275449327616_n.jpg",620,349,false],"landscape":["https:\/\/arantv.az\/wp-content\/uploads\/2020\/04\/92745535_229286911464790_3956221275449327616_n.jpg",620,349,false],"portraits":["https:\/\/arantv.az\/wp-content\/uploads\/2020\/04\/92745535_229286911464790_3956221275449327616_n.jpg",620,349,false],"thumbnail":["https:\/\/arantv.az\/wp-content\/uploads\/2020\/04\/92745535_229286911464790_3956221275449327616_n-150x150.jpg",150,150,true],"medium":["https:\/\/arantv.az\/wp-content\/uploads\/2020\/04\/92745535_229286911464790_3956221275449327616_n-300x169.jpg",300,169,true],"large":["https:\/\/arantv.az\/wp-content\/uploads\/2020\/04\/92745535_229286911464790_3956221275449327616_n.jpg",620,349,false],"1536x1536":["https:\/\/arantv.az\/wp-content\/uploads\/2020\/04\/92745535_229286911464790_3956221275449327616_n.jpg",620,349,false],"2048x2048":["https:\/\/arantv.az\/wp-content\/uploads\/2020\/04\/92745535_229286911464790_3956221275449327616_n.jpg",620,349,false],"post-thumbnail":["https:\/\/arantv.az\/wp-content\/uploads\/2020\/04\/92745535_229286911464790_3956221275449327616_n-240x172.jpg",240,172,true],"advps-thumb-one":["https:\/\/arantv.az\/wp-content\/uploads\/2020\/04\/92745535_229286911464790_3956221275449327616_n.jpg",620,349,false]},"rttpg_author":{"display_name":"V\u00fcsal Rafiqo\u011flu","author_link":"https:\/\/arantv.az\/?author=2"},"rttpg_comment":0,"rttpg_category":"<a href=\"https:\/\/arantv.az\/?cat=24\" rel=\"category\">Maraql\u0131<\/a>","rttpg_excerpt":"M\u00fcxt\u0259lif \u00f6lk\u0259l\u0259rd\u0259 ya\u015fayan milyonlarla insan x\u00fcsusi konsert tama\u015fas\u0131n\u0131n \u015fahidi olublar. REN TV x\u0259b\u0259r verir ki, konsert katolik pasxas\u0131 g\u00fcnl\u0259rind\u0259 \u0130taliyada t\u0259\u015fkil olunub. M\u0259\u015fhur opera ifa\u00e7\u0131s\u0131 Andrea Bo\u00e7elli COVID-19-la \u0259laq\u0259dar dindarlar\u0131n ziyar\u0259ti \u00fc\u00e7\u00fcn qapal\u0131 olan Milan Kafedral kils\u0259sind\u0259 konsert verib. A.Bo\u00e7elli kils\u0259 m\u00f6vzusunda bir ne\u00e7\u0259 musiqi \u0259s\u0259ri ifa edib v\u0259 t\u0259dbiri \u201c\u00dcmid konserti\u201d adland\u0131r\u0131b.","_links":{"self":[{"href":"https:\/\/arantv.az\/index.php?rest_route=\/wp\/v2\/posts\/150696"}],"collection":[{"href":"https:\/\/arantv.az\/index.php?rest_route=\/wp\/v2\/posts"}],"about":[{"href":"https:\/\/arantv.az\/index.php?rest_route=\/wp\/v2\/types\/post"}],"author":[{"embeddable":true,"href":"https:\/\/arantv.az\/index.php?rest_route=\/wp\/v2\/users\/2"}],"replies":[{"embeddable":true,"href":"https:\/\/arantv.az\/index.php?rest_route=%2Fwp%2Fv2%2Fcomments&post=150696"}],"version-history":[{"count":0,"href":"https:\/\/arantv.az\/index.php?rest_route=\/wp\/v2\/posts\/150696\/revisions"}],"wp:featuredmedia":[{"embeddable":true,"href":"https:\/\/arantv.az\/index.php?rest_route=\/wp\/v2\/media\/150697"}],"wp:attachment":[{"href":"https:\/\/arantv.az\/index.php?rest_route=%2Fwp%2Fv2%2Fmedia&parent=150696"}],"wp:term":[{"taxonomy":"category","embeddable":true,"href":"https:\/\/arantv.az\/index.php?rest_route=%2Fwp%2Fv2%2Fcategories&post=150696"},{"taxonomy":"post_tag","embeddable":true,"href":"https:\/\/arantv.az\/index.php?rest_route=%2Fwp%2Fv2%2Ftags&post=150696"}],"curies":[{"name":"wp","href":"https:\/\/api.w.org\/{rel}","templated":true}]}}