{"id":150700,"date":"2020-04-13T18:50:45","date_gmt":"2020-04-13T15:50:45","guid":{"rendered":"http:\/\/arantv.az\/?p=150700"},"modified":"2020-04-13T18:50:45","modified_gmt":"2020-04-13T15:50:45","slug":"ziyad-s%c9%99m%c9%99dzad%c9%99-gund%c9%99n-gun%c9%99-artan-ciddil%c9%99s%c9%99n-t%c9%99dbirl%c9%99rin-n%c9%99tic%c9%99sind%c9%99-biz-artiq-koronavirus-b%c9%99lasindan-qurtulmaga-dogru-yaxinlasiriq","status":"publish","type":"post","link":"https:\/\/arantv.az\/?p=150700","title":{"rendered":"Ziyad S\u0259m\u0259dzad\u0259: &#8220;G\u00fcnd\u0259n-g\u00fcn\u0259 artan, ciddil\u0259\u015f\u0259n t\u0259dbirl\u0259rin n\u0259tic\u0259sind\u0259 biz art\u0131q koronavirus b\u0259las\u0131ndan qurtulma\u011fa do\u011fru yax\u0131nla\u015f\u0131r\u0131q&#8221;"},"content":{"rendered":"<p><strong>Az\u0259rbaycan d\u00fcnyan\u0131n nadir \u00f6lk\u0259l\u0259rind\u0259n biridir ki, bu b\u00f6y\u00fck b\u0259laya-koronavirus pandemiyas\u0131na qar\u015f\u0131 sistemli m\u00fcbariz\u0259 apar\u0131r.<\/strong><\/p>\n<p>ARANTV.AZ bildirir ki, bunu\u00a0<a href=\"http:\/\/az.trend.az\/\" target=\"_blank\" rel=\"noopener\">Trend<\/a>-\u0259\u00a0a\u00e7\u0131qlamas\u0131nda Milli M\u0259clisin deputat\u0131, akademik Ziyad S\u0259m\u0259dzad\u0259 bildirib.<\/p>\n<p>Deputat \u0259lav\u0259 edib ki, m\u0259s\u0259l\u0259 il\u0259 ba\u011fl\u0131 b\u0259zi r\u0259q\u0259ml\u0259ri m\u00fcqayis\u0259 etm\u0259k olar:<\/p>\n<p>&#8220;AB\u015e-\u0131n \u0259halisi Az\u0259rbaycan \u0259halisind\u0259n 35 d\u0259f\u0259 \u00e7ox olsa da, orada koronavirusa yoluxanlar\u0131 say\u0131 bizd\u0259kind\u0259n 500 d\u0259f\u0259 y\u00fcks\u0259kdir. Yaxud da, \u0130taliyan\u0131n \u0259halisi Az\u0259rbaycan \u0259halisind\u0259n 6-7 d\u0259f\u0259 \u00e7oxdur, amma orada koronavirusa yoluxanlar\u0131n say\u0131 bizd\u0259kind\u0259n 100 d\u0259f\u0259 y\u00fcks\u0259kdir. N\u0259 \u00fc\u00e7\u00fcn bel\u0259 bir f\u0259rq yaran\u0131b? F\u0259rq ona g\u00f6r\u0259 yaran\u0131b ki, Az\u0259rbaycan d\u00f6vl\u0259ti, Prezident \u0130lham \u018fliyev ilk g\u00fcnd\u0259n bu b\u0259laya qar\u015f\u0131 m\u00fcbariz\u0259y\u0259 ham\u0131n\u0131 b\u00fct\u00f6vl\u00fckd\u0259 s\u0259f\u0259rb\u0259r edib, s\u0259r\u0259ncamlar, f\u0259rmanlar imzalay\u0131b. Birinci vitse-prezident Mehriban xan\u0131m \u018fliyeva iki d\u0259f\u0259 Az\u0259rbaycan xalq\u0131na m\u00fcraci\u0259t edib. G\u00fcnd\u0259n-g\u00fcn\u0259 artan, ciddil\u0259\u015f\u0259n t\u0259dbirl\u0259rin n\u0259tic\u0259sind\u0259 biz art\u0131q bu b\u0259ladan qurtulma\u011fa do\u011fru yax\u0131nla\u015f\u0131r\u0131q.<\/p>\n<p>Amma g\u00f6r\u00fcl\u0259si i\u015fl\u0259rimiz d\u0259 \u00e7oxdur v\u0259 onlardan biri d\u0259 ham\u0131n\u0131n, Az\u0259rbaycan d\u00f6vl\u0259tinin s\u0259sl\u0259ndirdiyi &#8220;Evd\u0259 qal, sa\u011flam qal!&#8221; kampaniyas\u0131d\u0131r. Bu kampaniya insanlar\u0131n, xalq\u0131n sa\u011flaml\u0131\u011f\u0131n\u0131n qorunmas\u0131 \u00fc\u00e7\u00fcn apar\u0131lan kampaniyad\u0131r. Bu, bizim \u0259traf\u0131m\u0131zda olan u\u015faqlar\u0131m\u0131z\u0131n, \u00f6vladlar\u0131m\u0131z\u0131n, n\u0259v\u0259l\u0259rimizin, b\u00fct\u00fcn insanlar\u0131m\u0131z\u0131n qorunmas\u0131 \u00fc\u00e7\u00fcn \u00e7ox vacibdir. M\u0259n d\u0259 bu kampaniyan\u0131 \u00e7ox m\u0259hsuldar ke\u00e7irir\u0259m, gec\u0259-g\u00fcnd\u00fcz i\u015fl\u0259yir\u0259m ki, bo\u015f vaxt\u0131m qalmas\u0131n. M\u0259n onsuz da bo\u015f-bekar dayanan insan deyil\u0259m, h\u0259m evin i\u00e7ind\u0259 h\u0259r g\u00fcn g\u00fcn on min add\u0131m g\u0259zir\u0259m, h\u0259m d\u0259 yaz\u0131ram-pozuram, dostlar\u0131mla dan\u0131\u015f\u0131ram v\u0259 sair&#8221;.<\/p>\n<p>Z. S\u0259m\u0259dzad\u0259 postpandemiya d\u00f6vr\u00fcn\u0259 d\u0259 toxunub v\u0259 Az\u0259rbaycanla ba\u011fl\u0131 nikbin oldu\u011funu deyib:<\/p>\n<p>&#8220;\u00d6lk\u0259mizl\u0259 ba\u011fl\u0131 m\u00fcsb\u0259t proqnoz verm\u0259k, nikbin dan\u0131\u015fmaq \u00fc\u00e7\u00fcn \u0259saslar\u0131m\u0131z var. Eyni zamanda, dig\u0259r m\u0259qamlar da var. Az\u0259rbaycan d\u00fcnyan\u0131n bir par\u00e7as\u0131d\u0131r. Az\u0259rbaycan 180-d\u0259n \u00e7ox \u00f6lk\u0259 il\u0259 iqtisadi \u0259m\u0259kda\u015fl\u0131q edir. Bu \u0259m\u0259kda\u015fl\u0131\u011f\u0131n s\u0259viyy\u0259si m\u00fcxt\u0259lif olsa da, balaca r\u0259q\u0259m deyil. Hesab edir\u0259m ki, bu \u00f6lk\u0259l\u0259rd\u0259 iqtisadi art\u0131m xeyli a\u015fa\u011f\u0131 d\u00fc\u015f\u0259c\u0259k. \u018fg\u0259r \u00dcmumd\u00fcnya Ticar\u0259t T\u0259\u015fkilat\u0131n\u0131n (\u00dcTT) m\u0259lumatlar\u0131na baxsaq g\u00f6r\u0259rik ki, orada d\u00fcnyada ticar\u0259tin 30-35 faiz azlaca\u011f\u0131 v\u0259 bunun ham\u0131ya t\u0259sir ed\u0259c\u0259yi qeyd olunur. Amma bizim g\u00fcc\u00fcm\u00fcz, birliyimiz bu t\u0259sirl\u0259rin minimuma endirilm\u0259si \u00fc\u00e7\u00fcn \u0259sas yarad\u0131r. C\u0259nab Prezident f\u0259rmanlar, s\u0259r\u0259ncamlar imzalay\u0131b v\u0259 bu s\u0259n\u0259dl\u0259r\u0259 \u0259sas\u0259n Az\u0259rbaycan iqtisadiyyat\u0131n\u0131n z\u0259if t\u0259r\u0259fl\u0259rini aradan qald\u0131rmaq, iqisadi inki\u015faf\u0131n azalmas\u0131n\u0131n qar\u015f\u0131s\u0131 almaq n\u0259z\u0259rd\u0259 tutulur. Nazirl\u0259r Kabinetind\u0259 Ba\u015f nazirin i\u015ftirak\u0131 v\u0259 r\u0259hb\u0259rliyi il\u0259 Operativ Q\u0259rargah yarad\u0131l\u0131b.<\/p>\n<p>M\u0259n h\u0259mi\u015f\u0259 nikbin insanam, eyni zamanda el\u0259 m\u0259s\u0259l\u0259l\u0259r var ki, onlar bizd\u0259n as\u0131l\u0131 deyil. Neftin qiym\u0259ti a\u015fa\u011f\u0131 d\u00fc\u015f\u00fcb, g\u0259lirl\u0259r azal\u0131b, ancaq Az\u0259rbaycan\u0131n son 20 ild\u0259 yaratd\u0131\u011f\u0131 iqtisadi potensial bu b\u0259ladan az itkil\u0259rl\u0259 \u00e7\u0131xma\u011fa biz\u0259 \u00e7ox g\u00fccl\u00fc m\u0259nb\u0259 yarad\u0131r. Q\u0131sa zaman k\u0259siyind\u0259 \u0130tisadiyyat, \u018fm\u0259k v\u0259 \u018fhalinin Sosila M\u00fcdafi\u0259si nazirlikl\u0259ri i\u015fsizliy\u0259, i\u015f yerl\u0259rini itirm\u0259k m\u0259cburiyy\u0259tind\u0259 qalanlara g\u00f6r\u0259 n\u0259 q\u0259d\u0259r v\u0259sait ay\u0131r\u0131b. 3 milyard manat az, balaca r\u0259q\u0259m deyil. \u0130lin-g\u00fcn\u00fcn bu vaxt\u0131nda, d\u00fcnyan\u0131n b\u00f6hran ya\u015fad\u0131\u011f\u0131 bir d\u00f6vrd\u0259 bu t\u0259dbirl\u0259r \u00fc\u00e7\u00fcn d\u00f6vl\u0259t b\u00fcdc\u0259sind\u0259n 3 milyard manat v\u0259sait ayr\u0131l\u0131b. Bu, bizim d\u00f6vl\u0259t b\u00fcdc\u0259sinin 10 faizi dem\u0259kdir. Amma eyni zamanda, Az\u0259rbaycan d\u00f6vl\u0259ti d\u0259y\u0259 bil\u0259c\u0259k ziyanlar\u0131, t\u0259sirl\u0259ri minimuma endirm\u0259k m\u00fc\u0259yy\u0259n t\u0259dbirl\u0259ri d\u0259 g\u00f6rm\u0259lidir. Biz \u00f6z\u00fcm\u00fcz\u00fc \u0259rzaqla t\u0259min etm\u0259liyik, bu, bizim-Az\u0259rbaycan xalq\u0131n\u0131n g\u0259l\u0259c\u0259yi, \u00f6lk\u0259mizin m\u00fcst\u0259qilliyi \u00fc\u00e7\u00fcnd\u00fcr. B\u0259li, b\u00f6hran\u0131n m\u00fc\u0259yy\u0259n t\u0259sirl\u0259ri olacaq, amma d\u00f6vl\u0259t bas\u00e7\u0131s\u0131n\u0131n tap\u015f\u0131r\u0131\u011f\u0131 il\u0259 g\u00f6r\u00fcl\u0259n i\u015fl\u0259r proqnozlar\u0131m\u0131z\u0131n nikbin olmas\u0131na \u0259minlik yarad\u0131r&#8221;.<\/p>\n<p>Ziyad S\u0259m\u0259dzad\u0259 bildirib ki, bizim valyuta ehtiyatlar\u0131m\u0131z var, d\u00fcnyan\u0131n he\u00e7 bir \u00f6lk\u0259sind\u0259n as\u0131l\u0131 deyilik v\u0259 m\u00fcst\u0259qil siyas\u0259t yeridirik:<\/p>\n<p>&#8220;Bizim opponentl\u0259rimiz h\u0259mi\u015f\u0259 AB\u015e-\u0131, Avropa \u00f6lk\u0259l\u0259rini n\u00fcmun\u0259 g\u00f6st\u0259rirdil\u0259r ki, bunlar demokratiyan\u0131n \u0259n uca zirv\u0259l\u0259ri, n\u00f6qt\u0259l\u0259rdir v\u0259 ya Avropa d\u0259y\u0259rl\u0259ri \u0259n y\u00fcks\u0259k d\u0259y\u0259rl\u0259rdir v\u0259 s. Budurmu Avropa d\u0259y\u0259rl\u0259ri ki, q\u0131sa zaman k\u0259siyind\u0259 onlar bir-birini tan\u0131maqdan uzaqla\u015fd\u0131lar, \u00e7\u0259tin anda bir-birind\u0259n uzaqda oldular? Ancaq iki g\u00fcn bundan \u00f6nc\u0259 \u00f6lk\u0259 Prezidentinin t\u0259\u015f\u0259bb\u00fcs\u00fc il\u0259 T\u00fcrk \u015euras\u0131n\u0131n d\u00f6vl\u0259t v\u0259 h\u00f6kum\u0259t r\u0259hb\u0259rl\u0259rinin videokonfrans vasit\u0259sil\u0259 Zirv\u0259 g\u00f6r\u00fc\u015f\u00fc ba\u015f tutdu. H\u0259r birimiz q\u00fcrur duymal\u0131y\u0131q ki, Az\u0259rbaycan d\u00fcnyada ya\u015fanan bu b\u0259laya qar\u015f\u0131 m\u00fcbariz\u0259 \u00fc\u00e7\u00fcn T\u00fcrk d\u00f6vl\u0259tl\u0259rini bir araya g\u0259tirdi, \u00dcmumd\u00fcnya S\u0259hiyy\u0259 T\u0259\u015fkilat\u0131n\u0131n (\u00dcTT) r\u0259hb\u0259ri Az\u0259rbaycan haqq\u0131nda xo\u015f s\u00f6zl\u0259r dedi. Y\u0259ni, Az\u0259rbaycan d\u00f6vl\u0259tinin g\u00f6rd\u00fcy\u00fc i\u015fl\u0259r o q\u0259d\u0259r b\u00f6y\u00fck, geni\u015f miqyasl\u0131 v\u0259 \u0259hat\u0259lidir ki, bunu h\u0259r k\u0259s d\u0259rk etm\u0259lidir. Amma b\u0259z\u0259n g\u00f6r\u00fcrs\u0259n ki, b\u0259zil\u0259ri deyil\u0259nl\u0259r\u0259 qulaq asm\u0131rlar, \u00f6zba\u015f\u0131nal\u0131q, m\u0259suliyy\u0259tsizlik edirl\u0259r. Bunlar olmamal\u0131d\u0131r&#8221;.<\/p>\n","protected":false},"excerpt":{"rendered":"<p>Az\u0259rbaycan d\u00fcnyan\u0131n nadir \u00f6lk\u0259l\u0259rind\u0259n biridir ki, bu b\u00f6y\u00fck b\u0259laya-koronavirus pandemiyas\u0131na qar\u015f\u0131 sistemli m\u00fcbariz\u0259 apar\u0131r. ARANTV.AZ bildirir ki, bunu\u00a0Trend-\u0259\u00a0a\u00e7\u0131qlamas\u0131nda Milli M\u0259clisin deputat\u0131, akademik Ziyad S\u0259m\u0259dzad\u0259 bildirib. Deputat \u0259lav\u0259 edib ki, m\u0259s\u0259l\u0259 il\u0259 ba\u011fl\u0131 b\u0259zi r\u0259q\u0259ml\u0259ri m\u00fcqayis\u0259 etm\u0259k olar: &#8220;AB\u015e-\u0131n \u0259halisi Az\u0259rbaycan \u0259halisind\u0259n 35 d\u0259f\u0259 \u00e7ox olsa da, orada koronavirusa yoluxanlar\u0131 say\u0131 bizd\u0259kind\u0259n 500 d\u0259f\u0259 y\u00fcks\u0259kdir. Yaxud da, \u0130taliyan\u0131n \u0259halisi Az\u0259rbaycan \u0259halisind\u0259n 6-7 d\u0259f\u0259 \u00e7oxdur, amma orada koronavirusa yoluxanlar\u0131n say\u0131 bizd\u0259kind\u0259n 100 d\u0259f\u0259 y\u00fcks\u0259kdir. N\u0259 \u00fc\u00e7\u00fcn bel\u0259 bir f\u0259rq yaran\u0131b? F\u0259rq ona g\u00f6r\u0259 yaran\u0131b ki, Az\u0259rbaycan d\u00f6vl\u0259ti, Prezident \u0130lham \u018fliyev ilk g\u00fcnd\u0259n&hellip;<\/p>\n","protected":false},"author":2,"featured_media":150701,"comment_status":"closed","ping_status":"closed","sticky":false,"template":"","format":"standard","meta":{"om_disable_all_campaigns":false,"_monsterinsights_skip_tracking":false,"_monsterinsights_sitenote_active":false,"_monsterinsights_sitenote_note":"","_monsterinsights_sitenote_category":0},"categories":[1],"tags":[],"aioseo_notices":[],"gutentor_comment":0,"rttpg_featured_image_url":{"full":["https:\/\/arantv.az\/wp-content\/uploads\/2020\/04\/841717.jpg",587,440,false],"landscape":["https:\/\/arantv.az\/wp-content\/uploads\/2020\/04\/841717.jpg",587,440,false],"portraits":["https:\/\/arantv.az\/wp-content\/uploads\/2020\/04\/841717.jpg",587,440,false],"thumbnail":["https:\/\/arantv.az\/wp-content\/uploads\/2020\/04\/841717-150x150.jpg",150,150,true],"medium":["https:\/\/arantv.az\/wp-content\/uploads\/2020\/04\/841717-300x225.jpg",300,225,true],"large":["https:\/\/arantv.az\/wp-content\/uploads\/2020\/04\/841717.jpg",587,440,false],"1536x1536":["https:\/\/arantv.az\/wp-content\/uploads\/2020\/04\/841717.jpg",587,440,false],"2048x2048":["https:\/\/arantv.az\/wp-content\/uploads\/2020\/04\/841717.jpg",587,440,false],"post-thumbnail":["https:\/\/arantv.az\/wp-content\/uploads\/2020\/04\/841717-240x172.jpg",240,172,true],"advps-thumb-one":["https:\/\/arantv.az\/wp-content\/uploads\/2020\/04\/841717.jpg",587,440,false]},"rttpg_author":{"display_name":"V\u00fcsal Rafiqo\u011flu","author_link":"https:\/\/arantv.az\/?author=2"},"rttpg_comment":0,"rttpg_category":"<a href=\"https:\/\/arantv.az\/?cat=1\" rel=\"category\">C\u0259miyy\u0259t<\/a>","rttpg_excerpt":"Az\u0259rbaycan d\u00fcnyan\u0131n nadir \u00f6lk\u0259l\u0259rind\u0259n biridir ki, bu b\u00f6y\u00fck b\u0259laya-koronavirus pandemiyas\u0131na qar\u015f\u0131 sistemli m\u00fcbariz\u0259 apar\u0131r. ARANTV.AZ bildirir ki, bunu\u00a0Trend-\u0259\u00a0a\u00e7\u0131qlamas\u0131nda Milli M\u0259clisin deputat\u0131, akademik Ziyad S\u0259m\u0259dzad\u0259 bildirib. Deputat \u0259lav\u0259 edib ki, m\u0259s\u0259l\u0259 il\u0259 ba\u011fl\u0131 b\u0259zi r\u0259q\u0259ml\u0259ri m\u00fcqayis\u0259 etm\u0259k olar: &#8220;AB\u015e-\u0131n \u0259halisi Az\u0259rbaycan \u0259halisind\u0259n 35 d\u0259f\u0259 \u00e7ox olsa da, orada koronavirusa yoluxanlar\u0131 say\u0131 bizd\u0259kind\u0259n 500 d\u0259f\u0259 y\u00fcks\u0259kdir. Yaxud&hellip;","_links":{"self":[{"href":"https:\/\/arantv.az\/index.php?rest_route=\/wp\/v2\/posts\/150700"}],"collection":[{"href":"https:\/\/arantv.az\/index.php?rest_route=\/wp\/v2\/posts"}],"about":[{"href":"https:\/\/arantv.az\/index.php?rest_route=\/wp\/v2\/types\/post"}],"author":[{"embeddable":true,"href":"https:\/\/arantv.az\/index.php?rest_route=\/wp\/v2\/users\/2"}],"replies":[{"embeddable":true,"href":"https:\/\/arantv.az\/index.php?rest_route=%2Fwp%2Fv2%2Fcomments&post=150700"}],"version-history":[{"count":0,"href":"https:\/\/arantv.az\/index.php?rest_route=\/wp\/v2\/posts\/150700\/revisions"}],"wp:featuredmedia":[{"embeddable":true,"href":"https:\/\/arantv.az\/index.php?rest_route=\/wp\/v2\/media\/150701"}],"wp:attachment":[{"href":"https:\/\/arantv.az\/index.php?rest_route=%2Fwp%2Fv2%2Fmedia&parent=150700"}],"wp:term":[{"taxonomy":"category","embeddable":true,"href":"https:\/\/arantv.az\/index.php?rest_route=%2Fwp%2Fv2%2Fcategories&post=150700"},{"taxonomy":"post_tag","embeddable":true,"href":"https:\/\/arantv.az\/index.php?rest_route=%2Fwp%2Fv2%2Ftags&post=150700"}],"curies":[{"name":"wp","href":"https:\/\/api.w.org\/{rel}","templated":true}]}}