{"id":150704,"date":"2020-04-13T18:54:01","date_gmt":"2020-04-13T15:54:01","guid":{"rendered":"http:\/\/arantv.az\/?p=150704"},"modified":"2020-04-13T18:54:01","modified_gmt":"2020-04-13T15:54:01","slug":"g%c9%99nc%c9%99d%c9%99-evd%c9%99-qal-aksiyasi-davam-edir-video-foto","status":"publish","type":"post","link":"https:\/\/arantv.az\/?p=150704","title":{"rendered":"G\u0259nc\u0259d\u0259 \u201cEvd\u0259 qal\u201d aksiyas\u0131 davam edir &#8211; V\u0130DEO &#8211; FOTO"},"content":{"rendered":"<p>Koronavirus s\u0259b\u0259bind\u0259n yaranm\u0131\u015f v\u0259ziyy\u0259tl\u0259 \u0259laq\u0259dar bir s\u0131ra maarifl\u0259ndirm\u0259 t\u0259dbirl\u0259ri davam etdirilir. El\u0259 bu s\u0259b\u0259bd\u0259n &#8220;K\u00f6n\u00fcl d\u0259 Nur&#8221; Xeyriyy\u0259 C\u0259miyy\u0259ti v\u0259 ictimai f\u0259al El\u00e7in L\u0259mb\u0259ranski G\u0259nc\u0259 \u015f\u0259h\u0259r \u0130cra Hakimiyy\u0259tinin t\u0259\u015f\u0259bb\u00fcs\u00fcn\u0259 qo\u015fularaq yard\u0131m aksiyas\u0131nda i\u015ftirak edibl\u0259r.<\/p>\n<p>Milli.Az\u00a0<a href=\"http:\/\/az.trend.az\/\" target=\"_blank\" rel=\"noopener\">Trend<\/a>-\u0259 istinad\u0259n bildirir ki,\u00a0onlar &#8220;Evd\u0259 qal&#8221; aksiyas\u0131 \u00e7\u0259r\u00e7iv\u0259sind\u0259 G\u0259nc\u0259d\u0259 x\u00fcsusi karantin rejiminin qaydalar\u0131na uy\u011fun olaraq evd\u0259n \u00e7\u0131xa bilm\u0259y\u0259n t\u0259nha v\u0259 ya\u015fl\u0131 insanlara, el\u0259c\u0259 d\u0259 azt\u0259minatl\u0131 ail\u0259l\u0259r\u0259 yard\u0131m etdil\u0259r. Yard\u0131m aksiyas\u0131nda Yeni Az\u0259rbaycan Partiyas\u0131n\u0131n G\u0259nc\u0259 \u015f\u0259h\u0259r t\u0259\u015fkilat\u0131n\u0131n f\u0259al k\u00f6n\u00fcll\u00fcl\u0259ri d\u0259 i\u015ftirak edibl\u0259r.<\/p>\n<p>\u00d6lk\u0259mizin bir \u00e7ox b\u00f6lg\u0259l\u0259rind\u0259 yard\u0131mlar\u0131 m\u00fct\u0259madi \u015f\u0259kild\u0259 ke\u00e7ir\u0259n Xeyriyy\u0259 C\u0259miyy\u0259tinin \u0259m\u0259kda\u015flar\u0131 m\u00fcxt\u0259lif \u0259rzaq m\u0259hsullar\u0131ndan ibar\u0259t ba\u011flamalar g\u0259tir\u0259r\u0259k \u00fcmumilikd\u0259 45 yax\u0131n ail\u0259y\u0259 yard\u0131m edib, onlar\u0131 sevindiribl\u0259r.<\/p>\n<p>Bu t\u0259\u015f\u0259bb\u00fcs\u00fc minn\u0259tdarl\u0131q hissi il\u0259 qar\u015f\u0131layan insanlar g\u00f6st\u0259rdikl\u0259ri diqq\u0259t v\u0259 qay\u011f\u0131ya g\u00f6r\u0259, \u00f6lk\u0259 r\u0259hb\u0259rliyin\u0259 v\u0259 aksiya n\u00fcmay\u0259nd\u0259l\u0259rin\u0259 \u00f6z t\u0259\u015f\u0259kk\u00fcrl\u0259rini ifad\u0259 edibl\u0259r.<\/p>\n<div><\/div>\n<p><iframe loading=\"lazy\" src=\"https:\/\/www.trend.az\/player.php?f=%20https:\/\/cdn.trend.az\/2020\/04\/13\/video_gence_130420.mp4\" width=\"100%\" height=\"360\" frameborder=\"0\" allowfullscreen=\"allowfullscreen\" data-mce-fragment=\"1\"><\/iframe><\/p>\n<div class=\"article-gallery\">\n<div class=\"swiper-container gallery-swiper\">\n<div class=\"swiper-wrapper\">\n<div class=\"swiper-slide gallery-slide\" data-fancybox=\"1\" data-src=\"https:\/\/cdn.trend.az\/2020\/04\/13\/yap_qence_130420_01.jpg\"><img loading=\"lazy\" class=\"alignnone size-medium wp-image-150711\" src=\"https:\/\/arantv.az\/wp-content\/uploads\/2020\/04\/841718_1-300x200.jpg\" alt=\"\" width=\"300\" height=\"200\" \/><img loading=\"lazy\" class=\"alignnone size-medium wp-image-150710\" src=\"https:\/\/arantv.az\/wp-content\/uploads\/2020\/04\/841718_3-300x200.jpg\" alt=\"\" width=\"300\" height=\"200\" \/><img loading=\"lazy\" class=\"alignnone size-medium wp-image-150709\" src=\"https:\/\/arantv.az\/wp-content\/uploads\/2020\/04\/841718_5-300x200.jpg\" alt=\"\" width=\"300\" height=\"200\" \/><img loading=\"lazy\" class=\"alignnone size-medium wp-image-150708\" src=\"https:\/\/arantv.az\/wp-content\/uploads\/2020\/04\/841718_4-300x200.jpg\" alt=\"\" width=\"300\" height=\"200\" \/><img loading=\"lazy\" class=\"alignnone size-medium wp-image-150706\" src=\"https:\/\/arantv.az\/wp-content\/uploads\/2020\/04\/841718_1-1-300x200.jpg\" alt=\"\" width=\"300\" height=\"200\" \/><img loading=\"lazy\" class=\"alignnone size-medium wp-image-150705\" src=\"https:\/\/arantv.az\/wp-content\/uploads\/2020\/04\/841718_2-300x200.jpg\" alt=\"\" width=\"300\" height=\"200\" \/><\/div>\n<\/div>\n<\/div>\n<\/div>\n","protected":false},"excerpt":{"rendered":"<p>Koronavirus s\u0259b\u0259bind\u0259n yaranm\u0131\u015f v\u0259ziyy\u0259tl\u0259 \u0259laq\u0259dar bir s\u0131ra maarifl\u0259ndirm\u0259 t\u0259dbirl\u0259ri davam etdirilir. El\u0259 bu s\u0259b\u0259bd\u0259n &#8220;K\u00f6n\u00fcl d\u0259 Nur&#8221; Xeyriyy\u0259 C\u0259miyy\u0259ti v\u0259 ictimai f\u0259al El\u00e7in L\u0259mb\u0259ranski G\u0259nc\u0259 \u015f\u0259h\u0259r \u0130cra Hakimiyy\u0259tinin t\u0259\u015f\u0259bb\u00fcs\u00fcn\u0259 qo\u015fularaq yard\u0131m aksiyas\u0131nda i\u015ftirak edibl\u0259r. Milli.Az\u00a0Trend-\u0259 istinad\u0259n bildirir ki,\u00a0onlar &#8220;Evd\u0259 qal&#8221; aksiyas\u0131 \u00e7\u0259r\u00e7iv\u0259sind\u0259 G\u0259nc\u0259d\u0259 x\u00fcsusi karantin rejiminin qaydalar\u0131na uy\u011fun olaraq evd\u0259n \u00e7\u0131xa bilm\u0259y\u0259n t\u0259nha v\u0259 ya\u015fl\u0131 insanlara, el\u0259c\u0259 d\u0259 azt\u0259minatl\u0131 ail\u0259l\u0259r\u0259 yard\u0131m etdil\u0259r. Yard\u0131m aksiyas\u0131nda Yeni Az\u0259rbaycan Partiyas\u0131n\u0131n G\u0259nc\u0259 \u015f\u0259h\u0259r t\u0259\u015fkilat\u0131n\u0131n f\u0259al k\u00f6n\u00fcll\u00fcl\u0259ri d\u0259 i\u015ftirak edibl\u0259r. \u00d6lk\u0259mizin bir \u00e7ox b\u00f6lg\u0259l\u0259rind\u0259 yard\u0131mlar\u0131 m\u00fct\u0259madi \u015f\u0259kild\u0259 ke\u00e7ir\u0259n Xeyriyy\u0259 C\u0259miyy\u0259tinin \u0259m\u0259kda\u015flar\u0131 m\u00fcxt\u0259lif \u0259rzaq m\u0259hsullar\u0131ndan ibar\u0259t&hellip;<\/p>\n","protected":false},"author":2,"featured_media":150708,"comment_status":"closed","ping_status":"closed","sticky":false,"template":"","format":"standard","meta":{"om_disable_all_campaigns":false,"_monsterinsights_skip_tracking":false,"_monsterinsights_sitenote_active":false,"_monsterinsights_sitenote_note":"","_monsterinsights_sitenote_category":0},"categories":[2],"tags":[],"aioseo_notices":[],"gutentor_comment":0,"rttpg_featured_image_url":{"full":["https:\/\/arantv.az\/wp-content\/uploads\/2020\/04\/841718_4.jpg",960,640,false],"landscape":["https:\/\/arantv.az\/wp-content\/uploads\/2020\/04\/841718_4.jpg",960,640,false],"portraits":["https:\/\/arantv.az\/wp-content\/uploads\/2020\/04\/841718_4.jpg",960,640,false],"thumbnail":["https:\/\/arantv.az\/wp-content\/uploads\/2020\/04\/841718_4-150x150.jpg",150,150,true],"medium":["https:\/\/arantv.az\/wp-content\/uploads\/2020\/04\/841718_4-300x200.jpg",300,200,true],"large":["https:\/\/arantv.az\/wp-content\/uploads\/2020\/04\/841718_4.jpg",640,427,false],"1536x1536":["https:\/\/arantv.az\/wp-content\/uploads\/2020\/04\/841718_4.jpg",960,640,false],"2048x2048":["https:\/\/arantv.az\/wp-content\/uploads\/2020\/04\/841718_4.jpg",960,640,false],"post-thumbnail":["https:\/\/arantv.az\/wp-content\/uploads\/2020\/04\/841718_4-240x172.jpg",240,172,true],"advps-thumb-one":["https:\/\/arantv.az\/wp-content\/uploads\/2020\/04\/841718_4-960x620.jpg",960,620,true]},"rttpg_author":{"display_name":"V\u00fcsal Rafiqo\u011flu","author_link":"https:\/\/arantv.az\/?author=2"},"rttpg_comment":0,"rttpg_category":"<a href=\"https:\/\/arantv.az\/?cat=2\" rel=\"category\">Region X\u0259b\u0259rl\u0259ri<\/a>","rttpg_excerpt":"Koronavirus s\u0259b\u0259bind\u0259n yaranm\u0131\u015f v\u0259ziyy\u0259tl\u0259 \u0259laq\u0259dar bir s\u0131ra maarifl\u0259ndirm\u0259 t\u0259dbirl\u0259ri davam etdirilir. El\u0259 bu s\u0259b\u0259bd\u0259n &#8220;K\u00f6n\u00fcl d\u0259 Nur&#8221; Xeyriyy\u0259 C\u0259miyy\u0259ti v\u0259 ictimai f\u0259al El\u00e7in L\u0259mb\u0259ranski G\u0259nc\u0259 \u015f\u0259h\u0259r \u0130cra Hakimiyy\u0259tinin t\u0259\u015f\u0259bb\u00fcs\u00fcn\u0259 qo\u015fularaq yard\u0131m aksiyas\u0131nda i\u015ftirak edibl\u0259r. Milli.Az\u00a0Trend-\u0259 istinad\u0259n bildirir ki,\u00a0onlar &#8220;Evd\u0259 qal&#8221; aksiyas\u0131 \u00e7\u0259r\u00e7iv\u0259sind\u0259 G\u0259nc\u0259d\u0259 x\u00fcsusi karantin rejiminin qaydalar\u0131na uy\u011fun olaraq evd\u0259n \u00e7\u0131xa bilm\u0259y\u0259n t\u0259nha v\u0259 ya\u015fl\u0131&hellip;","_links":{"self":[{"href":"https:\/\/arantv.az\/index.php?rest_route=\/wp\/v2\/posts\/150704"}],"collection":[{"href":"https:\/\/arantv.az\/index.php?rest_route=\/wp\/v2\/posts"}],"about":[{"href":"https:\/\/arantv.az\/index.php?rest_route=\/wp\/v2\/types\/post"}],"author":[{"embeddable":true,"href":"https:\/\/arantv.az\/index.php?rest_route=\/wp\/v2\/users\/2"}],"replies":[{"embeddable":true,"href":"https:\/\/arantv.az\/index.php?rest_route=%2Fwp%2Fv2%2Fcomments&post=150704"}],"version-history":[{"count":0,"href":"https:\/\/arantv.az\/index.php?rest_route=\/wp\/v2\/posts\/150704\/revisions"}],"wp:featuredmedia":[{"embeddable":true,"href":"https:\/\/arantv.az\/index.php?rest_route=\/wp\/v2\/media\/150708"}],"wp:attachment":[{"href":"https:\/\/arantv.az\/index.php?rest_route=%2Fwp%2Fv2%2Fmedia&parent=150704"}],"wp:term":[{"taxonomy":"category","embeddable":true,"href":"https:\/\/arantv.az\/index.php?rest_route=%2Fwp%2Fv2%2Fcategories&post=150704"},{"taxonomy":"post_tag","embeddable":true,"href":"https:\/\/arantv.az\/index.php?rest_route=%2Fwp%2Fv2%2Ftags&post=150704"}],"curies":[{"name":"wp","href":"https:\/\/api.w.org\/{rel}","templated":true}]}}