{"id":150714,"date":"2020-04-13T18:55:23","date_gmt":"2020-04-13T15:55:23","guid":{"rendered":"http:\/\/arantv.az\/?p=150714"},"modified":"2020-04-13T18:55:23","modified_gmt":"2020-04-13T15:55:23","slug":"strateji-t%c9%99f%c9%99kkurlu-lider-ilham-%c9%99liyev-coxqutblu-dunya-modeli-haqqinda","status":"publish","type":"post","link":"https:\/\/arantv.az\/?p=150714","title":{"rendered":"Strateji t\u0259f\u0259kk\u00fcrl\u00fc lider: \u0130lham \u018fliyev \u00e7oxq\u00fctbl\u00fc d\u00fcnya modeli haqq\u0131nda"},"content":{"rendered":"<p>ARANTV.AZ\u00a0<a href=\"http:\/\/newtimes.az\/\" target=\"_blank\" rel=\"noopener\">newtimes.az<\/a>-\u0131n yaz\u0131s\u0131n\u0131 t\u0259qdim edir:<\/p>\n<p>Haz\u0131rk\u0131 tarixi m\u0259rh\u0259l\u0259d\u0259 siyasi liderl\u0259rin d\u00fcnyan\u0131n taleyind\u0259 rolu daha da art\u0131b. Siyasi n\u0259z\u0259riyy\u0259l\u0259rd\u0259 \u015f\u0259xsiyy\u0259tl\u0259rin f\u0259aliyy\u0259ti \u00fcz\u0259rind\u0259 geni\u015f dayan\u0131l\u0131r. Siyas\u0259t\u00e7i \u00f6z davran\u0131\u015f\u0131 il\u0259 b\u00fct\u00f6vl\u00fckd\u0259 d\u00fcnyan\u0131n t\u0259kam\u00fcl dinamikas\u0131n\u0131 yenil\u0259\u015fdir\u0259 bil\u0259r. \u0130lham \u018fliyev m\u0259hz bu s\u0259viyy\u0259d\u0259 q\u0259bul edil\u0259n liderl\u0259rd\u0259ndir. Az\u0259rbaycan Prezidentinin Rusiyan\u0131n &#8220;Rossiya-24&#8221; televiziya kanal\u0131na verdiyi m\u00fcsahib\u0259d\u0259n d\u0259 bu ayd\u0131n g\u00f6r\u00fcn\u00fcr. D\u00f6vl\u0259t ba\u015f\u00e7\u0131s\u0131 lakonik, d\u0259rin m\u0259zmunlu v\u0259 n\u0259z\u0259ri-praktiki \u0259h\u0259miyy\u0259tli fikirl\u0259r ifad\u0259 edib. \u0130lham \u018fliyevin ir\u0259li s\u00fcrd\u00fcy\u00fc tezisl\u0259r m\u00fcasir geosiyasi \u015f\u0259raitd\u0259 c\u0259r\u0259yan ed\u0259n hadis\u0259l\u0259r\u0259 obyektiv, geni\u015f aspektd\u0259 v\u0259 d\u0259rind\u0259n yana\u015fma\u011fa imkan verir. Oxucu bir daha \u0259min olur ki, Az\u0259rbaycan s\u00f6z\u00fcn b\u00fct\u00fcn m\u0259nalar\u0131nda C\u0259nubi Qafqaz\u0131n lider d\u00f6vl\u0259ti olma\u011fa layiqdir. \u00c7\u00fcnki bu \u00f6lk\u0259nin r\u0259hb\u0259ri uzaqg\u00f6r\u0259n, m\u00fcdrik siyas\u0259t\u00e7idir.<\/p>\n<p><strong>Riskl\u0259rl\u0259 dolu d\u00fcnya: geosiyasi nizam\u0131n yenil\u0259\u015fm\u0259 dinamikas\u0131<\/strong><\/p>\n<p>M\u00fcasir d\u00fcnyan\u0131n riskl\u0259rl\u0259 dolu oldu\u011funu etiraf ed\u0259nl\u0259r \u00e7oxdur. M\u00fcxt\u0259lif sah\u0259l\u0259rd\u0259 \u00f6z\u00fcn\u00fc g\u00f6st\u0259r\u0259n b\u00f6hranlar h\u0259tta siyasi liderl\u0259rin d\u00fcnya nizam\u0131n\u0131n yenil\u0259\u015fm\u0259sind\u0259n b\u0259hs etm\u0259sin\u0259 \u0259sas verm\u0259kd\u0259dir. Rusiya Prezidenti Vladimir Putin is\u0259 tez-tez qlobal geosiyasi xaotik v\u0259ziyy\u0259td\u0259n dan\u0131\u015f\u0131r. B\u00fct\u00f6vl\u00fckd\u0259 m\u00fcasir m\u0259rh\u0259l\u0259d\u0259 d\u00fcnyan\u0131n geosiyasi turbulentlikl\u0259 xarakteriz\u0259 olundu\u011funu yaz\u0131rlar. Analitik v\u0259 ekspertl\u0259r is\u0259 m\u00fcxt\u0259lif aspektl\u0259rd\u0259 yeni d\u00fcnya nizam\u0131n\u0131n formala\u015fmas\u0131 prosesini t\u0259hlil edir, m\u00fc\u0259yy\u0259n proqnozlar verirl\u0259r. Henri Kissincer, Corc Fridman, Cozef Nay, Frensis Fukuyama, \u0130qor \u0130vanlov, Fyodor Lukyanov v\u0259 ba\u015fqa tan\u0131nm\u0131\u015f m\u00fct\u0259x\u0259ssisl\u0259r h\u0259min m\u00f6vzuda zaman-zaman fikirl\u0259rini bildirir, eyni zamanda, proqnozlar verirl\u0259r.<\/p>\n<p>Lakin indi haqq\u0131nda dan\u0131\u015f\u0131lan m\u0259s\u0259l\u0259l\u0259r bar\u0259d\u0259 Ulu \u00f6nd\u0259r Heyd\u0259r \u018fliyev h\u0259l\u0259 ke\u00e7\u0259n \u0259srin 90-c\u0131 ill\u0259rind\u0259 BMT-nin y\u00fcks\u0259k tribunas\u0131ndan bir ne\u00e7\u0259 d\u0259f\u0259 d\u0259qiqliyi v\u0259 dol\u011funlu\u011fu il\u0259 b\u0259hs edib. Heyd\u0259r \u018fliyev d\u00fcnyan\u0131n yeni bir nizama ehtiyac\u0131n\u0131n yarand\u0131\u011f\u0131n\u0131 v\u0259 bu m\u0259s\u0259l\u0259d\u0259 m\u0259suliyy\u0259tin \u0259sas olaraq b\u00f6y\u00fck d\u00f6vl\u0259tl\u0259rin \u00fcz\u0259rin\u0259 d\u00fc\u015fd\u00fcy\u00fcn\u00fc ifad\u0259 etmi\u015fdi. Bunlarla yana\u015f\u0131, BMT-nin t\u0259\u015f\u0259bb\u00fcs\u00fc \u0259l\u0259 almas\u0131 z\u0259rur\u0259tini vur\u011fulam\u0131\u015f, h\u0259min kontekstd\u0259 T\u0259hl\u00fck\u0259sizlik \u015euras\u0131nda islahatlar\u0131n apar\u0131lmas\u0131 ehtiyac\u0131n\u0131 \u00f6n\u0259 \u00e7\u0259kmi\u015fdi.<\/p>\n<p>Art\u0131q XXI \u0259srin ikinci onilliyin\u0259 q\u0259d\u0259m qoymu\u015fuq. D\u00fcnya siyas\u0259ti Ulu \u00f6nd\u0259r Heyd\u0259r \u018fliyevin vur\u011fulad\u0131\u011f\u0131 h\u0259min probleml\u0259rd\u0259n xilas olmay\u0131b. V\u0259 tarixin xo\u015f bir an\u0131d\u0131r ki, bu bar\u0259d\u0259 Prezident \u0130lham \u018fliyev\u0259 sual verilir. &#8220;Rossiya-24&#8221; televiziya kanal\u0131n\u0131n \u0259m\u0259kda\u015f\u0131n\u0131n\u00a0suallar\u0131ndan\u00a0biri konkret olaraq a\u015fa\u011f\u0131dak\u0131 kimidir: &#8220;Sizc\u0259, bu g\u00fcn d\u00fcnyada \u00e7oxq\u00fctbl\u00fcl\u00fck \u0259lam\u0259tl\u0259ri varm\u0131?&#8221;.<\/p>\n<p>Sual t\u0259sad\u00fcfi verilmir. M\u0259s\u0259l\u0259 ondan ibar\u0259tdir ki, son zamanlar d\u00fcnyan\u0131n superg\u00fccl\u0259ri aras\u0131nda geosiyasi sava\u015f yeni s\u0259viyy\u0259y\u0259 y\u00fcks\u0259lib v\u0259 bir \u00e7ox regionlarda riskl\u0259r art\u0131b. Bundan siyasi liderl\u0259r d\u0259 narahat olma\u011fa ba\u015flay\u0131blar. Konkret olaraq, Yax\u0131n \u015e\u0259rq \u0259traf\u0131nda c\u0259r\u0259yan ed\u0259n geosiyasi-h\u0259rbi prosesl\u0259r fonunda b\u00f6y\u00fck d\u00f6vl\u0259tl\u0259rin m\u00fcbariz\u0259si getdikc\u0259 daha k\u0259skin xarakter al\u0131r. Daha geni\u015f miqyasda is\u0259 AB\u015e-\u00c7in qar\u015f\u0131durmas\u0131 meydana daha m\u00fcr\u0259kk\u0259b probleml\u0259r \u00e7\u0131xar\u0131r.<\/p>\n<p>Eyni zamanda, bu kimi suallar\u0131 ad\u0259t\u0259n d\u00fcnya siyas\u0259tind\u0259 hiss edil\u0259n yeri v\u0259 m\u00f6vqeyi olan liderl\u0259r\u0259 verirl\u0259r. Rusiyal\u0131 jurnalistin m\u0259hz \u0130lham \u018fliyev\u0259 bu sualla m\u00fcraci\u0259t etm\u0259si h\u0259m Az\u0259rbaycan Prezidentinin \u015f\u0259xsiyy\u0259ti, siyasi-diplomatik n\u00fcfuzu il\u0259, h\u0259m d\u0259 Az\u0259rbaycan\u0131n m\u00fcst\u0259qil d\u00f6vl\u0259t kimi regional v\u0259 qlobal geosiyas\u0259td\u0259 oynad\u0131\u011f\u0131 rolla ba\u011fl\u0131d\u0131r. H\u0259min s\u0259b\u0259bd\u0259n Az\u0259rbaycan r\u0259hb\u0259rinin cavab\u0131 ekspertl\u0259rin b\u00f6y\u00fck mara\u011f\u0131na s\u0259b\u0259b olub.<\/p>\n<p>\u0130lham \u018fliyev suala cavab olaraq deyib: &#8220;\u015e\u00fcbh\u0259siz, bu g\u00fcn d\u00fcnya m\u0259hz \u00e7oxq\u00fctbl\u00fc d\u00fcnya kimi inki\u015faf edir. Bir ne\u00e7\u0259 g\u00fcc m\u0259rk\u0259zi var. \u018flb\u0259tt\u0259, bizi narahat ed\u0259n m\u0259s\u0259l\u0259l\u0259r var &#8211; regionumuzda g\u0259rginliyin artmas\u0131. Lakin biz m\u00fcsb\u0259t dinamikan\u0131 da g\u00f6r\u00fcr\u00fck, \u0259vv\u0259ll\u0259r bu c\u00fcr s\u0131x qar\u015f\u0131l\u0131ql\u0131 f\u0259aliyy\u0259ti olmayan \u00f6lk\u0259l\u0259r bu g\u00fcn dem\u0259k olar ki, m\u00fctt\u0259fiql\u0259r kimi h\u0259r\u0259k\u0259t edir v\u0259 regional sabitliy\u0259 b\u00f6y\u00fck t\u00f6hf\u0259 verirl\u0259r. Buna g\u00f6r\u0259 d\u0259 \u00e7oxq\u00fctbl\u00fc d\u00fcnya art\u0131q reall\u0131qd\u0131r. D\u00fc\u015f\u00fcn\u00fcr\u0259m ki, bu meyill\u0259r getdikc\u0259 daha da m\u00f6hk\u0259ml\u0259n\u0259c\u0259k. Bu, m\u00fcsb\u0259t hald\u0131r, \u00e7\u00fcnki bu, d\u00fcnyada sabitliy\u0259 z\u0259man\u0259tdir&#8221;.<\/p>\n<p>Burada d\u00f6vl\u0259t ba\u015f\u00e7\u0131s\u0131 y\u0131\u011fcam \u015f\u0259kild\u0259 bir ne\u00e7\u0259 tezisi ifad\u0259 edib. Birincisi, d\u00fcnyada art\u0131q bir ne\u00e7\u0259 g\u00fcc m\u0259rk\u0259zi vard\u0131r v\u0259 bu, bird\u0259f\u0259lik q\u0259bul edilm\u0259lididr. H\u0259m d\u0259 bu faktor d\u00fcnyan\u0131n \u00e7oxq\u00fctbl\u00fc model \u00fczr\u0259 inki\u015faf etm\u0259si z\u0259rur\u0259tini ortaya at\u0131b. \u0130kincisi, m\u0259s\u0259l\u0259 bununla bitmir. Vur\u011fulanan z\u0259rur\u0259tin ortada olmas\u0131na baxmayaraq, g\u00fcc m\u0259rk\u0259zl\u0259ri kifay\u0259t q\u0259d\u0259r koordinasiyal\u0131 siyas\u0259t yeritmirl\u0259r ki, n\u0259tic\u0259d\u0259 d\u0259 konkret regionlarda g\u0259rginlik artmaqdad\u0131r. Onlar\u0131n s\u0131ras\u0131nda C\u0259nubi Qafqaz da vard\u0131r. \u00dc\u00e7\u00fcnc\u00fcs\u00fc, buna baxmayaraq, art\u0131q m\u00fc\u0259yy\u0259n m\u00fcsb\u0259t tendensiyalar \u00f6z\u00fcn\u00fc g\u00f6st\u0259rir. M\u0259s\u0259l\u0259n, \u00f6nc\u0259l\u0259r \u0259m\u0259kda\u015fl\u0131qda maraql\u0131 olmayan b\u00f6y\u00fck d\u00f6vl\u0259tl\u0259r indi dem\u0259k olar ki, m\u00fctt\u0259fiq kimi davran\u0131rlar. Bunun n\u0259tic\u0259sidir ki, regionda sabitlik t\u0259min edilir. Arzu olunand\u0131r ki, bu, bel\u0259 davam etsin.<\/p>\n<p>Bu kontekstd\u0259 Az\u0259rbaycan Prezidenti regiona ciddi t\u0259sirl\u0259ri olan Rusiya, \u0130ran v\u0259 T\u00fcrkiy\u0259nin \u0259laq\u0259l\u0259ri g\u00fccl\u0259ndirm\u0259sini m\u00fcsb\u0259t qiym\u0259tl\u0259ndirir. Bu, m\u00fcasir siyasi liderin praqmatik d\u00fc\u015f\u00fcnc\u0259y\u0259 malik olmas\u0131n\u0131n \u0259h\u0259miyy\u0259tini g\u00f6st\u0259rir. M\u00fcqayis\u0259 \u00fc\u00e7\u00fcn dey\u0259k ki, Nikol Pa\u015finyan d\u00f6vr\u00fcn n\u0259bzini tuta bilm\u0259y\u0259r\u0259k T\u00fcrkiy\u0259-Rusiya \u0259laq\u0259l\u0259rinin inki\u015faf\u0131n\u0131 \u00f6z\u00fcn\u0259 t\u0259hl\u00fck\u0259 kimi q\u0259bul edir. R\u0259smi \u0130r\u0259van Az\u0259rbaycan-Rusiya m\u00fcnasib\u0259tl\u0259rin\u0259 d\u0259 d\u00f6vr\u00fcn t\u0259l\u0259bl\u0259ri s\u0259viyy\u0259sind\u0259 qiym\u0259t ver\u0259 bilmir. N\u0259tic\u0259 etibaril\u0259 Erm\u0259nistan r\u0259hb\u0259rliyinin yeritdiyi siyas\u0259tin XXI \u0259srin ruhuna uy\u011fun olmad\u0131\u011f\u0131 ayd\u0131n olur.<\/p>\n<p><strong>Yeni model z\u0259rur\u0259ti: \u0130lham \u018fliyevin \u0259sasl\u0131 tezisl\u0259ri fonunda<\/strong><\/p>\n<p>Bu fikirl\u0259rin fonunda Az\u0259rbaycan d\u00f6vl\u0259t ba\u015f\u00e7\u0131s\u0131na veril\u0259n ba\u015fqa bir sual da \u0259h\u0259miyy\u0259tli g\u00f6r\u00fcn\u00fcr. Jurnalist n\u00f6vb\u0259ti sual\u0131 bel\u0259 formala\u015fd\u0131r\u0131b: &#8220;H\u0259r halda, d\u00fcnyada \u00f6lk\u0259l\u0259rd\u0259n birinin daha \u00e7ox birq\u00fctbl\u00fc d\u00fcnyaya meyil etm\u0259si \u0259lam\u0259ti yoxdurmu?&#8221;. T\u0259bii, burada m\u00fc\u0259yy\u0259n d\u0259r\u0259c\u0259d\u0259 t\u0259hrik\u00e7ilik hiss olunur. C\u0259nubi Qafqaz\u0131n lider d\u00f6vl\u0259tinin ba\u015f\u00e7\u0131s\u0131n\u0131n kimins\u0259 t\u0259r\u0259find\u0259 olmas\u0131 g\u00f6r\u00fcnt\u00fcs\u00fc yaratma\u011fa meyil duyulur. Ancaq \u0130lham \u018fliyev h\u0259r \u015feyi inc\u0259liyin\u0259 q\u0259d\u0259r bil\u0259n y\u00fcks\u0259k s\u0259viyy\u0259li siyasi liderdir.<\/p>\n<p>Az\u0259rbaycan Prezidenti regionun lider d\u00f6vl\u0259tinin r\u0259hb\u0259rin\u0259 uy\u011fun g\u0259l\u0259n t\u0259mkin, d\u0259rinlik v\u0259 obyektivlikl\u0259 sual\u0131 cavabland\u0131r\u0131r. \u00d6lk\u0259 r\u0259hb\u0259ri vur\u011fulay\u0131r: &#8220;Bilirsiniz, iri \u00f6lk\u0259l\u0259rin h\u0259mi\u015f\u0259 \u00f6z h\u00fcdudlar\u0131ndan k\u0259narda maraqlar\u0131 olur v\u0259 h\u0259r \u00f6lk\u0259 \u00f6z\u00fc \u00fc\u00e7\u00fcn daha yax\u015f\u0131 \u015f\u0259rait\u0259 nail olmaq, \u00f6z t\u0259sir dair\u0259sini geni\u015fl\u0259ndirm\u0259k ist\u0259yir. Burada t\u0259z\u0259 he\u00e7 n\u0259 yoxdur. Biz bunu \u0259srl\u0259r boyu m\u00fc\u015fahid\u0259 edirik, sad\u0259c\u0259, m\u00fcxt\u0259lif intensivlik d\u0259r\u0259c\u0259si il\u0259. Buna g\u00f6r\u0259 m\u0259s\u0259l\u0259 bunda deyil, bug\u00fcnk\u00fc d\u00fcnya nizam\u0131n\u0131n konstruksiyas\u0131, o c\u00fcml\u0259d\u0259n beyn\u0259lxalq m\u00fcnasib\u0259tl\u0259rin konstruksiyas\u0131 \u00e7oxq\u00fctbl\u00fcl\u00fcy\u00fc n\u0259z\u0259rd\u0259 tutur&#8221;.<\/p>\n<p>Yaln\u0131z siyasi-diplomatik f\u0259aliyy\u0259tin n\u0259z\u0259ri v\u0259 praktiki aspektl\u0259rini m\u00fck\u0259mm\u0259l m\u0259nims\u0259mi\u015f v\u0259 strateji t\u0259f\u0259kk\u00fcr\u0259 sahib olan lider bel\u0259 dol\u011fun cavab ver\u0259 bil\u0259r. Az\u0259rbaycan Prezidenti inc\u0259 diplomatik \u00fcsulla anlad\u0131r ki, kimliyind\u0259n as\u0131l\u0131 olmayaraq, b\u00f6y\u00fck d\u00f6vl\u0259tl\u0259r h\u0259mi\u015f\u0259 \u00f6z maraqlar\u0131n\u0131 \u00f6z s\u0259rh\u0259dl\u0259rind\u0259n k\u0259narda da t\u0259min etm\u0259y\u0259 can at\u0131r. Burada ayr\u0131-se\u00e7kilik edib, konkret hans\u0131sa d\u00f6vl\u0259ti ittiham etm\u0259k do\u011fru deyil. Dig\u0259r t\u0259r\u0259fd\u0259n, tarix\u0259n bu t\u0259sirl\u0259r d\u0259 f\u0259rqli nisb\u0259t\u0259 malik olur: birinin t\u0259siri art\u0131r, dig\u0259ri azal\u0131r v\u0259 s. Bu m\u0259qam da h\u0259r bir b\u00f6y\u00fck d\u00f6vl\u0259t\u0259 xas olan x\u00fcsusiyy\u0259tdir. &#8220;Buna g\u00f6r\u0259 m\u0259s\u0259l\u0259 bunda deyil&#8221;. M\u0259s\u0259l\u0259 m\u00fcasir d\u00fcnyan\u0131n geosiyasi konstruksiyan\u0131n \u00f6z\u0259lliyind\u0259dir ki, bu da \u00e7oxq\u00fctbl\u00fcl\u00fcy\u00fc t\u0259l\u0259b edir. Bu, olduqca \u0259h\u0259miyy\u0259tli m\u0259qamd\u0131r.<\/p>\n<p>Konkret olaraq, Az\u0259rbaycan Prezidenti \u00e7oxq\u00fctbl\u00fcl\u00fcy\u0259 qlobal m\u0259nz\u0259r\u0259nin dinamikas\u0131n\u0131n d\u0259yi\u015fm\u0259si prizmas\u0131ndan yana\u015f\u0131r. M\u0259s\u0259l\u0259nin b\u00fct\u00fcn d\u00fcnyan\u0131n h\u0259ll etm\u0259li oldu\u011fu v\u0259 h\u0259min \u00e7\u0259r\u00e7iv\u0259d\u0259 h\u0259r bir d\u00f6vl\u0259tin m\u0259suliyy\u0259t da\u015f\u0131d\u0131\u011f\u0131 aspektd\u0259n diqq\u0259t\u0259 al\u0131nmas\u0131 laz\u0131ml\u0131\u011f\u0131n\u0131 vur\u011fulay\u0131r. Y\u0259ni \u0130lham \u018fliyev qlobal v\u0259 strateji d\u00fc\u015f\u00fcn\u00fcr. M\u0259hz h\u0259min ba\u011fl\u0131l\u0131qda konkret bir n\u00fcmun\u0259 g\u0259tir\u0259n d\u00f6vl\u0259t ba\u015f\u00e7\u0131s\u0131 vur\u011fulay\u0131r: &#8220;BMT T\u0259hl\u00fck\u0259sizlik \u015euras\u0131n\u0131n daimi \u00fczvl\u0259rinin t\u0259rkibin\u0259 baxsaq, bu, art\u0131q d\u00fcnyan\u0131n \u00e7oxq\u00fctbl\u00fcl\u00fcy\u00fcn\u00fcn \u0259ksidir. Daimi \u00fczvl\u0259rd\u0259n birinin raz\u0131l\u0131\u011f\u0131 olmadan he\u00e7 bir q\u0259rar q\u0259bul edil\u0259 bilm\u0259z. Buna g\u00f6r\u0259 d\u0259 d\u00fc\u015f\u00fcn\u00fcr\u0259m ki, \u00f6lk\u0259l\u0259r \u00f6zl\u0259ri \u00fc\u00e7\u00fcn birq\u00fctbl\u00fcl\u00fcy\u00fc t\u0259min etm\u0259y\u0259 \u00e7al\u0131\u015fmamal\u0131, \u0259ksin\u0259, ham\u0131 \u00fc\u00e7\u00fcn s\u0259rf\u0259li olan \u0259m\u0259kda\u015fl\u0131q elementl\u0259ri tapmal\u0131d\u0131rlar&#8221;. Burada Ulu \u00f6nd\u0259r Heyd\u0259r \u018fliyevin \u00f6t\u0259n \u0259srin 90-c\u0131 ill\u0259rind\u0259 m\u0259s\u0259l\u0259 il\u0259 ba\u011fl\u0131 ifad\u0259 etdiyi fikirl\u0259ri bir daha xat\u0131rlatmaq olar. Az\u0259rbaycanda siyasi varisliyin konkret m\u0259zmunu vard\u0131r ki, bu da m\u00fcasir d\u00f6vr\u00fcn t\u0259l\u0259bl\u0259rin\u0259 tam cavab verir.<\/p>\n<p>Bel\u0259likl\u0259, n\u00f6vb\u0259ti d\u0259f\u0259 Az\u0259rbaycan Prezidenti t\u0259sdiq etdi ki, \u00e7ox g\u00fccl\u00fc v\u0259 strateji d\u00fc\u015f\u00fcn\u0259n, prosesl\u0259r\u0259 geni\u015f miqyasda obyektiv yana\u015fa bil\u0259n liderdir. Az\u0259rbaycan t\u0259sad\u00fcf\u0259n C\u0259nubi Qafqaz\u0131n lider \u00f6lk\u0259si deyil. D\u00f6vl\u0259t ba\u015f\u00e7\u0131s\u0131n\u0131n h\u0259yata ke\u00e7irdiyi sistemli, ard\u0131c\u0131l, d\u0259rin d\u00fc\u015f\u00fcn\u00fclm\u00fc\u015f v\u0259 qlobal miqyasda s\u0259m\u0259r\u0259 ver\u0259n siyas\u0259tin b\u0259hr\u0259l\u0259ri g\u00f6z qaba\u011f\u0131ndad\u0131r. Buna g\u00f6r\u0259 siyasi liderl\u0259r do\u011fru vur\u011fulay\u0131rlar: &#8220;Az\u0259rbaycan Prezidenti m\u00fcdrik liderdir&#8221;!<\/p>\n","protected":false},"excerpt":{"rendered":"<p>ARANTV.AZ\u00a0newtimes.az-\u0131n yaz\u0131s\u0131n\u0131 t\u0259qdim edir: Haz\u0131rk\u0131 tarixi m\u0259rh\u0259l\u0259d\u0259 siyasi liderl\u0259rin d\u00fcnyan\u0131n taleyind\u0259 rolu daha da art\u0131b. Siyasi n\u0259z\u0259riyy\u0259l\u0259rd\u0259 \u015f\u0259xsiyy\u0259tl\u0259rin f\u0259aliyy\u0259ti \u00fcz\u0259rind\u0259 geni\u015f dayan\u0131l\u0131r. Siyas\u0259t\u00e7i \u00f6z davran\u0131\u015f\u0131 il\u0259 b\u00fct\u00f6vl\u00fckd\u0259 d\u00fcnyan\u0131n t\u0259kam\u00fcl dinamikas\u0131n\u0131 yenil\u0259\u015fdir\u0259 bil\u0259r. \u0130lham \u018fliyev m\u0259hz bu s\u0259viyy\u0259d\u0259 q\u0259bul edil\u0259n liderl\u0259rd\u0259ndir. Az\u0259rbaycan Prezidentinin Rusiyan\u0131n &#8220;Rossiya-24&#8221; televiziya kanal\u0131na verdiyi m\u00fcsahib\u0259d\u0259n d\u0259 bu ayd\u0131n g\u00f6r\u00fcn\u00fcr. D\u00f6vl\u0259t ba\u015f\u00e7\u0131s\u0131 lakonik, d\u0259rin m\u0259zmunlu v\u0259 n\u0259z\u0259ri-praktiki \u0259h\u0259miyy\u0259tli fikirl\u0259r ifad\u0259 edib. \u0130lham \u018fliyevin ir\u0259li s\u00fcrd\u00fcy\u00fc tezisl\u0259r m\u00fcasir geosiyasi \u015f\u0259raitd\u0259 c\u0259r\u0259yan ed\u0259n hadis\u0259l\u0259r\u0259 obyektiv, geni\u015f aspektd\u0259 v\u0259 d\u0259rind\u0259n yana\u015fma\u011fa imkan verir. Oxucu bir daha \u0259min olur ki, Az\u0259rbaycan s\u00f6z\u00fcn&hellip;<\/p>\n","protected":false},"author":2,"featured_media":150715,"comment_status":"closed","ping_status":"closed","sticky":false,"template":"","format":"standard","meta":{"om_disable_all_campaigns":false,"_monsterinsights_skip_tracking":false,"_monsterinsights_sitenote_active":false,"_monsterinsights_sitenote_note":"","_monsterinsights_sitenote_category":0},"categories":[1],"tags":[],"aioseo_notices":[],"gutentor_comment":0,"rttpg_featured_image_url":{"full":["https:\/\/arantv.az\/wp-content\/uploads\/2020\/04\/841714.jpg",800,600,false],"landscape":["https:\/\/arantv.az\/wp-content\/uploads\/2020\/04\/841714.jpg",800,600,false],"portraits":["https:\/\/arantv.az\/wp-content\/uploads\/2020\/04\/841714.jpg",800,600,false],"thumbnail":["https:\/\/arantv.az\/wp-content\/uploads\/2020\/04\/841714-150x150.jpg",150,150,true],"medium":["https:\/\/arantv.az\/wp-content\/uploads\/2020\/04\/841714-300x225.jpg",300,225,true],"large":["https:\/\/arantv.az\/wp-content\/uploads\/2020\/04\/841714.jpg",640,480,false],"1536x1536":["https:\/\/arantv.az\/wp-content\/uploads\/2020\/04\/841714.jpg",800,600,false],"2048x2048":["https:\/\/arantv.az\/wp-content\/uploads\/2020\/04\/841714.jpg",800,600,false],"post-thumbnail":["https:\/\/arantv.az\/wp-content\/uploads\/2020\/04\/841714-240x172.jpg",240,172,true],"advps-thumb-one":["https:\/\/arantv.az\/wp-content\/uploads\/2020\/04\/841714.jpg",800,600,false]},"rttpg_author":{"display_name":"V\u00fcsal Rafiqo\u011flu","author_link":"https:\/\/arantv.az\/?author=2"},"rttpg_comment":0,"rttpg_category":"<a href=\"https:\/\/arantv.az\/?cat=1\" rel=\"category\">C\u0259miyy\u0259t<\/a>","rttpg_excerpt":"ARANTV.AZ\u00a0newtimes.az-\u0131n yaz\u0131s\u0131n\u0131 t\u0259qdim edir: Haz\u0131rk\u0131 tarixi m\u0259rh\u0259l\u0259d\u0259 siyasi liderl\u0259rin d\u00fcnyan\u0131n taleyind\u0259 rolu daha da art\u0131b. Siyasi n\u0259z\u0259riyy\u0259l\u0259rd\u0259 \u015f\u0259xsiyy\u0259tl\u0259rin f\u0259aliyy\u0259ti \u00fcz\u0259rind\u0259 geni\u015f dayan\u0131l\u0131r. Siyas\u0259t\u00e7i \u00f6z davran\u0131\u015f\u0131 il\u0259 b\u00fct\u00f6vl\u00fckd\u0259 d\u00fcnyan\u0131n t\u0259kam\u00fcl dinamikas\u0131n\u0131 yenil\u0259\u015fdir\u0259 bil\u0259r. \u0130lham \u018fliyev m\u0259hz bu s\u0259viyy\u0259d\u0259 q\u0259bul edil\u0259n liderl\u0259rd\u0259ndir. Az\u0259rbaycan Prezidentinin Rusiyan\u0131n &#8220;Rossiya-24&#8221; televiziya kanal\u0131na verdiyi m\u00fcsahib\u0259d\u0259n d\u0259 bu ayd\u0131n g\u00f6r\u00fcn\u00fcr. D\u00f6vl\u0259t ba\u015f\u00e7\u0131s\u0131 lakonik,&hellip;","_links":{"self":[{"href":"https:\/\/arantv.az\/index.php?rest_route=\/wp\/v2\/posts\/150714"}],"collection":[{"href":"https:\/\/arantv.az\/index.php?rest_route=\/wp\/v2\/posts"}],"about":[{"href":"https:\/\/arantv.az\/index.php?rest_route=\/wp\/v2\/types\/post"}],"author":[{"embeddable":true,"href":"https:\/\/arantv.az\/index.php?rest_route=\/wp\/v2\/users\/2"}],"replies":[{"embeddable":true,"href":"https:\/\/arantv.az\/index.php?rest_route=%2Fwp%2Fv2%2Fcomments&post=150714"}],"version-history":[{"count":0,"href":"https:\/\/arantv.az\/index.php?rest_route=\/wp\/v2\/posts\/150714\/revisions"}],"wp:featuredmedia":[{"embeddable":true,"href":"https:\/\/arantv.az\/index.php?rest_route=\/wp\/v2\/media\/150715"}],"wp:attachment":[{"href":"https:\/\/arantv.az\/index.php?rest_route=%2Fwp%2Fv2%2Fmedia&parent=150714"}],"wp:term":[{"taxonomy":"category","embeddable":true,"href":"https:\/\/arantv.az\/index.php?rest_route=%2Fwp%2Fv2%2Fcategories&post=150714"},{"taxonomy":"post_tag","embeddable":true,"href":"https:\/\/arantv.az\/index.php?rest_route=%2Fwp%2Fv2%2Ftags&post=150714"}],"curies":[{"name":"wp","href":"https:\/\/api.w.org\/{rel}","templated":true}]}}