{"id":150718,"date":"2020-04-13T18:57:19","date_gmt":"2020-04-13T15:57:19","guid":{"rendered":"http:\/\/arantv.az\/?p=150718"},"modified":"2020-04-13T18:57:19","modified_gmt":"2020-04-13T15:57:19","slug":"gilan-tekstil-park-qoruyucu-kombinezonlarin-istehsalina-basladi-tibbi-maska-istehsalina-hazirliq-gorur-video","status":"publish","type":"post","link":"https:\/\/arantv.az\/?p=150718","title":{"rendered":"\u201cGilan Tekstil Park\u201d qoruyucu kombinezonlar\u0131n istehsal\u0131na ba\u015flad\u0131, tibbi maska istehsal\u0131na haz\u0131rl\u0131q g\u00f6r\u00fcr &#8211; V\u0130DEO"},"content":{"rendered":"<div class=\"article_text\">\n<p>Koronavirus pandemiyas\u0131n\u0131n qar\u015f\u0131s\u0131n\u0131n al\u0131nmas\u0131 il\u0259 ba\u011fl\u0131 Az\u0259rbaycanda h\u0259yata ke\u00e7iril\u0259n b\u00fct\u00fcn i\u015fl\u0259ri daim diqq\u0259t m\u0259rk\u0259zind\u0259 saxlayan Az\u0259rbaycan Respublikas\u0131n\u0131n Prezidenti \u0130lham \u018fliyev \u0259halinin sa\u011flaml\u0131\u011f\u0131n\u0131n qorunmas\u0131 m\u0259s\u0259l\u0259sin\u0259 h\u0259r zaman x\u00fcsusi h\u0259ssasl\u0131qla yana\u015f\u0131r. 2020-ci il aprelnin 6-da Sumqay\u0131t Kimya S\u0259naye Park\u0131nda &#8220;Bak\u0131 Tekstil Fabriki&#8221; MMC t\u0259r\u0259find\u0259n yarad\u0131lan tibbi maska istehsal\u0131 m\u00fc\u0259ssis\u0259sinin a\u00e7\u0131l\u0131\u015f\u0131nda Prezident \u0130lham \u018fliyevin v\u0259 birinci xan\u0131m Mehriban \u018fliyevan\u0131n i\u015ftirak\u0131, h\u0259min m\u0259rasimd\u0259 d\u00f6vl\u0259t ba\u015f\u00e7\u0131s\u0131n\u0131n s\u00f6yl\u0259diyi d\u0259y\u0259rli fikirl\u0259r bunun bariz n\u00fcmun\u0259sidir.<\/p>\n<p>ARANTV.AZ\u00a0<a href=\"http:\/\/az.trend.az\/\" target=\"_blank\" rel=\"noopener\">Trend<\/a>-\u0259 istinad\u0259n bildirir ki,\u00a0\u00f6lk\u0259nin \u0259n iri tekstil m\u00fc\u0259ssis\u0259si olan &#8220;G\u0130LAN TEKST\u0130L PARK&#8221; MMC q\u0131sa m\u00fcdd\u0259t \u0259rzind\u0259 istehsalat prosesind\u0259 d\u0259yi\u015fiklikl\u0259r etmi\u015f, t\u0259l\u0259b olunan xammal\u0131 alm\u0131\u015f, qoruyucu kombinezonlar\u0131n istehsal\u0131na ba\u015flam\u0131\u015f, tibbi maskalar\u0131n istehsal\u0131na is\u0259 n\u00f6vb\u0259ti h\u0259ft\u0259 \u0259rzind\u0259 start ver\u0259c\u0259k. Bununla m\u00fc\u0259ssis\u0259 \u00f6lk\u0259mizd\u0259 COV\u0130D-19 pandemiyas\u0131 il\u0259 m\u00fcbariz\u0259y\u0259 \u00f6z t\u00f6hf\u0259sini vermi\u015f olacaq.<\/p>\n<p>Fasil\u0259siz i\u015f rejimind\u0259 \u00e7al\u0131\u015fan G\u0130LAN TEKST\u0130L PARK-da h\u0259ft\u0259lik istehsal g\u00fcc\u00fc 30.000 qoruyucu kombinezon v\u0259 minimum 1.000.000 tibbi maska t\u0259\u015fkil ed\u0259c\u0259k.<br \/>\n\u0130stehsal olunan Tyvek\u00ae Klassik modelli qoruyucu kombinezonlar istifad\u0259\u00e7il\u0259ri virus, infeksiya, z\u0259r\u0259rli madd\u0259l\u0259rd\u0259n v\u0259 ya h\u0259ssasl\u0131q yarada bil\u0259n m\u0259hsullardan v\u0259 prosesl\u0259rd\u0259n qorumaq \u00fc\u00e7\u00fcn n\u0259z\u0259rd\u0259 tutulub.<\/p>\n<p>Tibbi maskalar\u0131n istehsal\u0131 \u00fc\u00e7qatl\u0131 texnologiya il\u0259 h\u0259yata ke\u00e7iril\u0259c\u0259k. N\u0259tic\u0259d\u0259 havada u\u00e7an m\u00fcxt\u0259lif kateqoriyal\u0131 v\u0259 f\u0259rqli \u00f6l\u00e7\u00fcl\u0259rd\u0259 viruslar\u0131, infeksiyalar\u0131, o c\u00fcml\u0259d\u0259n tozu v\u0259 dig\u0259r \u00e7irkli hiss\u0259cikl\u0259ri maskan\u0131n istehsal\u0131nda istifad\u0259 olunan x\u00fcsusi materiallar \u00fc\u00e7qat birl\u0259\u015f\u0259r\u0259k filtr edir v\u0259 insan sa\u011flaml\u0131\u011f\u0131na ziyan vura bil\u0259c\u0259k elementl\u0259ri maskada saxlay\u0131r.<\/p>\n<p>\u0130ndiy\u0259 q\u0259d\u0259r daxili bazarda qoruyucu kombinezon v\u0259 tibbi maskalara olan t\u0259l\u0259bat idxal\u0131n hesab\u0131na \u00f6d\u0259nilirdis\u0259, d\u00fcnyada COV\u0130D-19 pandemiyas\u0131 il\u0259 \u0259laq\u0259dar t\u0259l\u0259bat\u0131n d\u0259f\u0259l\u0259rl\u0259 artmas\u0131 s\u0259b\u0259bind\u0259n xaricd\u0259 m\u0259hsullar\u0131n b\u00f6y\u00fck q\u0131tl\u0131\u011f\u0131 ya\u015fanm\u0131\u015fd\u0131r. N\u0259tic\u0259 etibaril\u0259 h\u0259min m\u0259hsullara olan ehtiyac\u0131n yerli istehsal hesab\u0131na \u00f6d\u0259nilm\u0259si z\u0259rur\u0259t\u0259 \u00e7evrilmi\u015fdir. \u0130stehsal\u0131 \u00fc\u00e7\u00fcn t\u0259l\u0259b olunan x\u00fcsusi xammal v\u0259 m\u00fcasir avadanl\u0131q Prezident \u0130lham \u018fliyevin tap\u015f\u0131r\u0131\u011f\u0131na \u0259sas\u0259n, aidiyy\u0259ti d\u00f6vl\u0259t qurumlar\u0131n\u0131n d\u0259st\u0259yi il\u0259 q\u0131sa m\u00fcdd\u0259td\u0259 m\u00fc\u0259ssis\u0259y\u0259 g\u0259tirilmi\u015f v\u0259 istehsal x\u0259tti istifad\u0259y\u0259 verilm\u0259k \u00fczr\u0259dir.<\/p>\n<div>\n<div id=\"AdviadNativeVideo0\" class=\"AdviadNativeVideo\"><\/div>\n<\/div>\n<p><iframe loading=\"lazy\" src=\"https:\/\/www.trend.az\/player.php?f=%20https:\/\/cdn.trend.az\/2020\/04\/13\/video_gilan_130420_1.mp4\" width=\"100%\" height=\"360\" frameborder=\"0\" allowfullscreen=\"allowfullscreen\" data-mce-fragment=\"1\"><\/iframe><\/p>\n<p><iframe loading=\"lazy\" src=\"https:\/\/www.trend.az\/player.php?f=%20https:\/\/cdn.trend.az\/2020\/04\/13\/video_gilan_130420_2.mp4\" width=\"100%\" height=\"360\" frameborder=\"0\" allowfullscreen=\"allowfullscreen\" data-mce-fragment=\"1\"><\/iframe><\/p>\n<p><iframe loading=\"lazy\" src=\"https:\/\/www.trend.az\/player.php?f=%20https:\/\/cdn.trend.az\/2020\/04\/13\/video_gilan_130420_3.mp4\" width=\"100%\" height=\"360\" frameborder=\"0\" allowfullscreen=\"allowfullscreen\" data-mce-fragment=\"1\"><\/iframe><\/p>\n<p><iframe loading=\"lazy\" src=\"https:\/\/www.trend.az\/player.php?f=%20https:\/\/cdn.trend.az\/2020\/04\/13\/video_gilan_130420_4.mp4\" width=\"100%\" height=\"360\" frameborder=\"0\" allowfullscreen=\"allowfullscreen\" data-mce-fragment=\"1\"><\/iframe><\/p>\n<\/div>\n<div class=\"social-banner\"><\/div>\n","protected":false},"excerpt":{"rendered":"<p>Koronavirus pandemiyas\u0131n\u0131n qar\u015f\u0131s\u0131n\u0131n al\u0131nmas\u0131 il\u0259 ba\u011fl\u0131 Az\u0259rbaycanda h\u0259yata ke\u00e7iril\u0259n b\u00fct\u00fcn i\u015fl\u0259ri daim diqq\u0259t m\u0259rk\u0259zind\u0259 saxlayan Az\u0259rbaycan Respublikas\u0131n\u0131n Prezidenti \u0130lham \u018fliyev \u0259halinin sa\u011flaml\u0131\u011f\u0131n\u0131n qorunmas\u0131 m\u0259s\u0259l\u0259sin\u0259 h\u0259r zaman x\u00fcsusi h\u0259ssasl\u0131qla yana\u015f\u0131r. 2020-ci il aprelnin 6-da Sumqay\u0131t Kimya S\u0259naye Park\u0131nda &#8220;Bak\u0131 Tekstil Fabriki&#8221; MMC t\u0259r\u0259find\u0259n yarad\u0131lan tibbi maska istehsal\u0131 m\u00fc\u0259ssis\u0259sinin a\u00e7\u0131l\u0131\u015f\u0131nda Prezident \u0130lham \u018fliyevin v\u0259 birinci xan\u0131m Mehriban \u018fliyevan\u0131n i\u015ftirak\u0131, h\u0259min m\u0259rasimd\u0259 d\u00f6vl\u0259t ba\u015f\u00e7\u0131s\u0131n\u0131n s\u00f6yl\u0259diyi d\u0259y\u0259rli fikirl\u0259r bunun bariz n\u00fcmun\u0259sidir. ARANTV.AZ\u00a0Trend-\u0259 istinad\u0259n bildirir ki,\u00a0\u00f6lk\u0259nin \u0259n iri tekstil m\u00fc\u0259ssis\u0259si olan &#8220;G\u0130LAN TEKST\u0130L PARK&#8221; MMC q\u0131sa m\u00fcdd\u0259t \u0259rzind\u0259 istehsalat prosesind\u0259 d\u0259yi\u015fiklikl\u0259r etmi\u015f, t\u0259l\u0259b olunan xammal\u0131&hellip;<\/p>\n","protected":false},"author":2,"featured_media":150719,"comment_status":"closed","ping_status":"closed","sticky":false,"template":"","format":"standard","meta":{"om_disable_all_campaigns":false,"_monsterinsights_skip_tracking":false,"_monsterinsights_sitenote_active":false,"_monsterinsights_sitenote_note":"","_monsterinsights_sitenote_category":0},"categories":[24],"tags":[],"aioseo_notices":[],"gutentor_comment":0,"rttpg_featured_image_url":{"full":["https:\/\/arantv.az\/wp-content\/uploads\/2020\/04\/841712.jpg",800,600,false],"landscape":["https:\/\/arantv.az\/wp-content\/uploads\/2020\/04\/841712.jpg",800,600,false],"portraits":["https:\/\/arantv.az\/wp-content\/uploads\/2020\/04\/841712.jpg",800,600,false],"thumbnail":["https:\/\/arantv.az\/wp-content\/uploads\/2020\/04\/841712-150x150.jpg",150,150,true],"medium":["https:\/\/arantv.az\/wp-content\/uploads\/2020\/04\/841712-300x225.jpg",300,225,true],"large":["https:\/\/arantv.az\/wp-content\/uploads\/2020\/04\/841712.jpg",640,480,false],"1536x1536":["https:\/\/arantv.az\/wp-content\/uploads\/2020\/04\/841712.jpg",800,600,false],"2048x2048":["https:\/\/arantv.az\/wp-content\/uploads\/2020\/04\/841712.jpg",800,600,false],"post-thumbnail":["https:\/\/arantv.az\/wp-content\/uploads\/2020\/04\/841712-240x172.jpg",240,172,true],"advps-thumb-one":["https:\/\/arantv.az\/wp-content\/uploads\/2020\/04\/841712.jpg",800,600,false]},"rttpg_author":{"display_name":"V\u00fcsal Rafiqo\u011flu","author_link":"https:\/\/arantv.az\/?author=2"},"rttpg_comment":0,"rttpg_category":"<a href=\"https:\/\/arantv.az\/?cat=24\" rel=\"category\">Maraql\u0131<\/a>","rttpg_excerpt":"Koronavirus pandemiyas\u0131n\u0131n qar\u015f\u0131s\u0131n\u0131n al\u0131nmas\u0131 il\u0259 ba\u011fl\u0131 Az\u0259rbaycanda h\u0259yata ke\u00e7iril\u0259n b\u00fct\u00fcn i\u015fl\u0259ri daim diqq\u0259t m\u0259rk\u0259zind\u0259 saxlayan Az\u0259rbaycan Respublikas\u0131n\u0131n Prezidenti \u0130lham \u018fliyev \u0259halinin sa\u011flaml\u0131\u011f\u0131n\u0131n qorunmas\u0131 m\u0259s\u0259l\u0259sin\u0259 h\u0259r zaman x\u00fcsusi h\u0259ssasl\u0131qla yana\u015f\u0131r. 2020-ci il aprelnin 6-da Sumqay\u0131t Kimya S\u0259naye Park\u0131nda &#8220;Bak\u0131 Tekstil Fabriki&#8221; MMC t\u0259r\u0259find\u0259n yarad\u0131lan tibbi maska istehsal\u0131 m\u00fc\u0259ssis\u0259sinin a\u00e7\u0131l\u0131\u015f\u0131nda Prezident \u0130lham \u018fliyevin v\u0259 birinci xan\u0131m Mehriban&hellip;","_links":{"self":[{"href":"https:\/\/arantv.az\/index.php?rest_route=\/wp\/v2\/posts\/150718"}],"collection":[{"href":"https:\/\/arantv.az\/index.php?rest_route=\/wp\/v2\/posts"}],"about":[{"href":"https:\/\/arantv.az\/index.php?rest_route=\/wp\/v2\/types\/post"}],"author":[{"embeddable":true,"href":"https:\/\/arantv.az\/index.php?rest_route=\/wp\/v2\/users\/2"}],"replies":[{"embeddable":true,"href":"https:\/\/arantv.az\/index.php?rest_route=%2Fwp%2Fv2%2Fcomments&post=150718"}],"version-history":[{"count":0,"href":"https:\/\/arantv.az\/index.php?rest_route=\/wp\/v2\/posts\/150718\/revisions"}],"wp:featuredmedia":[{"embeddable":true,"href":"https:\/\/arantv.az\/index.php?rest_route=\/wp\/v2\/media\/150719"}],"wp:attachment":[{"href":"https:\/\/arantv.az\/index.php?rest_route=%2Fwp%2Fv2%2Fmedia&parent=150718"}],"wp:term":[{"taxonomy":"category","embeddable":true,"href":"https:\/\/arantv.az\/index.php?rest_route=%2Fwp%2Fv2%2Fcategories&post=150718"},{"taxonomy":"post_tag","embeddable":true,"href":"https:\/\/arantv.az\/index.php?rest_route=%2Fwp%2Fv2%2Ftags&post=150718"}],"curies":[{"name":"wp","href":"https:\/\/api.w.org\/{rel}","templated":true}]}}