{"id":150748,"date":"2020-04-13T19:20:20","date_gmt":"2020-04-13T16:20:20","guid":{"rendered":"http:\/\/arantv.az\/?p=150748"},"modified":"2020-04-13T19:20:20","modified_gmt":"2020-04-13T16:20:20","slug":"diplomlarin-taninmasina-gor%c9%99-dovl%c9%99t-rusumu-l%c9%99gv-edilir","status":"publish","type":"post","link":"https:\/\/arantv.az\/?p=150748","title":{"rendered":"Diplomlar\u0131n tan\u0131nmas\u0131na g\u00f6r\u0259 d\u00f6vl\u0259t r\u00fcsumu l\u0259\u011fv edilir"},"content":{"rendered":"<p>Milli M\u0259clisin (MM) \u0130qtisadi siyas\u0259t, s\u0259naye v\u0259 sahibkarl\u0131q komit\u0259sinin n\u00f6vb\u0259ti onlayn iclas\u0131 ke\u00e7irilib.<\/p>\n<p>&#8220;Report&#8221;un x\u0259b\u0259rin\u0259 g\u00f6r\u0259, iclas\u0131 a\u00e7an komit\u0259 s\u0259dri Tahir Mirki\u015fili bildirib ki, g\u00fcnd\u0259liy\u0259 iki m\u0259s\u0259l\u0259 &#8211; \u201cNa\u011fds\u0131z hesabla\u015fmalar haqq\u0131nda\u201d Az\u0259rbaycan Respublikas\u0131n\u0131n Qanununda d\u0259yi\u015fiklik edilm\u0259si bar\u0259d\u0259 Az\u0259rbaycan Respublikas\u0131 qanununun layih\u0259si haqq\u0131nda v\u0259 \u201cT\u0259hsil haqq\u0131nda\u201d v\u0259 \u201cD\u00f6vl\u0259t r\u00fcsumu haqq\u0131nda\u201d Az\u0259rbaycan Respublikas\u0131n\u0131n qanunlar\u0131nda d\u0259yi\u015fiklik edilm\u0259si haqq\u0131nda s\u0259n\u0259dl\u0259r (birinci oxunu\u015fda) daxildir.<\/p>\n<p>Komit\u0259 s\u0259dri m\u0259s\u0259l\u0259l\u0259rin \u0259h\u0259miyy\u0259ti bar\u0259d\u0259 dan\u0131\u015f\u0131b. Birinci m\u0259s\u0259l\u0259 il\u0259 ba\u011fl\u0131 qeyd edilib ki, t\u0259klif olunan d\u0259yi\u015fiklik, k\u0259nd t\u0259s\u0259rr\u00fcfat\u0131 m\u0259hsullar\u0131n\u0131n istehsal\u0131 il\u0259 ba\u011fl\u0131 m\u00fclki-h\u00fcquqi xarakterli m\u00fcqavil\u0259l\u0259r \u0259sas\u0131nda m\u00f6vs\u00fcmi i\u015fl\u0259r\u0259 c\u0259lb edil\u0259n fiziki \u015f\u0259xsl\u0259r\u0259 g\u00fcnd\u0259lik \u00f6d\u0259ni\u015fin na\u011fd qaydada veril\u0259 bilm\u0259sini n\u0259z\u0259rd\u0259 tutur.<\/p>\n<p>Bu \u00f6d\u0259ni\u015fin yuxar\u0131 h\u0259ddi 20 manat m\u0259bl\u0259\u011find\u0259 m\u00fc\u0259yy\u0259n edilir. Qanun layih\u0259si i\u015f\u0259 c\u0259lb olunanlar\u0131n u\u00e7otunun d\u00fcr\u00fcstl\u0259\u015fdirilm\u0259sin\u0259 v\u0259 sosial m\u00fcdafi\u0259sinin t\u0259min olunmas\u0131na imkan yarad\u0131r.<\/p>\n<div id=\"AdviadNativeVideo0\" class=\"AdviadNativeVideo\"><\/div>\n<p>G\u00fcnd\u0259likd\u0259 olan ikinci m\u0259s\u0259l\u0259 \u201cT\u0259hsil haqq\u0131nda\u201d v\u0259 \u201cD\u00f6vl\u0259t r\u00fcsumu haqq\u0131nda\u201d Az\u0259rbaycan Respublikas\u0131n\u0131n qanunlar\u0131nda d\u0259yi\u015fiklik edilm\u0259si bar\u0259d\u0259 Az\u0259rbaycan Respublikas\u0131 qanununun layih\u0259si haqq\u0131nda (birinci oxunu\u015f) idi.<\/p>\n<p>Komit\u0259 s\u0259dri vur\u011fulay\u0131b ki, qanuna t\u0259klif olunan d\u0259yi\u015fiklikl\u0259r \u201cT\u0259hsil haqq\u0131nda\u201d qanuna t\u0259klif olunan d\u0259yi\u015fiklikl\u0259r\u0259 uy\u011funla\u015fd\u0131rma xarakteri da\u015f\u0131y\u0131r.<\/p>\n<p>Bel\u0259 ki, xarici \u00f6lk\u0259l\u0259rin ali t\u0259hsil m\u00fc\u0259ssis\u0259l\u0259rinin diplomlar\u0131n\u0131n tan\u0131nmas\u0131 bir\u00a0<a title=\"xidmetler temir xidmeti 2020\" href=\"https:\/\/xidmetler.az\/\" target=\"_blank\" rel=\"noopener\">xidm\u0259t<\/a>\u00a0n\u00f6v\u00fc kimi m\u00fc\u0259yy\u0259n edildiyind\u0259n v\u0259 h\u0259min xidm\u0259t\u0259 g\u00f6r\u0259 xidm\u0259t haqq\u0131 tutuldu\u011fundan \u201cD\u00f6vl\u0259t r\u00fcsumu haqq\u0131nda\u201d qanunda m\u00fcvafiq d\u0259yi\u015fiklik edilir v\u0259 xarici \u00f6lk\u0259l\u0259rin ali t\u0259hsil m\u00fc\u0259ssis\u0259l\u0259rinin diplomlar\u0131n\u0131n tan\u0131nmas\u0131na g\u00f6r\u0259 d\u00f6vl\u0259t r\u00fcsumu l\u0259\u011fv edilir.<\/p>\n<p>H\u0259r iki qanun layih\u0259si il\u0259 ba\u011fl\u0131 komit\u0259 \u00fczvl\u0259ri \u00f6z fikir v\u0259 t\u0259klifl\u0259rini s\u00f6yl\u0259yibl\u0259r.<\/p>\n<p>M\u00fczakir\u0259l\u0259rd\u0259n sonra h\u0259r iki m\u0259s\u0259l\u0259 Milli M\u0259clisin plenar iclas\u0131nda bax\u0131lmaq \u00fc\u00e7\u00fcn t\u00f6vsiy\u0259 olunub.<\/p>\n","protected":false},"excerpt":{"rendered":"<p>Milli M\u0259clisin (MM) \u0130qtisadi siyas\u0259t, s\u0259naye v\u0259 sahibkarl\u0131q komit\u0259sinin n\u00f6vb\u0259ti onlayn iclas\u0131 ke\u00e7irilib. &#8220;Report&#8221;un x\u0259b\u0259rin\u0259 g\u00f6r\u0259, iclas\u0131 a\u00e7an komit\u0259 s\u0259dri Tahir Mirki\u015fili bildirib ki, g\u00fcnd\u0259liy\u0259 iki m\u0259s\u0259l\u0259 &#8211; \u201cNa\u011fds\u0131z hesabla\u015fmalar haqq\u0131nda\u201d Az\u0259rbaycan Respublikas\u0131n\u0131n Qanununda d\u0259yi\u015fiklik edilm\u0259si bar\u0259d\u0259 Az\u0259rbaycan Respublikas\u0131 qanununun layih\u0259si haqq\u0131nda v\u0259 \u201cT\u0259hsil haqq\u0131nda\u201d v\u0259 \u201cD\u00f6vl\u0259t r\u00fcsumu haqq\u0131nda\u201d Az\u0259rbaycan Respublikas\u0131n\u0131n qanunlar\u0131nda d\u0259yi\u015fiklik edilm\u0259si haqq\u0131nda s\u0259n\u0259dl\u0259r (birinci oxunu\u015fda) daxildir. Komit\u0259 s\u0259dri m\u0259s\u0259l\u0259l\u0259rin \u0259h\u0259miyy\u0259ti bar\u0259d\u0259 dan\u0131\u015f\u0131b. Birinci m\u0259s\u0259l\u0259 il\u0259 ba\u011fl\u0131 qeyd edilib ki, t\u0259klif olunan d\u0259yi\u015fiklik, k\u0259nd t\u0259s\u0259rr\u00fcfat\u0131 m\u0259hsullar\u0131n\u0131n istehsal\u0131 il\u0259 ba\u011fl\u0131 m\u00fclki-h\u00fcquqi xarakterli m\u00fcqavil\u0259l\u0259r \u0259sas\u0131nda m\u00f6vs\u00fcmi i\u015fl\u0259r\u0259 c\u0259lb edil\u0259n fiziki&hellip;<\/p>\n","protected":false},"author":2,"featured_media":150749,"comment_status":"closed","ping_status":"closed","sticky":false,"template":"","format":"standard","meta":{"om_disable_all_campaigns":false,"_monsterinsights_skip_tracking":false,"_monsterinsights_sitenote_active":false,"_monsterinsights_sitenote_note":"","_monsterinsights_sitenote_category":0},"categories":[23],"tags":[],"aioseo_notices":[],"gutentor_comment":0,"rttpg_featured_image_url":{"full":["https:\/\/arantv.az\/wp-content\/uploads\/2020\/04\/d0108c17-8ac5-45d6-af6e-a03c0115b2fd.jpg",649,433,false],"landscape":["https:\/\/arantv.az\/wp-content\/uploads\/2020\/04\/d0108c17-8ac5-45d6-af6e-a03c0115b2fd.jpg",649,433,false],"portraits":["https:\/\/arantv.az\/wp-content\/uploads\/2020\/04\/d0108c17-8ac5-45d6-af6e-a03c0115b2fd.jpg",649,433,false],"thumbnail":["https:\/\/arantv.az\/wp-content\/uploads\/2020\/04\/d0108c17-8ac5-45d6-af6e-a03c0115b2fd-150x150.jpg",150,150,true],"medium":["https:\/\/arantv.az\/wp-content\/uploads\/2020\/04\/d0108c17-8ac5-45d6-af6e-a03c0115b2fd-300x200.jpg",300,200,true],"large":["https:\/\/arantv.az\/wp-content\/uploads\/2020\/04\/d0108c17-8ac5-45d6-af6e-a03c0115b2fd.jpg",640,427,false],"1536x1536":["https:\/\/arantv.az\/wp-content\/uploads\/2020\/04\/d0108c17-8ac5-45d6-af6e-a03c0115b2fd.jpg",649,433,false],"2048x2048":["https:\/\/arantv.az\/wp-content\/uploads\/2020\/04\/d0108c17-8ac5-45d6-af6e-a03c0115b2fd.jpg",649,433,false],"post-thumbnail":["https:\/\/arantv.az\/wp-content\/uploads\/2020\/04\/d0108c17-8ac5-45d6-af6e-a03c0115b2fd-240x172.jpg",240,172,true],"advps-thumb-one":["https:\/\/arantv.az\/wp-content\/uploads\/2020\/04\/d0108c17-8ac5-45d6-af6e-a03c0115b2fd.jpg",649,433,false]},"rttpg_author":{"display_name":"V\u00fcsal Rafiqo\u011flu","author_link":"https:\/\/arantv.az\/?author=2"},"rttpg_comment":0,"rttpg_category":"<a href=\"https:\/\/arantv.az\/?cat=23\" rel=\"category\">T\u0259hsil<\/a>","rttpg_excerpt":"Milli M\u0259clisin (MM) \u0130qtisadi siyas\u0259t, s\u0259naye v\u0259 sahibkarl\u0131q komit\u0259sinin n\u00f6vb\u0259ti onlayn iclas\u0131 ke\u00e7irilib. &#8220;Report&#8221;un x\u0259b\u0259rin\u0259 g\u00f6r\u0259, iclas\u0131 a\u00e7an komit\u0259 s\u0259dri Tahir Mirki\u015fili bildirib ki, g\u00fcnd\u0259liy\u0259 iki m\u0259s\u0259l\u0259 &#8211; \u201cNa\u011fds\u0131z hesabla\u015fmalar haqq\u0131nda\u201d Az\u0259rbaycan Respublikas\u0131n\u0131n Qanununda d\u0259yi\u015fiklik edilm\u0259si bar\u0259d\u0259 Az\u0259rbaycan Respublikas\u0131 qanununun layih\u0259si haqq\u0131nda v\u0259 \u201cT\u0259hsil haqq\u0131nda\u201d v\u0259 \u201cD\u00f6vl\u0259t r\u00fcsumu haqq\u0131nda\u201d Az\u0259rbaycan Respublikas\u0131n\u0131n qanunlar\u0131nda d\u0259yi\u015fiklik edilm\u0259si haqq\u0131nda&hellip;","_links":{"self":[{"href":"https:\/\/arantv.az\/index.php?rest_route=\/wp\/v2\/posts\/150748"}],"collection":[{"href":"https:\/\/arantv.az\/index.php?rest_route=\/wp\/v2\/posts"}],"about":[{"href":"https:\/\/arantv.az\/index.php?rest_route=\/wp\/v2\/types\/post"}],"author":[{"embeddable":true,"href":"https:\/\/arantv.az\/index.php?rest_route=\/wp\/v2\/users\/2"}],"replies":[{"embeddable":true,"href":"https:\/\/arantv.az\/index.php?rest_route=%2Fwp%2Fv2%2Fcomments&post=150748"}],"version-history":[{"count":0,"href":"https:\/\/arantv.az\/index.php?rest_route=\/wp\/v2\/posts\/150748\/revisions"}],"wp:featuredmedia":[{"embeddable":true,"href":"https:\/\/arantv.az\/index.php?rest_route=\/wp\/v2\/media\/150749"}],"wp:attachment":[{"href":"https:\/\/arantv.az\/index.php?rest_route=%2Fwp%2Fv2%2Fmedia&parent=150748"}],"wp:term":[{"taxonomy":"category","embeddable":true,"href":"https:\/\/arantv.az\/index.php?rest_route=%2Fwp%2Fv2%2Fcategories&post=150748"},{"taxonomy":"post_tag","embeddable":true,"href":"https:\/\/arantv.az\/index.php?rest_route=%2Fwp%2Fv2%2Ftags&post=150748"}],"curies":[{"name":"wp","href":"https:\/\/api.w.org\/{rel}","templated":true}]}}