{"id":150752,"date":"2020-04-13T19:21:48","date_gmt":"2020-04-13T16:21:48","guid":{"rendered":"http:\/\/arantv.az\/?p=150752"},"modified":"2020-04-13T19:21:48","modified_gmt":"2020-04-13T16:21:48","slug":"kivdf-nin-yeni-direktoru-7-n%c9%99f%c9%99ri-isd%c9%99n-cixardi","status":"publish","type":"post","link":"https:\/\/arantv.az\/?p=150752","title":{"rendered":"K\u0130VDF-nin yeni direktoru 7 n\u0259f\u0259ri i\u015fd\u0259n \u00e7\u0131xard\u0131"},"content":{"rendered":"<p>Prezident yan\u0131nda K\u00fctl\u0259vi \u0130nformasiya Vasit\u0259l\u0259rinin \u0130nki\u015faf\u0131na D\u00f6vl\u0259t D\u0259st\u0259yi Fondunun (K\u0130VDF) icra\u00e7\u0131 direktoru \u018fhm\u0259d \u0130smay\u0131lov r\u0259hb\u0259ri oldu\u011fu qurumda bir s\u0131ra t\u0259yinatlar edib.<\/p>\n<div id=\"AdviadNativeVideo0\" class=\"AdviadNativeVideo\">\u00a0Unikal.org-un \u0259ld\u0259 etdiyi m\u0259lumata g\u00f6r\u0259, \u018f.\u0130smay\u0131lov r\u0259hb\u0259ri oldu\u011fu qurumun 7 \u0259m\u0259kda\u015f\u0131n\u0131 i\u015fd\u0259n \u00e7\u0131xar\u0131b.<\/p>\n<p>\u0130cra\u00e7\u0131 direktorun m\u00fcvafiq \u0259mri il\u0259 i\u015fd\u0259n \u00e7\u0131xar\u0131lanlar\u0131n yerin\u0259 t\u0259yinat olub.<\/p><\/div>\n","protected":false},"excerpt":{"rendered":"<p>Prezident yan\u0131nda K\u00fctl\u0259vi \u0130nformasiya Vasit\u0259l\u0259rinin \u0130nki\u015faf\u0131na D\u00f6vl\u0259t D\u0259st\u0259yi Fondunun (K\u0130VDF) icra\u00e7\u0131 direktoru \u018fhm\u0259d \u0130smay\u0131lov r\u0259hb\u0259ri oldu\u011fu qurumda bir s\u0131ra t\u0259yinatlar edib. \u00a0Unikal.org-un \u0259ld\u0259 etdiyi m\u0259lumata g\u00f6r\u0259, \u018f.\u0130smay\u0131lov r\u0259hb\u0259ri oldu\u011fu qurumun 7 \u0259m\u0259kda\u015f\u0131n\u0131 i\u015fd\u0259n \u00e7\u0131xar\u0131b. \u0130cra\u00e7\u0131 direktorun m\u00fcvafiq \u0259mri il\u0259 i\u015fd\u0259n \u00e7\u0131xar\u0131lanlar\u0131n yerin\u0259 t\u0259yinat olub.<\/p>\n","protected":false},"author":2,"featured_media":150753,"comment_status":"closed","ping_status":"closed","sticky":false,"template":"","format":"standard","meta":{"om_disable_all_campaigns":false,"_monsterinsights_skip_tracking":false,"_monsterinsights_sitenote_active":false,"_monsterinsights_sitenote_note":"","_monsterinsights_sitenote_category":0},"categories":[19],"tags":[],"aioseo_notices":[],"gutentor_comment":0,"rttpg_featured_image_url":{"full":["https:\/\/arantv.az\/wp-content\/uploads\/2020\/04\/1586784773_untitled-1.jpg",649,365,false],"landscape":["https:\/\/arantv.az\/wp-content\/uploads\/2020\/04\/1586784773_untitled-1.jpg",649,365,false],"portraits":["https:\/\/arantv.az\/wp-content\/uploads\/2020\/04\/1586784773_untitled-1.jpg",649,365,false],"thumbnail":["https:\/\/arantv.az\/wp-content\/uploads\/2020\/04\/1586784773_untitled-1-150x150.jpg",150,150,true],"medium":["https:\/\/arantv.az\/wp-content\/uploads\/2020\/04\/1586784773_untitled-1-300x169.jpg",300,169,true],"large":["https:\/\/arantv.az\/wp-content\/uploads\/2020\/04\/1586784773_untitled-1.jpg",640,360,false],"1536x1536":["https:\/\/arantv.az\/wp-content\/uploads\/2020\/04\/1586784773_untitled-1.jpg",649,365,false],"2048x2048":["https:\/\/arantv.az\/wp-content\/uploads\/2020\/04\/1586784773_untitled-1.jpg",649,365,false],"post-thumbnail":["https:\/\/arantv.az\/wp-content\/uploads\/2020\/04\/1586784773_untitled-1-240x172.jpg",240,172,true],"advps-thumb-one":["https:\/\/arantv.az\/wp-content\/uploads\/2020\/04\/1586784773_untitled-1.jpg",649,365,false]},"rttpg_author":{"display_name":"V\u00fcsal Rafiqo\u011flu","author_link":"https:\/\/arantv.az\/?author=2"},"rttpg_comment":0,"rttpg_category":"<a href=\"https:\/\/arantv.az\/?cat=19\" rel=\"category\">G\u00fcnd\u0259m<\/a>","rttpg_excerpt":"Prezident yan\u0131nda K\u00fctl\u0259vi \u0130nformasiya Vasit\u0259l\u0259rinin \u0130nki\u015faf\u0131na D\u00f6vl\u0259t D\u0259st\u0259yi Fondunun (K\u0130VDF) icra\u00e7\u0131 direktoru \u018fhm\u0259d \u0130smay\u0131lov r\u0259hb\u0259ri oldu\u011fu qurumda bir s\u0131ra t\u0259yinatlar edib. \u00a0Unikal.org-un \u0259ld\u0259 etdiyi m\u0259lumata g\u00f6r\u0259, \u018f.\u0130smay\u0131lov r\u0259hb\u0259ri oldu\u011fu qurumun 7 \u0259m\u0259kda\u015f\u0131n\u0131 i\u015fd\u0259n \u00e7\u0131xar\u0131b. \u0130cra\u00e7\u0131 direktorun m\u00fcvafiq \u0259mri il\u0259 i\u015fd\u0259n \u00e7\u0131xar\u0131lanlar\u0131n yerin\u0259 t\u0259yinat olub.","_links":{"self":[{"href":"https:\/\/arantv.az\/index.php?rest_route=\/wp\/v2\/posts\/150752"}],"collection":[{"href":"https:\/\/arantv.az\/index.php?rest_route=\/wp\/v2\/posts"}],"about":[{"href":"https:\/\/arantv.az\/index.php?rest_route=\/wp\/v2\/types\/post"}],"author":[{"embeddable":true,"href":"https:\/\/arantv.az\/index.php?rest_route=\/wp\/v2\/users\/2"}],"replies":[{"embeddable":true,"href":"https:\/\/arantv.az\/index.php?rest_route=%2Fwp%2Fv2%2Fcomments&post=150752"}],"version-history":[{"count":0,"href":"https:\/\/arantv.az\/index.php?rest_route=\/wp\/v2\/posts\/150752\/revisions"}],"wp:featuredmedia":[{"embeddable":true,"href":"https:\/\/arantv.az\/index.php?rest_route=\/wp\/v2\/media\/150753"}],"wp:attachment":[{"href":"https:\/\/arantv.az\/index.php?rest_route=%2Fwp%2Fv2%2Fmedia&parent=150752"}],"wp:term":[{"taxonomy":"category","embeddable":true,"href":"https:\/\/arantv.az\/index.php?rest_route=%2Fwp%2Fv2%2Fcategories&post=150752"},{"taxonomy":"post_tag","embeddable":true,"href":"https:\/\/arantv.az\/index.php?rest_route=%2Fwp%2Fv2%2Ftags&post=150752"}],"curies":[{"name":"wp","href":"https:\/\/api.w.org\/{rel}","templated":true}]}}