{"id":150765,"date":"2020-04-13T19:27:03","date_gmt":"2020-04-13T16:27:03","guid":{"rendered":"http:\/\/arantv.az\/?p=150765"},"modified":"2020-04-13T19:27:03","modified_gmt":"2020-04-13T16:27:03","slug":"tacikistan-koronavirusa-meydan-oxuyur-bayrama-hazirliq-gedir","status":"publish","type":"post","link":"https:\/\/arantv.az\/?p=150765","title":{"rendered":"Tacikistan koronavirusa meydan oxuyur: Bayrama haz\u0131rl\u0131q gedir"},"content":{"rendered":"<p>Tacikistan\u0131n paytaxt\u0131nda k\u00fctl\u0259vi bayram t\u0259dbirin\u0259 haz\u0131rl\u0131q gedir.<\/p>\n<p>ARANTV.AZ oxu.az-a istinad\u0259n x\u0259b\u0259r verir ki, D\u00fc\u015f\u0259nb\u0259 \u015f\u0259h\u0259rinin 96 ya\u015f\u0131 tamam olur.<\/p>\n<p>Qeyd ed\u0259k ki, h\u0259r il aprelin \u00fc\u00e7\u00fcnc\u00fc h\u0259ft\u0259sind\u0259 qeyd olunan bayram \u00e7\u0259r\u00e7iv\u0259sind\u0259 k\u00fctl\u0259vi y\u00fcr\u00fc\u015fl\u0259r d\u0259 planla\u015fd\u0131r\u0131l\u0131r.<\/p>\n<p>Tacikistan haz\u0131rda koronavirusun qeyd\u0259 al\u0131nmad\u0131\u011f\u0131 son &#8220;qalalardan&#8221; hesab olunur. Burada indiy\u0259 kimi COVID-19-a bir yoluxma bel\u0259 qeyd\u0259 al\u0131nmay\u0131b.<\/p>\n<div><ins id=\"adsGardenCloud0158679515000612\" class=\"adsGardenCloud0158679515000612\" data-ad-client=\"1\" data-ad-slot=\"3420\" data-adsgarden-seen=\"true\" data-adsgarden-status=\"done\"><\/p>\n<div class=\"inpage\">\n<div class=\"inpage-wrap\">\n<div class=\"inpage-top\"><\/div>\n<div class=\"inpage-video\"><\/div>\n<\/div>\n<\/div>\n<p><\/ins><\/div>\n","protected":false},"excerpt":{"rendered":"<p>Tacikistan\u0131n paytaxt\u0131nda k\u00fctl\u0259vi bayram t\u0259dbirin\u0259 haz\u0131rl\u0131q gedir. ARANTV.AZ oxu.az-a istinad\u0259n x\u0259b\u0259r verir ki, D\u00fc\u015f\u0259nb\u0259 \u015f\u0259h\u0259rinin 96 ya\u015f\u0131 tamam olur. Qeyd ed\u0259k ki, h\u0259r il aprelin \u00fc\u00e7\u00fcnc\u00fc h\u0259ft\u0259sind\u0259 qeyd olunan bayram \u00e7\u0259r\u00e7iv\u0259sind\u0259 k\u00fctl\u0259vi y\u00fcr\u00fc\u015fl\u0259r d\u0259 planla\u015fd\u0131r\u0131l\u0131r. Tacikistan haz\u0131rda koronavirusun qeyd\u0259 al\u0131nmad\u0131\u011f\u0131 son &#8220;qalalardan&#8221; hesab olunur. Burada indiy\u0259 kimi COVID-19-a bir yoluxma bel\u0259 qeyd\u0259 al\u0131nmay\u0131b.<\/p>\n","protected":false},"author":2,"featured_media":150766,"comment_status":"closed","ping_status":"closed","sticky":false,"template":"","format":"standard","meta":{"om_disable_all_campaigns":false,"_monsterinsights_skip_tracking":false,"_monsterinsights_sitenote_active":false,"_monsterinsights_sitenote_note":"","_monsterinsights_sitenote_category":0},"categories":[7],"tags":[],"aioseo_notices":[],"gutentor_comment":0,"rttpg_featured_image_url":{"full":["https:\/\/arantv.az\/wp-content\/uploads\/2020\/04\/840795.jpg",800,600,false],"landscape":["https:\/\/arantv.az\/wp-content\/uploads\/2020\/04\/840795.jpg",800,600,false],"portraits":["https:\/\/arantv.az\/wp-content\/uploads\/2020\/04\/840795.jpg",800,600,false],"thumbnail":["https:\/\/arantv.az\/wp-content\/uploads\/2020\/04\/840795-150x150.jpg",150,150,true],"medium":["https:\/\/arantv.az\/wp-content\/uploads\/2020\/04\/840795-300x225.jpg",300,225,true],"large":["https:\/\/arantv.az\/wp-content\/uploads\/2020\/04\/840795.jpg",640,480,false],"1536x1536":["https:\/\/arantv.az\/wp-content\/uploads\/2020\/04\/840795.jpg",800,600,false],"2048x2048":["https:\/\/arantv.az\/wp-content\/uploads\/2020\/04\/840795.jpg",800,600,false],"post-thumbnail":["https:\/\/arantv.az\/wp-content\/uploads\/2020\/04\/840795-240x172.jpg",240,172,true],"advps-thumb-one":["https:\/\/arantv.az\/wp-content\/uploads\/2020\/04\/840795.jpg",800,600,false]},"rttpg_author":{"display_name":"V\u00fcsal Rafiqo\u011flu","author_link":"https:\/\/arantv.az\/?author=2"},"rttpg_comment":0,"rttpg_category":"<a href=\"https:\/\/arantv.az\/?cat=7\" rel=\"category\">D\u00fcnya<\/a>","rttpg_excerpt":"Tacikistan\u0131n paytaxt\u0131nda k\u00fctl\u0259vi bayram t\u0259dbirin\u0259 haz\u0131rl\u0131q gedir. ARANTV.AZ oxu.az-a istinad\u0259n x\u0259b\u0259r verir ki, D\u00fc\u015f\u0259nb\u0259 \u015f\u0259h\u0259rinin 96 ya\u015f\u0131 tamam olur. Qeyd ed\u0259k ki, h\u0259r il aprelin \u00fc\u00e7\u00fcnc\u00fc h\u0259ft\u0259sind\u0259 qeyd olunan bayram \u00e7\u0259r\u00e7iv\u0259sind\u0259 k\u00fctl\u0259vi y\u00fcr\u00fc\u015fl\u0259r d\u0259 planla\u015fd\u0131r\u0131l\u0131r. Tacikistan haz\u0131rda koronavirusun qeyd\u0259 al\u0131nmad\u0131\u011f\u0131 son &#8220;qalalardan&#8221; hesab olunur. Burada indiy\u0259 kimi COVID-19-a bir yoluxma bel\u0259 qeyd\u0259 al\u0131nmay\u0131b.","_links":{"self":[{"href":"https:\/\/arantv.az\/index.php?rest_route=\/wp\/v2\/posts\/150765"}],"collection":[{"href":"https:\/\/arantv.az\/index.php?rest_route=\/wp\/v2\/posts"}],"about":[{"href":"https:\/\/arantv.az\/index.php?rest_route=\/wp\/v2\/types\/post"}],"author":[{"embeddable":true,"href":"https:\/\/arantv.az\/index.php?rest_route=\/wp\/v2\/users\/2"}],"replies":[{"embeddable":true,"href":"https:\/\/arantv.az\/index.php?rest_route=%2Fwp%2Fv2%2Fcomments&post=150765"}],"version-history":[{"count":0,"href":"https:\/\/arantv.az\/index.php?rest_route=\/wp\/v2\/posts\/150765\/revisions"}],"wp:featuredmedia":[{"embeddable":true,"href":"https:\/\/arantv.az\/index.php?rest_route=\/wp\/v2\/media\/150766"}],"wp:attachment":[{"href":"https:\/\/arantv.az\/index.php?rest_route=%2Fwp%2Fv2%2Fmedia&parent=150765"}],"wp:term":[{"taxonomy":"category","embeddable":true,"href":"https:\/\/arantv.az\/index.php?rest_route=%2Fwp%2Fv2%2Fcategories&post=150765"},{"taxonomy":"post_tag","embeddable":true,"href":"https:\/\/arantv.az\/index.php?rest_route=%2Fwp%2Fv2%2Ftags&post=150765"}],"curies":[{"name":"wp","href":"https:\/\/api.w.org\/{rel}","templated":true}]}}