{"id":150824,"date":"2020-04-14T12:30:26","date_gmt":"2020-04-14T09:30:26","guid":{"rendered":"http:\/\/arantv.az\/?p=150824"},"modified":"2020-04-14T12:30:26","modified_gmt":"2020-04-14T09:30:26","slug":"koronavirusla-mubariz%c9%99d%c9%99-hazirda-dig%c9%99r-dovl%c9%99t-d%c9%99st%c9%99yi-mexanizml%c9%99ri-uz%c9%99rind%c9%99-is-aparilir","status":"publish","type":"post","link":"https:\/\/arantv.az\/?p=150824","title":{"rendered":"&#8220;Koronavirusla m\u00fcbariz\u0259d\u0259 haz\u0131rda dig\u0259r d\u00f6vl\u0259t d\u0259st\u0259yi mexanizml\u0259ri \u00fcz\u0259rind\u0259 i\u015f apar\u0131l\u0131r&#8221;"},"content":{"rendered":"<blockquote><p><em><strong>Koronavirusla m\u00fcbariz\u0259d\u0259 haz\u0131rda dig\u0259r d\u00f6vl\u0259t d\u0259st\u0259yi mexanizml\u0259ri \u00fcz\u0259rind\u0259 i\u015f apar\u0131l\u0131r.<\/strong><\/em><\/p><\/blockquote>\n<p>ARANTV.AZ x\u0259b\u0259r verir ki, bunu\u00a0<a href=\"https:\/\/az.trend.az\/\" target=\"_blank\" rel=\"noopener\">Trend<\/a>-\u0259 \u018fm\u0259k v\u0259 \u018fhalinin Sosial M\u00fcdafi\u0259si nazirinin m\u00fc\u015faviri Mehdi Abdullayev deyib.<\/p>\n<p>Onun s\u00f6zl\u0259rin\u0259 g\u00f6r\u0259, Az\u0259rbaycanda koronavirus x\u0259st\u0259liyinin yay\u0131lmas\u0131n\u0131n qar\u015f\u0131s\u0131n\u0131n al\u0131nmas\u0131 \u00fc\u00e7\u00fcn \u00e7evik v\u0259 z\u0259ruri qabaqlay\u0131c\u0131 add\u0131mlar at\u0131l\u0131b. D\u00f6vl\u0259t ba\u015f\u00e7\u0131s\u0131n\u0131n tap\u015f\u0131r\u0131\u011f\u0131na \u0259sas\u0259n, Az\u0259rbaycanda iqtisadi sabitliyin t\u0259min olunmas\u0131, m\u0259\u015f\u011fulluqla ba\u011fl\u0131 probleml\u0259rin h\u0259lli, makroiqtisadi v\u0259 maliyy\u0259 v\u0259ziyy\u0259tinin sabit saxlan\u0131lmas\u0131 m\u0259qs\u0259dil\u0259 2,5 milyard manat v\u0259sait ayr\u0131l\u0131b:<\/p>\n<p>&#8220;Buna q\u0259d\u0259r pandemiyan\u0131n vurdu\u011fu ziyan\u0131n aradan qald\u0131r\u0131lmas\u0131 \u00fc\u00e7\u00fcn d\u00f6vl\u0259t ba\u015f\u00e7\u0131s\u0131n\u0131n s\u0259r\u0259ncam\u0131 il\u0259 bir milyarddan art\u0131q v\u0259sait ayr\u0131lm\u0131\u015fd\u0131. Bunlar \u0259halinin sosial m\u00fcdafi\u0259sinin daha da g\u00fccl\u0259ndirilm\u0259si, i\u015f yerl\u0259ri m\u00fcv\u0259qq\u0259ti dayand\u0131r\u0131lm\u0131\u015f m\u00fc\u0259ssis\u0259l\u0259rd\u0259 \u00e7al\u0131\u015fanlar\u0131n, h\u0259m\u00e7inin i\u015fsiz v\u0259t\u0259nda\u015flar\u0131n rifah\u0131n\u0131n yax\u015f\u0131la\u015fd\u0131r\u0131lmas\u0131 m\u0259qs\u0259di da\u015f\u0131y\u0131r.<\/p>\n<p>Nazirl\u0259r Kabinetinin haz\u0131rlad\u0131\u011f\u0131 T\u0259dbirl\u0259r Plan\u0131na \u0259sas\u0259n, 44 min sahibkarl\u0131q subyektind\u0259 \u00e7al\u0131\u015fan 300 min n\u0259f\u0259rd\u0259n \u00e7ox i\u015f\u00e7inin \u0259m\u0259khaqq\u0131n\u0131n \u0259h\u0259miyy\u0259tli bir hiss\u0259sini d\u00f6vl\u0259t \u00f6d\u0259y\u0259c\u0259k. H\u0259m\u00e7inin, d\u00f6vl\u0259t d\u0259st\u0259yind\u0259n 290 min n\u0259f\u0259rd\u0259n \u00e7ox mikro v\u0259 f\u0259rdi sahibkar faydalanacaq. Bu proqramlar, \u00fcmumilikd\u0259, 600 min\u0259 yax\u0131n insan\u0131 \u0259hat\u0259 edir. \u00dcmumilikd\u0259, d\u00f6vl\u0259t sektoru \u00fczr\u0259 900 mind\u0259n art\u0131q i\u015f\u00e7inin, qeyri-d\u00f6vl\u0259t sektoru \u00fczr\u0259 is\u0259 690 min i\u015f\u00e7inin \u0259m\u0259khaqq\u0131 saxlan\u0131lmaqla m\u0259\u015f\u011fullu\u011fu t\u0259min edilib. \u0130\u015fsiz \u015f\u0259xsl\u0259rin sosial m\u00fcdafi\u0259si \u00fc\u00e7\u00fcn 50 min \u00f6d\u0259ni\u015fli ictimai i\u015f yeri yarad\u0131lmas\u0131 n\u0259z\u0259rd\u0259 tutulub. Qeydiyyata d\u00fc\u015fm\u00fc\u015f i\u015fsizl\u0259r \u00fc\u00e7\u00fcn art\u0131q bird\u0259f\u0259lik 190 manat \u00f6d\u0259nilm\u0259sin\u0259 ba\u015flan\u0131l\u0131b.<\/p>\n<p>Nazirl\u0259r Kabinetinin T\u0259dbirl\u0259r Plan\u0131nda o da n\u0259z\u0259rd\u0259 tutulub ki, banklar t\u0259r\u0259find\u0259n sahibkarlara yeni veril\u0259n 500 milyon manat v\u0259 ya t\u0259qrib\u0259n 300 milyon dollar h\u0259cmind\u0259 kreditl\u0259rin 60 faizin\u0259 d\u00f6vl\u0259t z\u0259man\u0259ti veril\u0259c\u0259k. Bu istiqam\u0259td\u0259 dig\u0259r imtiyazlar da n\u0259z\u0259rd\u0259 tutulub.<\/p>\n<div>\n<div id=\"AdviadNativeVideo0\" class=\"AdviadNativeVideo\"><\/div>\n<\/div>\n<p>Bu t\u0259dbirl\u0259rin \u0259sas m\u0259qs\u0259di pandemiya s\u0259b\u0259bind\u0259n faizl\u0259rin \u00f6d\u0259nilm\u0259sind\u0259 \u00e7\u0259tinlikl\u0259rl\u0259 \u00fczl\u0259\u015fmi\u015f sahibkarlara k\u00f6m\u0259k etm\u0259kdir&#8221;.<\/p>\n<p>M.Abdullayev vur\u011fulay\u0131b ki, bunlarla yana\u015f\u0131, sosial t\u0259crid t\u0259dbirl\u0259ri n\u0259tic\u0259sind\u0259, \u0259hali t\u0259r\u0259find\u0259n elektrik enerjisi s\u0259rfiyyat\u0131 art\u0131b:<\/p>\n<p>&#8220;Bunu n\u0259z\u0259r\u0259 alaraq, kommunal \u00f6d\u0259m\u0259l\u0259r\u0259 g\u00fcz\u0259\u015ft edilib. Bu proqramlar d\u00f6vl\u0259t d\u0259st\u0259yinin yaln\u0131z bir hiss\u0259sidir v\u0259 haz\u0131rda dig\u0259r d\u00f6vl\u0259t d\u0259st\u0259yi mexanizml\u0259ri \u00fcz\u0259rind\u0259 i\u015f apar\u0131l\u0131r&#8221;.<\/p>\n<p><strong>Milli.Az<\/strong><\/p>\n","protected":false},"excerpt":{"rendered":"<p>Koronavirusla m\u00fcbariz\u0259d\u0259 haz\u0131rda dig\u0259r d\u00f6vl\u0259t d\u0259st\u0259yi mexanizml\u0259ri \u00fcz\u0259rind\u0259 i\u015f apar\u0131l\u0131r. ARANTV.AZ x\u0259b\u0259r verir ki, bunu\u00a0Trend-\u0259 \u018fm\u0259k v\u0259 \u018fhalinin Sosial M\u00fcdafi\u0259si nazirinin m\u00fc\u015faviri Mehdi Abdullayev deyib. Onun s\u00f6zl\u0259rin\u0259 g\u00f6r\u0259, Az\u0259rbaycanda koronavirus x\u0259st\u0259liyinin yay\u0131lmas\u0131n\u0131n qar\u015f\u0131s\u0131n\u0131n al\u0131nmas\u0131 \u00fc\u00e7\u00fcn \u00e7evik v\u0259 z\u0259ruri qabaqlay\u0131c\u0131 add\u0131mlar at\u0131l\u0131b. D\u00f6vl\u0259t ba\u015f\u00e7\u0131s\u0131n\u0131n tap\u015f\u0131r\u0131\u011f\u0131na \u0259sas\u0259n, Az\u0259rbaycanda iqtisadi sabitliyin t\u0259min olunmas\u0131, m\u0259\u015f\u011fulluqla ba\u011fl\u0131 probleml\u0259rin h\u0259lli, makroiqtisadi v\u0259 maliyy\u0259 v\u0259ziyy\u0259tinin sabit saxlan\u0131lmas\u0131 m\u0259qs\u0259dil\u0259 2,5 milyard manat v\u0259sait ayr\u0131l\u0131b: &#8220;Buna q\u0259d\u0259r pandemiyan\u0131n vurdu\u011fu ziyan\u0131n aradan qald\u0131r\u0131lmas\u0131 \u00fc\u00e7\u00fcn d\u00f6vl\u0259t ba\u015f\u00e7\u0131s\u0131n\u0131n s\u0259r\u0259ncam\u0131 il\u0259 bir milyarddan art\u0131q v\u0259sait ayr\u0131lm\u0131\u015fd\u0131. Bunlar \u0259halinin sosial m\u00fcdafi\u0259sinin daha da g\u00fccl\u0259ndirilm\u0259si,&hellip;<\/p>\n","protected":false},"author":2,"featured_media":150825,"comment_status":"closed","ping_status":"closed","sticky":false,"template":"","format":"standard","meta":{"om_disable_all_campaigns":false,"_monsterinsights_skip_tracking":false,"_monsterinsights_sitenote_active":false,"_monsterinsights_sitenote_note":"","_monsterinsights_sitenote_category":0},"categories":[19],"tags":[],"aioseo_notices":[],"gutentor_comment":0,"rttpg_featured_image_url":{"full":["https:\/\/arantv.az\/wp-content\/uploads\/2020\/04\/841863.jpg",800,600,false],"landscape":["https:\/\/arantv.az\/wp-content\/uploads\/2020\/04\/841863.jpg",800,600,false],"portraits":["https:\/\/arantv.az\/wp-content\/uploads\/2020\/04\/841863.jpg",800,600,false],"thumbnail":["https:\/\/arantv.az\/wp-content\/uploads\/2020\/04\/841863-150x150.jpg",150,150,true],"medium":["https:\/\/arantv.az\/wp-content\/uploads\/2020\/04\/841863-300x225.jpg",300,225,true],"large":["https:\/\/arantv.az\/wp-content\/uploads\/2020\/04\/841863.jpg",640,480,false],"1536x1536":["https:\/\/arantv.az\/wp-content\/uploads\/2020\/04\/841863.jpg",800,600,false],"2048x2048":["https:\/\/arantv.az\/wp-content\/uploads\/2020\/04\/841863.jpg",800,600,false],"post-thumbnail":["https:\/\/arantv.az\/wp-content\/uploads\/2020\/04\/841863-240x172.jpg",240,172,true],"advps-thumb-one":["https:\/\/arantv.az\/wp-content\/uploads\/2020\/04\/841863.jpg",800,600,false]},"rttpg_author":{"display_name":"V\u00fcsal Rafiqo\u011flu","author_link":"https:\/\/arantv.az\/?author=2"},"rttpg_comment":0,"rttpg_category":"<a href=\"https:\/\/arantv.az\/?cat=19\" rel=\"category\">G\u00fcnd\u0259m<\/a>","rttpg_excerpt":"Koronavirusla m\u00fcbariz\u0259d\u0259 haz\u0131rda dig\u0259r d\u00f6vl\u0259t d\u0259st\u0259yi mexanizml\u0259ri \u00fcz\u0259rind\u0259 i\u015f apar\u0131l\u0131r. ARANTV.AZ x\u0259b\u0259r verir ki, bunu\u00a0Trend-\u0259 \u018fm\u0259k v\u0259 \u018fhalinin Sosial M\u00fcdafi\u0259si nazirinin m\u00fc\u015faviri Mehdi Abdullayev deyib. Onun s\u00f6zl\u0259rin\u0259 g\u00f6r\u0259, Az\u0259rbaycanda koronavirus x\u0259st\u0259liyinin yay\u0131lmas\u0131n\u0131n qar\u015f\u0131s\u0131n\u0131n al\u0131nmas\u0131 \u00fc\u00e7\u00fcn \u00e7evik v\u0259 z\u0259ruri qabaqlay\u0131c\u0131 add\u0131mlar at\u0131l\u0131b. D\u00f6vl\u0259t ba\u015f\u00e7\u0131s\u0131n\u0131n tap\u015f\u0131r\u0131\u011f\u0131na \u0259sas\u0259n, Az\u0259rbaycanda iqtisadi sabitliyin t\u0259min olunmas\u0131, m\u0259\u015f\u011fulluqla ba\u011fl\u0131 probleml\u0259rin h\u0259lli, makroiqtisadi&hellip;","_links":{"self":[{"href":"https:\/\/arantv.az\/index.php?rest_route=\/wp\/v2\/posts\/150824"}],"collection":[{"href":"https:\/\/arantv.az\/index.php?rest_route=\/wp\/v2\/posts"}],"about":[{"href":"https:\/\/arantv.az\/index.php?rest_route=\/wp\/v2\/types\/post"}],"author":[{"embeddable":true,"href":"https:\/\/arantv.az\/index.php?rest_route=\/wp\/v2\/users\/2"}],"replies":[{"embeddable":true,"href":"https:\/\/arantv.az\/index.php?rest_route=%2Fwp%2Fv2%2Fcomments&post=150824"}],"version-history":[{"count":0,"href":"https:\/\/arantv.az\/index.php?rest_route=\/wp\/v2\/posts\/150824\/revisions"}],"wp:featuredmedia":[{"embeddable":true,"href":"https:\/\/arantv.az\/index.php?rest_route=\/wp\/v2\/media\/150825"}],"wp:attachment":[{"href":"https:\/\/arantv.az\/index.php?rest_route=%2Fwp%2Fv2%2Fmedia&parent=150824"}],"wp:term":[{"taxonomy":"category","embeddable":true,"href":"https:\/\/arantv.az\/index.php?rest_route=%2Fwp%2Fv2%2Fcategories&post=150824"},{"taxonomy":"post_tag","embeddable":true,"href":"https:\/\/arantv.az\/index.php?rest_route=%2Fwp%2Fv2%2Ftags&post=150824"}],"curies":[{"name":"wp","href":"https:\/\/api.w.org\/{rel}","templated":true}]}}