{"id":150832,"date":"2020-04-14T12:33:50","date_gmt":"2020-04-14T09:33:50","guid":{"rendered":"http:\/\/arantv.az\/?p=150832"},"modified":"2020-04-14T12:33:50","modified_gmt":"2020-04-14T09:33:50","slug":"balalarim-yanimda-deyil-t%c9%99k%c9%99m-xalq-artisti-kovr%c9%99ldi","status":"publish","type":"post","link":"https:\/\/arantv.az\/?p=150832","title":{"rendered":"&#8220;Balalar\u0131m yan\u0131mda deyil, t\u0259k\u0259m&#8221; &#8211; Xalq artisti k\u00f6vr\u0259ldi"},"content":{"rendered":"<p>&#8220;Karantin ba\u015flayandan t\u0259k\u0259m. Balalar\u0131m yan\u0131mda deyil, Bak\u0131dad\u0131r, \u00e7al\u0131\u015f\u0131rlar (k\u00f6vr\u0259lir). \u00d6z\u00fcm G\u0259nc\u0259d\u0259 qal\u0131ram. U\u015faqlar\u0131m\u0131 qoymuram yan\u0131ma g\u0259lsinl\u0259r. Deyir\u0259m, h\u0259mi\u015f\u0259lik birlikd\u0259 olmaq \u00fc\u00e7\u00fcn ayr\u0131 qalmaq yax\u015f\u0131d\u0131r&#8221;.<\/p>\n<p>Ax\u015fam.az\u00a0<a title=\"xeberler son xeberler 2020\" href=\"https:\/\/sonxeberler.az\/\" target=\"_blank\" rel=\"noopener\">x\u0259b\u0259r<\/a>\u00a0verir ki, bu s\u00f6zl\u0259ri Xalq artisti P\u0259rvan\u0259 Qurbanova &#8220;Biziml\u0259s\u0259n&#8221; verili\u015find\u0259 deyib. Aktrisa proqram\u0131n virtual qona\u011f\u0131 olib. O bildirib ki, karantin ba\u015flayandan t\u0259k ya\u015fay\u0131r:<\/p>\n<p>&#8220;M\u00fcharib\u0259 g\u00f6rm\u00fc\u015f insanlar\u0131q. Qaraba\u011f m\u00fcharib\u0259sind\u0259 d\u00fc\u015fm\u0259nl\u0259 vuru\u015fduq. Bu virus is\u0259 g\u00f6z\u0259g\u00f6r\u00fcnm\u0259y\u0259n d\u00fc\u015fm\u0259ndir. Bilmirik n\u0259 vaxt bit\u0259c\u0259k v\u0259 bizi harada vuracaq. Bizim d\u00f6vl\u0259t\u0259 k\u00f6m\u0259yimiz evd\u0259 oturmaqd\u0131r. Bu b\u0259la ke\u00e7sin, qurban k\u0259s\u0259c\u0259m&#8221;.<\/p>\n<div id=\"AdviadNativeVideo0\" class=\"AdviadNativeVideo\"><\/div>\n<p>Qeyd ed\u0259k ki, P.Qurbanova tama\u015fa\u00e7\u0131lara &#8220;Yuxu kimi&#8221; serial\u0131ndak\u0131 S\u0259rvinaz obraz\u0131 il\u0259 tan\u0131\u015fd\u0131r.<\/p>\n<div class=\"embed-responsive embed-responsive-16by9\"><iframe loading=\"lazy\" id=\"nmqembedid\" class=\"embed-responsive-item\" title=\"video player\" src=\"https:\/\/izle.az\/embed\/qyyxdQmvdA_x8ago8gkFAA~~\" width=\"600\" height=\"340\" frameborder=\"0\" scrolling=\"no\" allowfullscreen=\"allowfullscreen\" data-mce-fragment=\"1\"><\/iframe><\/div>\n<p>&nbsp;<\/p>\n","protected":false},"excerpt":{"rendered":"<p>&#8220;Karantin ba\u015flayandan t\u0259k\u0259m. Balalar\u0131m yan\u0131mda deyil, Bak\u0131dad\u0131r, \u00e7al\u0131\u015f\u0131rlar (k\u00f6vr\u0259lir). \u00d6z\u00fcm G\u0259nc\u0259d\u0259 qal\u0131ram. U\u015faqlar\u0131m\u0131 qoymuram yan\u0131ma g\u0259lsinl\u0259r. Deyir\u0259m, h\u0259mi\u015f\u0259lik birlikd\u0259 olmaq \u00fc\u00e7\u00fcn ayr\u0131 qalmaq yax\u015f\u0131d\u0131r&#8221;. Ax\u015fam.az\u00a0x\u0259b\u0259r\u00a0verir ki, bu s\u00f6zl\u0259ri Xalq artisti P\u0259rvan\u0259 Qurbanova &#8220;Biziml\u0259s\u0259n&#8221; verili\u015find\u0259 deyib. Aktrisa proqram\u0131n virtual qona\u011f\u0131 olib. O bildirib ki, karantin ba\u015flayandan t\u0259k ya\u015fay\u0131r: &#8220;M\u00fcharib\u0259 g\u00f6rm\u00fc\u015f insanlar\u0131q. Qaraba\u011f m\u00fcharib\u0259sind\u0259 d\u00fc\u015fm\u0259nl\u0259 vuru\u015fduq. Bu virus is\u0259 g\u00f6z\u0259g\u00f6r\u00fcnm\u0259y\u0259n d\u00fc\u015fm\u0259ndir. Bilmirik n\u0259 vaxt bit\u0259c\u0259k v\u0259 bizi harada vuracaq. Bizim d\u00f6vl\u0259t\u0259 k\u00f6m\u0259yimiz evd\u0259 oturmaqd\u0131r. Bu b\u0259la ke\u00e7sin, qurban k\u0259s\u0259c\u0259m&#8221;. Qeyd ed\u0259k ki, P.Qurbanova tama\u015fa\u00e7\u0131lara &#8220;Yuxu kimi&#8221; serial\u0131ndak\u0131 S\u0259rvinaz obraz\u0131 il\u0259 tan\u0131\u015fd\u0131r. &nbsp;<\/p>\n","protected":false},"author":2,"featured_media":150833,"comment_status":"closed","ping_status":"closed","sticky":false,"template":"","format":"standard","meta":{"om_disable_all_campaigns":false,"_monsterinsights_skip_tracking":false,"_monsterinsights_sitenote_active":false,"_monsterinsights_sitenote_note":"","_monsterinsights_sitenote_category":0},"categories":[20],"tags":[],"aioseo_notices":[],"gutentor_comment":0,"rttpg_featured_image_url":{"full":["https:\/\/arantv.az\/wp-content\/uploads\/2020\/04\/197647_9d4gqn2j8v.jpg",650,401,false],"landscape":["https:\/\/arantv.az\/wp-content\/uploads\/2020\/04\/197647_9d4gqn2j8v.jpg",650,401,false],"portraits":["https:\/\/arantv.az\/wp-content\/uploads\/2020\/04\/197647_9d4gqn2j8v.jpg",650,401,false],"thumbnail":["https:\/\/arantv.az\/wp-content\/uploads\/2020\/04\/197647_9d4gqn2j8v-150x150.jpg",150,150,true],"medium":["https:\/\/arantv.az\/wp-content\/uploads\/2020\/04\/197647_9d4gqn2j8v-300x185.jpg",300,185,true],"large":["https:\/\/arantv.az\/wp-content\/uploads\/2020\/04\/197647_9d4gqn2j8v.jpg",640,395,false],"1536x1536":["https:\/\/arantv.az\/wp-content\/uploads\/2020\/04\/197647_9d4gqn2j8v.jpg",650,401,false],"2048x2048":["https:\/\/arantv.az\/wp-content\/uploads\/2020\/04\/197647_9d4gqn2j8v.jpg",650,401,false],"post-thumbnail":["https:\/\/arantv.az\/wp-content\/uploads\/2020\/04\/197647_9d4gqn2j8v-240x172.jpg",240,172,true],"advps-thumb-one":["https:\/\/arantv.az\/wp-content\/uploads\/2020\/04\/197647_9d4gqn2j8v.jpg",650,401,false]},"rttpg_author":{"display_name":"V\u00fcsal Rafiqo\u011flu","author_link":"https:\/\/arantv.az\/?author=2"},"rttpg_comment":0,"rttpg_category":"<a href=\"https:\/\/arantv.az\/?cat=20\" rel=\"category\">\u015eou biznes<\/a>","rttpg_excerpt":"&#8220;Karantin ba\u015flayandan t\u0259k\u0259m. Balalar\u0131m yan\u0131mda deyil, Bak\u0131dad\u0131r, \u00e7al\u0131\u015f\u0131rlar (k\u00f6vr\u0259lir). \u00d6z\u00fcm G\u0259nc\u0259d\u0259 qal\u0131ram. U\u015faqlar\u0131m\u0131 qoymuram yan\u0131ma g\u0259lsinl\u0259r. Deyir\u0259m, h\u0259mi\u015f\u0259lik birlikd\u0259 olmaq \u00fc\u00e7\u00fcn ayr\u0131 qalmaq yax\u015f\u0131d\u0131r&#8221;. Ax\u015fam.az\u00a0x\u0259b\u0259r\u00a0verir ki, bu s\u00f6zl\u0259ri Xalq artisti P\u0259rvan\u0259 Qurbanova &#8220;Biziml\u0259s\u0259n&#8221; verili\u015find\u0259 deyib. Aktrisa proqram\u0131n virtual qona\u011f\u0131 olib. O bildirib ki, karantin ba\u015flayandan t\u0259k ya\u015fay\u0131r: &#8220;M\u00fcharib\u0259 g\u00f6rm\u00fc\u015f insanlar\u0131q. Qaraba\u011f m\u00fcharib\u0259sind\u0259 d\u00fc\u015fm\u0259nl\u0259 vuru\u015fduq. Bu&hellip;","_links":{"self":[{"href":"https:\/\/arantv.az\/index.php?rest_route=\/wp\/v2\/posts\/150832"}],"collection":[{"href":"https:\/\/arantv.az\/index.php?rest_route=\/wp\/v2\/posts"}],"about":[{"href":"https:\/\/arantv.az\/index.php?rest_route=\/wp\/v2\/types\/post"}],"author":[{"embeddable":true,"href":"https:\/\/arantv.az\/index.php?rest_route=\/wp\/v2\/users\/2"}],"replies":[{"embeddable":true,"href":"https:\/\/arantv.az\/index.php?rest_route=%2Fwp%2Fv2%2Fcomments&post=150832"}],"version-history":[{"count":0,"href":"https:\/\/arantv.az\/index.php?rest_route=\/wp\/v2\/posts\/150832\/revisions"}],"wp:featuredmedia":[{"embeddable":true,"href":"https:\/\/arantv.az\/index.php?rest_route=\/wp\/v2\/media\/150833"}],"wp:attachment":[{"href":"https:\/\/arantv.az\/index.php?rest_route=%2Fwp%2Fv2%2Fmedia&parent=150832"}],"wp:term":[{"taxonomy":"category","embeddable":true,"href":"https:\/\/arantv.az\/index.php?rest_route=%2Fwp%2Fv2%2Fcategories&post=150832"},{"taxonomy":"post_tag","embeddable":true,"href":"https:\/\/arantv.az\/index.php?rest_route=%2Fwp%2Fv2%2Ftags&post=150832"}],"curies":[{"name":"wp","href":"https:\/\/api.w.org\/{rel}","templated":true}]}}