{"id":150840,"date":"2020-04-14T14:06:26","date_gmt":"2020-04-14T11:06:26","guid":{"rendered":"http:\/\/arantv.az\/?p=150840"},"modified":"2020-04-14T14:06:26","modified_gmt":"2020-04-14T11:06:26","slug":"putin-rusiyada-koronavirusun-yayilmasinin-pik-h%c9%99ddind%c9%99n-danisdi","status":"publish","type":"post","link":"https:\/\/arantv.az\/?p=150840","title":{"rendered":"Putin Rusiyada koronavirusun yay\u0131lmas\u0131n\u0131n pik h\u0259ddind\u0259n dan\u0131\u015fd\u0131"},"content":{"rendered":"<p>\u201cRusiyada yeni tip koronavirusun yay\u0131lmas\u0131n\u0131n pik h\u0259ddi h\u0259l\u0259 ke\u00e7ilm\u0259yib\u201d.<\/p>\n<p>TASS-\u0131n m\u0259lumat\u0131na g\u00f6r\u0259, bu s\u00f6zl\u0259ri Rusiya Prezidenti Vladimir Putin Avrasiya \u0130qtisadi Birliyinin Ali \u015euras\u0131n\u0131n bu g\u00fcn onlayn formatda ke\u00e7iril\u0259n iclas\u0131nda deyib.<\/p>\n<div id=\"AdviadNativeVideo0\" class=\"AdviadNativeVideo\">\n<div class=\"adviad-inboard sm-screen\">\n<div>\n<div class=\"adviad-ui-components-credits\">\n<div id=\"NMCallButton-box\">\n<div><\/div>\n<\/div>\n<\/div>\n<\/div>\n<\/div>\n<\/div>\n<p>\u201cBiz sanitar-epidemioloji v\u0259ziyy\u0259ti diqq\u0259tl\u0259 izl\u0259yirik, z\u0259ruri profilaktik v\u0259 dig\u0259r t\u0259dbirl\u0259ri g\u00f6r\u00fcr\u00fck\u201d, &#8211; dey\u0259 Rusiya lideri bildirib.<\/p>\n<p>V.Putin\u00a0h\u0259m\u00e7inin, \u00f6lk\u0259nin bir \u00e7ox regionlar\u0131nda koronavirusun yay\u0131lmas\u0131 tempinin a\u015fa\u011f\u0131 sal\u0131nmas\u0131 \u00fc\u00e7\u00fcn \u00f6z\u00fcn\u00fct\u0259crid rejiminin q\u00fcvv\u0259d\u0259 oldu\u011funu bildirib.<\/p>\n<p>O\u00a0qeyd edib ki, ehtiyac yaranaca\u011f\u0131 t\u0259qdird\u0259 M\u00fcdafi\u0259 Nazirliyinin hospitallar\u0131 koronaviruslu x\u0259st\u0259l\u0259rin q\u0259bulu \u00fc\u00e7\u00fcn a\u00e7\u0131lacaq.<\/p>\n","protected":false},"excerpt":{"rendered":"<p>\u201cRusiyada yeni tip koronavirusun yay\u0131lmas\u0131n\u0131n pik h\u0259ddi h\u0259l\u0259 ke\u00e7ilm\u0259yib\u201d. TASS-\u0131n m\u0259lumat\u0131na g\u00f6r\u0259, bu s\u00f6zl\u0259ri Rusiya Prezidenti Vladimir Putin Avrasiya \u0130qtisadi Birliyinin Ali \u015euras\u0131n\u0131n bu g\u00fcn onlayn formatda ke\u00e7iril\u0259n iclas\u0131nda deyib. \u201cBiz sanitar-epidemioloji v\u0259ziyy\u0259ti diqq\u0259tl\u0259 izl\u0259yirik, z\u0259ruri profilaktik v\u0259 dig\u0259r t\u0259dbirl\u0259ri g\u00f6r\u00fcr\u00fck\u201d, &#8211; dey\u0259 Rusiya lideri bildirib. V.Putin\u00a0h\u0259m\u00e7inin, \u00f6lk\u0259nin bir \u00e7ox regionlar\u0131nda koronavirusun yay\u0131lmas\u0131 tempinin a\u015fa\u011f\u0131 sal\u0131nmas\u0131 \u00fc\u00e7\u00fcn \u00f6z\u00fcn\u00fct\u0259crid rejiminin q\u00fcvv\u0259d\u0259 oldu\u011funu bildirib. O\u00a0qeyd edib ki, ehtiyac yaranaca\u011f\u0131 t\u0259qdird\u0259 M\u00fcdafi\u0259 Nazirliyinin hospitallar\u0131 koronaviruslu x\u0259st\u0259l\u0259rin q\u0259bulu \u00fc\u00e7\u00fcn a\u00e7\u0131lacaq.<\/p>\n","protected":false},"author":2,"featured_media":150841,"comment_status":"closed","ping_status":"closed","sticky":false,"template":"","format":"standard","meta":{"om_disable_all_campaigns":false,"_monsterinsights_skip_tracking":false,"_monsterinsights_sitenote_active":false,"_monsterinsights_sitenote_note":"","_monsterinsights_sitenote_category":0},"categories":[7],"tags":[],"aioseo_notices":[],"gutentor_comment":0,"rttpg_featured_image_url":{"full":["https:\/\/arantv.az\/wp-content\/uploads\/2020\/04\/p.jpg",620,379,false],"landscape":["https:\/\/arantv.az\/wp-content\/uploads\/2020\/04\/p.jpg",620,379,false],"portraits":["https:\/\/arantv.az\/wp-content\/uploads\/2020\/04\/p.jpg",620,379,false],"thumbnail":["https:\/\/arantv.az\/wp-content\/uploads\/2020\/04\/p-150x150.jpg",150,150,true],"medium":["https:\/\/arantv.az\/wp-content\/uploads\/2020\/04\/p-300x183.jpg",300,183,true],"large":["https:\/\/arantv.az\/wp-content\/uploads\/2020\/04\/p.jpg",620,379,false],"1536x1536":["https:\/\/arantv.az\/wp-content\/uploads\/2020\/04\/p.jpg",620,379,false],"2048x2048":["https:\/\/arantv.az\/wp-content\/uploads\/2020\/04\/p.jpg",620,379,false],"post-thumbnail":["https:\/\/arantv.az\/wp-content\/uploads\/2020\/04\/p-240x172.jpg",240,172,true],"advps-thumb-one":["https:\/\/arantv.az\/wp-content\/uploads\/2020\/04\/p.jpg",620,379,false]},"rttpg_author":{"display_name":"V\u00fcsal Rafiqo\u011flu","author_link":"https:\/\/arantv.az\/?author=2"},"rttpg_comment":0,"rttpg_category":"<a href=\"https:\/\/arantv.az\/?cat=7\" rel=\"category\">D\u00fcnya<\/a>","rttpg_excerpt":"\u201cRusiyada yeni tip koronavirusun yay\u0131lmas\u0131n\u0131n pik h\u0259ddi h\u0259l\u0259 ke\u00e7ilm\u0259yib\u201d. TASS-\u0131n m\u0259lumat\u0131na g\u00f6r\u0259, bu s\u00f6zl\u0259ri Rusiya Prezidenti Vladimir Putin Avrasiya \u0130qtisadi Birliyinin Ali \u015euras\u0131n\u0131n bu g\u00fcn onlayn formatda ke\u00e7iril\u0259n iclas\u0131nda deyib. \u201cBiz sanitar-epidemioloji v\u0259ziyy\u0259ti diqq\u0259tl\u0259 izl\u0259yirik, z\u0259ruri profilaktik v\u0259 dig\u0259r t\u0259dbirl\u0259ri g\u00f6r\u00fcr\u00fck\u201d, &#8211; dey\u0259 Rusiya lideri bildirib. V.Putin\u00a0h\u0259m\u00e7inin, \u00f6lk\u0259nin bir \u00e7ox regionlar\u0131nda koronavirusun yay\u0131lmas\u0131 tempinin a\u015fa\u011f\u0131&hellip;","_links":{"self":[{"href":"https:\/\/arantv.az\/index.php?rest_route=\/wp\/v2\/posts\/150840"}],"collection":[{"href":"https:\/\/arantv.az\/index.php?rest_route=\/wp\/v2\/posts"}],"about":[{"href":"https:\/\/arantv.az\/index.php?rest_route=\/wp\/v2\/types\/post"}],"author":[{"embeddable":true,"href":"https:\/\/arantv.az\/index.php?rest_route=\/wp\/v2\/users\/2"}],"replies":[{"embeddable":true,"href":"https:\/\/arantv.az\/index.php?rest_route=%2Fwp%2Fv2%2Fcomments&post=150840"}],"version-history":[{"count":0,"href":"https:\/\/arantv.az\/index.php?rest_route=\/wp\/v2\/posts\/150840\/revisions"}],"wp:featuredmedia":[{"embeddable":true,"href":"https:\/\/arantv.az\/index.php?rest_route=\/wp\/v2\/media\/150841"}],"wp:attachment":[{"href":"https:\/\/arantv.az\/index.php?rest_route=%2Fwp%2Fv2%2Fmedia&parent=150840"}],"wp:term":[{"taxonomy":"category","embeddable":true,"href":"https:\/\/arantv.az\/index.php?rest_route=%2Fwp%2Fv2%2Fcategories&post=150840"},{"taxonomy":"post_tag","embeddable":true,"href":"https:\/\/arantv.az\/index.php?rest_route=%2Fwp%2Fv2%2Ftags&post=150840"}],"curies":[{"name":"wp","href":"https:\/\/api.w.org\/{rel}","templated":true}]}}