{"id":150864,"date":"2020-04-14T14:13:53","date_gmt":"2020-04-14T11:13:53","guid":{"rendered":"http:\/\/arantv.az\/?p=150864"},"modified":"2020-04-14T14:13:53","modified_gmt":"2020-04-14T11:13:53","slug":"az%c9%99rbaycan-v%c9%99-turkm%c9%99nistan-arasinda-dovl%c9%99tl%c9%99rarasi-sazis-t%c9%99sdiq-edildi","status":"publish","type":"post","link":"https:\/\/arantv.az\/?p=150864","title":{"rendered":"Az\u0259rbaycan v\u0259 T\u00fcrkm\u0259nistan aras\u0131nda d\u00f6vl\u0259tl\u0259raras\u0131 sazi\u015f t\u0259sdiq edildi"},"content":{"rendered":"<p><strong>Az\u0259rbaycanla T\u00fcrkm\u0259nistan aras\u0131nda X\u0259z\u0259r d\u0259nizinin dibi il\u0259 magistral fiber-optik kabel x\u0259ttinin \u00e7\u0259kilm\u0259sini n\u0259z\u0259rd\u0259 tutan d\u00f6vl\u0259tl\u0259raras\u0131 sazi\u015f Az\u0259rbaycan t\u0259r\u0259fd\u0259n t\u0259sdiq edilib.<\/strong><\/p>\n<p><strong>ARANTV.AZ<\/strong> x\u0259b\u0259r verir ki, AzerTelecom\u015firk\u0259tind\u0259n\u00a0<a href=\"https:\/\/az.trend.az\/\" target=\"_blank\" rel=\"noopener\">Trend<\/a>-\u0259 bildirilib ki, 28 noyabr 2019-cu il tarixd\u0259 T\u00fcrkm\u0259nistan\u0131n A\u015fqabad \u015f\u0259h\u0259rind\u0259 imzalanm\u0131\u015f &#8220;Az\u0259rbaycan Respublikas\u0131 H\u00f6kum\u0259ti il\u0259 T\u00fcrkm\u0259nistan H\u00f6kum\u0259ti aras\u0131nda Az\u0259rbaycan Respublikas\u0131n\u0131n v\u0259 T\u00fcrkm\u0259nistan\u0131n rabit\u0259 operatorlar\u0131 t\u0259r\u0259find\u0259n Az\u0259rbaycan-T\u00fcrkm\u0259nistan mar\u015frutu \u00fczr\u0259 X\u0259z\u0259r d\u0259nizinin dibi il\u0259 fiber-optik rabit\u0259 x\u0259tl\u0259rinin birg\u0259 tikintisi, sahibliyi v\u0259 istifad\u0259sind\u0259 m\u00fc\u015ft\u0259r\u0259k f\u0259aliyy\u0259tin t\u0259\u015fkili&#8221; haqq\u0131nda d\u00f6vl\u0259tl\u0259raras\u0131 Sazi\u015fin t\u0259sdiq edilm\u0259si bar\u0259d\u0259 Az\u0259rbaycan Respublikas\u0131n\u0131n Qanunu Az\u0259rbaycan parlamenti t\u0259r\u0259find\u0259n ratifikasiya edilib v\u0259 Az\u0259rbaycan Respublikas\u0131n\u0131n Prezident c\u0259nab \u0130lham \u018fliyev t\u0259r\u0259find\u0259n\u00a0<a href=\"https:\/\/president.az\/articles\/36415\">t\u0259sdiq edilib<\/a>.<\/p>\n<p>D\u00f6vl\u0259tl\u0259raras\u0131 sazi\u015f\u0259 \u0259sas\u0259n, X\u0259z\u0259r d\u0259nizinin dibi il\u0259 \u00e7\u0259kil\u0259c\u0259k magistral fiber-optik kabel x\u0259ttinin (Transx\u0259z\u0259r Fiber Optik kabel x\u0259tti) \u00e7\u0259kili\u015fi Az\u0259rbaycan t\u0259r\u0259fd\u0259n \u00f6lk\u0259ni beyn\u0259lxalq internet \u015f\u0259b\u0259k\u0259sin\u0259 ba\u011flayan magistral internet provayderi\u00a0AzerTelecom\u00a0\u015firk\u0259ti, T\u00fcrkm\u0259nistan t\u0259r\u0259fd\u0259n is\u0259 bu \u00f6lk\u0259nin telekommunikasiya operatoru\u00a0T\u00fcrkmentelekom\u00a0t\u0259r\u0259find\u0259n icra edil\u0259c\u0259k. Kabel x\u0259tti Siy\u0259z\u0259n v\u0259 T\u00fcrkm\u0259nba\u015f\u0131 co\u011frafi m\u0259kanlar\u0131 aras\u0131nda \u00e7\u0259kil\u0259c\u0259k.<\/p>\n<p>\u00dcmumi uzunlu\u011fu 300 km olacaq magistral kabel x\u0259tti 2-4 terabit\/s h\u0259cmind\u0259 m\u0259lumatlar\u0131n \u00f6t\u00fcr\u00fclm\u0259sin\u0259 imkan ver\u0259c\u0259k v\u0259 Avropan\u0131n internet m\u0259rk\u0259zi Frankfurtla Hindistan\u0131n Mumbay \u015f\u0259h\u0259rl\u0259ri aras\u0131nda\u00a0Az\u0259rbaycandan ke\u00e7\u0259c\u0259k r\u0259q\u0259msal ip\u0259k yolunu (Digital Silk Way) formala\u015fd\u0131racaq.\u00a0Magistral x\u0259tt Avropadan internet trafikinin m\u0259hz Az\u0259rbaycan vasit\u0259sil\u0259 T\u00fcrkm\u0259nistana, daha sonra is\u0259 \u00d6zb\u0259kistan, \u018ffqan\u0131stan, Pakistan v\u0259 Hindistana \u00f6t\u00fcr\u00fclm\u0259sin\u0259 imkan ver\u0259c\u0259k.<\/p>\n<p>&#8220;AzerTelecom&#8221; \u015firk\u0259tinin &#8220;Azerbaijan Digital Hub&#8221;\u00a0proqram\u0131 \u00e7\u0259r\u00e7iv\u0259sind\u0259 icra edil\u0259n v\u0259 Az\u0259rbaycanla Orta Asiya \u00f6lk\u0259l\u0259ri aras\u0131nda X\u0259z\u0259rin dibi il\u0259 magistral fiber-optik kabel x\u0259ttinin \u00e7\u0259kili\u015fini, \u00fcmumilikd\u0259 is\u0259 Avropa il\u0259 Asiya aras\u0131nda Az\u0259rbaycandan ke\u00e7\u0259c\u0259k r\u0259q\u0259msal ip\u0259k yolunun yarad\u0131lmas\u0131n\u0131 n\u0259z\u0259rd\u0259 tutan layih\u0259 iki istiqam\u0259td\u0259n &#8211; Az\u0259rbaycan-Qazax\u0131stan v\u0259 Az\u0259rbaycan-T\u00fcrkm\u0259nistan mar\u015frutlar\u0131ndan ibar\u0259tdir. Art\u0131q Az\u0259rbaycan v\u0259 Qazax\u0131stan aras\u0131nda uzunlu\u011fu 400 km olan Transx\u0259z\u0259r Fiber Optik kabel x\u0259ttinin (TransCaspian Fiber Optic &#8211; TCFO) \u00e7\u0259kilm\u0259si il\u0259 ba\u011fl\u0131 operatorlar aras\u0131nda m\u00fcqavil\u0259 v\u0259 iki \u00f6lk\u0259 aras\u0131nda d\u00f6vl\u0259tl\u0259raras\u0131 sazi\u015f m\u00f6vcuddur.<\/p>\n<p>&#8220;AzerTelecom&#8221; Az\u0259rbaycan\u0131n telekommunikasiya operatorudur. \u015eirk\u0259t \u00f6lk\u0259nin ilk mobil operatoru v\u0259 \u0259n s\u00fcr\u0259tli mobil internet provayderi olan &#8220;Bakcell&#8221; \u015firk\u0259tinin t\u00f6r\u0259m\u0259 m\u00fc\u0259ssis\u0259sidir. &#8220;AzerTelecom&#8221; \u015fax\u0259l\u0259nmi\u015f \u015f\u0259b\u0259k\u0259 vasit\u0259sil\u0259 Az\u0259rbaycan\u0131 beyn\u0259lxalq internet \u015f\u0259b\u0259k\u0259si il\u0259 birl\u0259\u015fdirir. \u015eirk\u0259t telekommunikasiya sektorunda yerli v\u0259 xarici \u015firk\u0259tl\u0259r\u0259 m\u00fcxt\u0259lif qabaqc\u0131l xidm\u0259tl\u0259r t\u0259qdim edir.<\/p>\n","protected":false},"excerpt":{"rendered":"<p>Az\u0259rbaycanla T\u00fcrkm\u0259nistan aras\u0131nda X\u0259z\u0259r d\u0259nizinin dibi il\u0259 magistral fiber-optik kabel x\u0259ttinin \u00e7\u0259kilm\u0259sini n\u0259z\u0259rd\u0259 tutan d\u00f6vl\u0259tl\u0259raras\u0131 sazi\u015f Az\u0259rbaycan t\u0259r\u0259fd\u0259n t\u0259sdiq edilib. ARANTV.AZ x\u0259b\u0259r verir ki, AzerTelecom\u015firk\u0259tind\u0259n\u00a0Trend-\u0259 bildirilib ki, 28 noyabr 2019-cu il tarixd\u0259 T\u00fcrkm\u0259nistan\u0131n A\u015fqabad \u015f\u0259h\u0259rind\u0259 imzalanm\u0131\u015f &#8220;Az\u0259rbaycan Respublikas\u0131 H\u00f6kum\u0259ti il\u0259 T\u00fcrkm\u0259nistan H\u00f6kum\u0259ti aras\u0131nda Az\u0259rbaycan Respublikas\u0131n\u0131n v\u0259 T\u00fcrkm\u0259nistan\u0131n rabit\u0259 operatorlar\u0131 t\u0259r\u0259find\u0259n Az\u0259rbaycan-T\u00fcrkm\u0259nistan mar\u015frutu \u00fczr\u0259 X\u0259z\u0259r d\u0259nizinin dibi il\u0259 fiber-optik rabit\u0259 x\u0259tl\u0259rinin birg\u0259 tikintisi, sahibliyi v\u0259 istifad\u0259sind\u0259 m\u00fc\u015ft\u0259r\u0259k f\u0259aliyy\u0259tin t\u0259\u015fkili&#8221; haqq\u0131nda d\u00f6vl\u0259tl\u0259raras\u0131 Sazi\u015fin t\u0259sdiq edilm\u0259si bar\u0259d\u0259 Az\u0259rbaycan Respublikas\u0131n\u0131n Qanunu Az\u0259rbaycan parlamenti t\u0259r\u0259find\u0259n ratifikasiya edilib v\u0259 Az\u0259rbaycan Respublikas\u0131n\u0131n Prezident c\u0259nab \u0130lham \u018fliyev t\u0259r\u0259find\u0259n\u00a0t\u0259sdiq&hellip;<\/p>\n","protected":false},"author":2,"featured_media":150865,"comment_status":"closed","ping_status":"closed","sticky":false,"template":"","format":"standard","meta":{"om_disable_all_campaigns":false,"_monsterinsights_skip_tracking":false,"_monsterinsights_sitenote_active":false,"_monsterinsights_sitenote_note":"","_monsterinsights_sitenote_category":0},"categories":[4],"tags":[],"aioseo_notices":[],"gutentor_comment":0,"rttpg_featured_image_url":{"full":["https:\/\/arantv.az\/wp-content\/uploads\/2020\/04\/azerbaycan_turkmenistan_bayragi_00.jpg",482,361,false],"landscape":["https:\/\/arantv.az\/wp-content\/uploads\/2020\/04\/azerbaycan_turkmenistan_bayragi_00.jpg",482,361,false],"portraits":["https:\/\/arantv.az\/wp-content\/uploads\/2020\/04\/azerbaycan_turkmenistan_bayragi_00.jpg",482,361,false],"thumbnail":["https:\/\/arantv.az\/wp-content\/uploads\/2020\/04\/azerbaycan_turkmenistan_bayragi_00-150x150.jpg",150,150,true],"medium":["https:\/\/arantv.az\/wp-content\/uploads\/2020\/04\/azerbaycan_turkmenistan_bayragi_00-300x225.jpg",300,225,true],"large":["https:\/\/arantv.az\/wp-content\/uploads\/2020\/04\/azerbaycan_turkmenistan_bayragi_00.jpg",482,361,false],"1536x1536":["https:\/\/arantv.az\/wp-content\/uploads\/2020\/04\/azerbaycan_turkmenistan_bayragi_00.jpg",482,361,false],"2048x2048":["https:\/\/arantv.az\/wp-content\/uploads\/2020\/04\/azerbaycan_turkmenistan_bayragi_00.jpg",482,361,false],"post-thumbnail":["https:\/\/arantv.az\/wp-content\/uploads\/2020\/04\/azerbaycan_turkmenistan_bayragi_00-240x172.jpg",240,172,true],"advps-thumb-one":["https:\/\/arantv.az\/wp-content\/uploads\/2020\/04\/azerbaycan_turkmenistan_bayragi_00.jpg",482,361,false]},"rttpg_author":{"display_name":"V\u00fcsal Rafiqo\u011flu","author_link":"https:\/\/arantv.az\/?author=2"},"rttpg_comment":0,"rttpg_category":"<a href=\"https:\/\/arantv.az\/?cat=4\" rel=\"category\">Siyas\u0259t<\/a>","rttpg_excerpt":"Az\u0259rbaycanla T\u00fcrkm\u0259nistan aras\u0131nda X\u0259z\u0259r d\u0259nizinin dibi il\u0259 magistral fiber-optik kabel x\u0259ttinin \u00e7\u0259kilm\u0259sini n\u0259z\u0259rd\u0259 tutan d\u00f6vl\u0259tl\u0259raras\u0131 sazi\u015f Az\u0259rbaycan t\u0259r\u0259fd\u0259n t\u0259sdiq edilib. ARANTV.AZ x\u0259b\u0259r verir ki, AzerTelecom\u015firk\u0259tind\u0259n\u00a0Trend-\u0259 bildirilib ki, 28 noyabr 2019-cu il tarixd\u0259 T\u00fcrkm\u0259nistan\u0131n A\u015fqabad \u015f\u0259h\u0259rind\u0259 imzalanm\u0131\u015f &#8220;Az\u0259rbaycan Respublikas\u0131 H\u00f6kum\u0259ti il\u0259 T\u00fcrkm\u0259nistan H\u00f6kum\u0259ti aras\u0131nda Az\u0259rbaycan Respublikas\u0131n\u0131n v\u0259 T\u00fcrkm\u0259nistan\u0131n rabit\u0259 operatorlar\u0131 t\u0259r\u0259find\u0259n Az\u0259rbaycan-T\u00fcrkm\u0259nistan mar\u015frutu \u00fczr\u0259 X\u0259z\u0259r d\u0259nizinin&hellip;","_links":{"self":[{"href":"https:\/\/arantv.az\/index.php?rest_route=\/wp\/v2\/posts\/150864"}],"collection":[{"href":"https:\/\/arantv.az\/index.php?rest_route=\/wp\/v2\/posts"}],"about":[{"href":"https:\/\/arantv.az\/index.php?rest_route=\/wp\/v2\/types\/post"}],"author":[{"embeddable":true,"href":"https:\/\/arantv.az\/index.php?rest_route=\/wp\/v2\/users\/2"}],"replies":[{"embeddable":true,"href":"https:\/\/arantv.az\/index.php?rest_route=%2Fwp%2Fv2%2Fcomments&post=150864"}],"version-history":[{"count":0,"href":"https:\/\/arantv.az\/index.php?rest_route=\/wp\/v2\/posts\/150864\/revisions"}],"wp:featuredmedia":[{"embeddable":true,"href":"https:\/\/arantv.az\/index.php?rest_route=\/wp\/v2\/media\/150865"}],"wp:attachment":[{"href":"https:\/\/arantv.az\/index.php?rest_route=%2Fwp%2Fv2%2Fmedia&parent=150864"}],"wp:term":[{"taxonomy":"category","embeddable":true,"href":"https:\/\/arantv.az\/index.php?rest_route=%2Fwp%2Fv2%2Fcategories&post=150864"},{"taxonomy":"post_tag","embeddable":true,"href":"https:\/\/arantv.az\/index.php?rest_route=%2Fwp%2Fv2%2Ftags&post=150864"}],"curies":[{"name":"wp","href":"https:\/\/api.w.org\/{rel}","templated":true}]}}