{"id":150868,"date":"2020-04-14T14:15:44","date_gmt":"2020-04-14T11:15:44","guid":{"rendered":"http:\/\/arantv.az\/?p=150868"},"modified":"2020-04-14T14:15:44","modified_gmt":"2020-04-14T11:15:44","slug":"d%c9%99rs-vaxtinin-sabaha-olan-c%c9%99dv%c9%99li-aciqlanib","status":"publish","type":"post","link":"https:\/\/arantv.az\/?p=150868","title":{"rendered":"&#8220;D\u0259rs vaxt\u0131&#8221;n\u0131n sabaha olan c\u0259dv\u0259li a\u00e7\u0131qlan\u0131b"},"content":{"rendered":"<p>\u201cM\u0259d\u0259niyy\u0259t\u201d v\u0259 &#8220;ARB G\u00fcn\u0259\u015f&#8221; kanallar\u0131nda yay\u0131mlanan \u201cD\u0259rs vaxt\u0131\u201d verili\u015finin aprelin 15-i \u00fc\u00e7\u00fcn n\u0259z\u0259rd\u0259 tutulan c\u0259dv\u0259li a\u00e7\u0131qlan\u0131b.<\/p>\n<div id=\"AdviadNativeVideo0\" class=\"AdviadNativeVideo\"><\/div>\n<p><b><a title=\"xeberler son xeberler 2020\" href=\"https:\/\/big.az\/\" target=\"_blank\" rel=\"noopener\">ARANTV.AZ<\/a><\/b>\u00a0<a title=\"xeberler son xeberler 2020\" href=\"https:\/\/sonxeberler.az\/\" target=\"_blank\" rel=\"noopener\">x\u0259b\u0259r<\/a>\u00a0verir ki, T\u0259hsil Nazirliyi d\u0259rs c\u0259dv\u0259lin\u0259 diqq\u0259t etm\u0259yi, d\u0259rsi \u201cD\u0259rs vaxt\u0131\u201dnda \u00f6yr\u0259nm\u0259yi t\u00f6vsiy\u0259 edir.<\/p>\n<p>Qeyd ed\u0259k ki, mart\u0131n 11-d\u0259n ba\u015flayaraq T\u0259hsil Nazirliyinin t\u0259\u015fkilat\u00e7\u0131l\u0131\u011f\u0131 il\u0259 \u201cM\u0259d\u0259niyy\u0259t\u201d v\u0259 &#8220;ARB G\u00fcn\u0259\u015f&#8221; kanallar\u0131nda &#8220;D\u0259rs vaxt\u0131&#8221; proqram\u0131n\u0131n yay\u0131m\u0131na start verilib. Proqram \u00e7\u0259r\u00e7iv\u0259sind\u0259 h\u0259ft\u0259nin 5 g\u00fcn\u00fc teled\u0259rsl\u0259r ke\u00e7irilir. Teled\u0259rsl\u0259r b\u00fct\u00fcn sinifl\u0259ri \u0259hat\u0259 edir, d\u0259rs m\u00f6vzular\u0131na dair q\u0131sa izah v\u0259 t\u0259limatlar t\u0259qdim olunur.<\/p>\n<p>\u201cD\u0259rs vaxt\u0131\u201dna ekran qar\u015f\u0131s\u0131nda baxa bilm\u0259y\u0259nl\u0259r ke\u00e7irilmi\u015f d\u0259rsl\u0259ri T\u0259hsil Nazirliyinin r\u0259smi &#8220;Youtube&#8221; kanal\u0131 il\u0259 yana\u015f\u0131 &#8220;Facebook&#8221; s\u0259hif\u0259sind\u0259n, eyni zamanda &#8220;T\u0259hsil&#8221; televiziyas\u0131n\u0131n &#8220;Facebook&#8221; s\u0259hif\u0259sind\u0259n, h\u0259m\u00e7inin T\u0259hsil Nazirliyinin videod\u0259rsl\u0259r portal\u0131ndan izl\u0259m\u0259k imkan\u0131 \u0259ld\u0259 ed\u0259 bil\u0259rl\u0259r.<\/p>\n","protected":false},"excerpt":{"rendered":"<p>\u201cM\u0259d\u0259niyy\u0259t\u201d v\u0259 &#8220;ARB G\u00fcn\u0259\u015f&#8221; kanallar\u0131nda yay\u0131mlanan \u201cD\u0259rs vaxt\u0131\u201d verili\u015finin aprelin 15-i \u00fc\u00e7\u00fcn n\u0259z\u0259rd\u0259 tutulan c\u0259dv\u0259li a\u00e7\u0131qlan\u0131b. ARANTV.AZ\u00a0x\u0259b\u0259r\u00a0verir ki, T\u0259hsil Nazirliyi d\u0259rs c\u0259dv\u0259lin\u0259 diqq\u0259t etm\u0259yi, d\u0259rsi \u201cD\u0259rs vaxt\u0131\u201dnda \u00f6yr\u0259nm\u0259yi t\u00f6vsiy\u0259 edir. Qeyd ed\u0259k ki, mart\u0131n 11-d\u0259n ba\u015flayaraq T\u0259hsil Nazirliyinin t\u0259\u015fkilat\u00e7\u0131l\u0131\u011f\u0131 il\u0259 \u201cM\u0259d\u0259niyy\u0259t\u201d v\u0259 &#8220;ARB G\u00fcn\u0259\u015f&#8221; kanallar\u0131nda &#8220;D\u0259rs vaxt\u0131&#8221; proqram\u0131n\u0131n yay\u0131m\u0131na start verilib. Proqram \u00e7\u0259r\u00e7iv\u0259sind\u0259 h\u0259ft\u0259nin 5 g\u00fcn\u00fc teled\u0259rsl\u0259r ke\u00e7irilir. Teled\u0259rsl\u0259r b\u00fct\u00fcn sinifl\u0259ri \u0259hat\u0259 edir, d\u0259rs m\u00f6vzular\u0131na dair q\u0131sa izah v\u0259 t\u0259limatlar t\u0259qdim olunur. \u201cD\u0259rs vaxt\u0131\u201dna ekran qar\u015f\u0131s\u0131nda baxa bilm\u0259y\u0259nl\u0259r ke\u00e7irilmi\u015f d\u0259rsl\u0259ri T\u0259hsil Nazirliyinin r\u0259smi &#8220;Youtube&#8221; kanal\u0131 il\u0259 yana\u015f\u0131 &#8220;Facebook&#8221; s\u0259hif\u0259sind\u0259n, eyni&hellip;<\/p>\n","protected":false},"author":2,"featured_media":150869,"comment_status":"closed","ping_status":"closed","sticky":false,"template":"","format":"standard","meta":{"om_disable_all_campaigns":false,"_monsterinsights_skip_tracking":false,"_monsterinsights_sitenote_active":false,"_monsterinsights_sitenote_note":"","_monsterinsights_sitenote_category":0},"categories":[23],"tags":[],"aioseo_notices":[],"gutentor_comment":0,"rttpg_featured_image_url":{"full":["https:\/\/arantv.az\/wp-content\/uploads\/2020\/04\/25e20fc5-b993-4b25-9d82-036f27a399ff.jpg",650,650,false],"landscape":["https:\/\/arantv.az\/wp-content\/uploads\/2020\/04\/25e20fc5-b993-4b25-9d82-036f27a399ff.jpg",650,650,false],"portraits":["https:\/\/arantv.az\/wp-content\/uploads\/2020\/04\/25e20fc5-b993-4b25-9d82-036f27a399ff.jpg",650,650,false],"thumbnail":["https:\/\/arantv.az\/wp-content\/uploads\/2020\/04\/25e20fc5-b993-4b25-9d82-036f27a399ff-150x150.jpg",150,150,true],"medium":["https:\/\/arantv.az\/wp-content\/uploads\/2020\/04\/25e20fc5-b993-4b25-9d82-036f27a399ff-300x300.jpg",300,300,true],"large":["https:\/\/arantv.az\/wp-content\/uploads\/2020\/04\/25e20fc5-b993-4b25-9d82-036f27a399ff.jpg",640,640,false],"1536x1536":["https:\/\/arantv.az\/wp-content\/uploads\/2020\/04\/25e20fc5-b993-4b25-9d82-036f27a399ff.jpg",650,650,false],"2048x2048":["https:\/\/arantv.az\/wp-content\/uploads\/2020\/04\/25e20fc5-b993-4b25-9d82-036f27a399ff.jpg",650,650,false],"post-thumbnail":["https:\/\/arantv.az\/wp-content\/uploads\/2020\/04\/25e20fc5-b993-4b25-9d82-036f27a399ff-240x172.jpg",240,172,true],"advps-thumb-one":["https:\/\/arantv.az\/wp-content\/uploads\/2020\/04\/25e20fc5-b993-4b25-9d82-036f27a399ff-650x620.jpg",650,620,true]},"rttpg_author":{"display_name":"V\u00fcsal Rafiqo\u011flu","author_link":"https:\/\/arantv.az\/?author=2"},"rttpg_comment":0,"rttpg_category":"<a href=\"https:\/\/arantv.az\/?cat=23\" rel=\"category\">T\u0259hsil<\/a>","rttpg_excerpt":"\u201cM\u0259d\u0259niyy\u0259t\u201d v\u0259 &#8220;ARB G\u00fcn\u0259\u015f&#8221; kanallar\u0131nda yay\u0131mlanan \u201cD\u0259rs vaxt\u0131\u201d verili\u015finin aprelin 15-i \u00fc\u00e7\u00fcn n\u0259z\u0259rd\u0259 tutulan c\u0259dv\u0259li a\u00e7\u0131qlan\u0131b. ARANTV.AZ\u00a0x\u0259b\u0259r\u00a0verir ki, T\u0259hsil Nazirliyi d\u0259rs c\u0259dv\u0259lin\u0259 diqq\u0259t etm\u0259yi, d\u0259rsi \u201cD\u0259rs vaxt\u0131\u201dnda \u00f6yr\u0259nm\u0259yi t\u00f6vsiy\u0259 edir. Qeyd ed\u0259k ki, mart\u0131n 11-d\u0259n ba\u015flayaraq T\u0259hsil Nazirliyinin t\u0259\u015fkilat\u00e7\u0131l\u0131\u011f\u0131 il\u0259 \u201cM\u0259d\u0259niyy\u0259t\u201d v\u0259 &#8220;ARB G\u00fcn\u0259\u015f&#8221; kanallar\u0131nda &#8220;D\u0259rs vaxt\u0131&#8221; proqram\u0131n\u0131n yay\u0131m\u0131na start verilib. Proqram \u00e7\u0259r\u00e7iv\u0259sind\u0259 h\u0259ft\u0259nin 5&hellip;","_links":{"self":[{"href":"https:\/\/arantv.az\/index.php?rest_route=\/wp\/v2\/posts\/150868"}],"collection":[{"href":"https:\/\/arantv.az\/index.php?rest_route=\/wp\/v2\/posts"}],"about":[{"href":"https:\/\/arantv.az\/index.php?rest_route=\/wp\/v2\/types\/post"}],"author":[{"embeddable":true,"href":"https:\/\/arantv.az\/index.php?rest_route=\/wp\/v2\/users\/2"}],"replies":[{"embeddable":true,"href":"https:\/\/arantv.az\/index.php?rest_route=%2Fwp%2Fv2%2Fcomments&post=150868"}],"version-history":[{"count":0,"href":"https:\/\/arantv.az\/index.php?rest_route=\/wp\/v2\/posts\/150868\/revisions"}],"wp:featuredmedia":[{"embeddable":true,"href":"https:\/\/arantv.az\/index.php?rest_route=\/wp\/v2\/media\/150869"}],"wp:attachment":[{"href":"https:\/\/arantv.az\/index.php?rest_route=%2Fwp%2Fv2%2Fmedia&parent=150868"}],"wp:term":[{"taxonomy":"category","embeddable":true,"href":"https:\/\/arantv.az\/index.php?rest_route=%2Fwp%2Fv2%2Fcategories&post=150868"},{"taxonomy":"post_tag","embeddable":true,"href":"https:\/\/arantv.az\/index.php?rest_route=%2Fwp%2Fv2%2Ftags&post=150868"}],"curies":[{"name":"wp","href":"https:\/\/api.w.org\/{rel}","templated":true}]}}