{"id":150900,"date":"2020-04-14T15:55:59","date_gmt":"2020-04-14T12:55:59","guid":{"rendered":"http:\/\/arantv.az\/?p=150900"},"modified":"2020-04-14T15:55:59","modified_gmt":"2020-04-14T12:55:59","slug":"ilham-%c9%99liyev-videokonfrans-s%c9%99klind%c9%99-musavir%c9%99-kecirib-foto","status":"publish","type":"post","link":"https:\/\/arantv.az\/?p=150900","title":{"rendered":"\u0130lham \u018fliyev videokonfrans \u015f\u0259klind\u0259 m\u00fc\u015favir\u0259 ke\u00e7irib &#8211; FOTO"},"content":{"rendered":"<article class=\"news\">\n<div class=\"news-inner\">\n<p>Aprelin 14-d\u0259\u00a0Prezident \u0130lham \u018fliyevin s\u0259drliyi il\u0259 2020-ci ilin birinci r\u00fcb\u00fcn\u00fcn sosial-iqtisadi yekunlar\u0131na h\u0259sr olunan videokonfrans \u015f\u0259klind\u0259 m\u00fc\u015favir\u0259 ke\u00e7irilib.<\/p>\n<p><a href=\"https:\/\/azertag.az\/xeber\/Prezident_Ilham_Aliyevin_sedrliyi_ile_ilin_birinci_rubunun_sosial_iqtisadi_yekunlarina_hesr_olunan_videokonfrans_seklinde_musavire_kechirilib_YENILANACAK-1462303\" target=\"_blank\" rel=\"noopener\">AZ\u018fRTAC<\/a>\u00a0x\u0259b\u0259r verir ki, m\u00fc\u015favir\u0259d\u0259 ilin birinci r\u00fcb\u00fcnd\u0259 h\u0259yata ke\u00e7iril\u0259n t\u0259dbirl\u0259rd\u0259n dan\u0131\u015fan Prezident \u0130lham \u018fliyev Az\u0259rbaycanda islahalatlar\u0131n davam etdirilm\u0259sinin yax\u015f\u0131 n\u0259tic\u0259l\u0259r\u0259 g\u0259tirib \u00e7\u0131xard\u0131\u011f\u0131n\u0131 deyib.<\/p>\n<p>Koronovirus pandemiyas\u0131 il\u0259 m\u00fcbariz\u0259 \u00e7\u0259r\u00e7iv\u0259sind\u0259 g\u00f6r\u00fcl\u0259n i\u015fl\u0259ri vur\u011fulayan d\u00f6vl\u0259timizin ba\u015f\u00e7\u0131s\u0131 Az\u0259rbaycanda v\u0259ziyy\u0259tin n\u0259zar\u0259t alt\u0131nda saxlan\u0131ld\u0131\u011f\u0131n\u0131 bildirib.<\/p>\n<div id=\"AdviadNativeVideo0\" class=\"AdviadNativeVideo\"><\/div>\n<p>\u0130qtisadi v\u0259ziyy\u0259t\u0259 pandemiyan\u0131n t\u0259siri il\u0259 \u0259laq\u0259dar h\u00f6kum\u0259t\u0259 bir s\u0131ra tap\u015f\u0131r\u0131qlar ver\u0259n Prezident \u0130lham \u018fliyev 2020-ci ilin d\u0259 bir \u00e7ox sah\u0259l\u0259ri \u0259hat\u0259 ed\u0259n d\u0259rin islahatlar d\u00f6vr\u00fc olaca\u011f\u0131n\u0131 deyib, ilin birinci r\u00fcb\u00fcn\u00fcn iqtisadi g\u00f6st\u0259ricil\u0259rind\u0259n dan\u0131\u015f\u0131b.<\/p>\n<p>Sonra Maliyy\u0259 naziri Samir \u015e\u0259rifov, M\u0259rk\u0259zi Bank\u0131n \u0130dar\u0259 Hey\u0259tinin s\u0259dri Elman R\u00fcst\u0259mov, \u0130qtisadiyyat naziri Mikay\u0131l Cabbarov, \u018fm\u0259k v\u0259 \u0259halinin sosial m\u00fcdafi\u0259si naziri Sahil Babayev, K\u0259nd t\u0259s\u0259rr\u00fcfat\u0131 naziri \u0130nam K\u0259rimov m\u0259ruz\u0259 edibl\u0259r.<\/p>\n<p>Prezident \u0130lham \u018fliyev m\u00fc\u015favir\u0259y\u0259 yekun vurub.<\/p>\n<div class=\"gallery\">\n<div class=\"gallery-i\"><img src=\"https:\/\/cdn.oxu.az\/uploads\/W1siZiIsIjIwMjAvMDQvMTQvMTYvNDkvMzYvZTY0YjlmNGEtNjlhZC00Y2Q2LWIwYmUtY2RmZWJiOTQyMDM3LzE1ODY4NjgwNjY4MDMzOTg0MF8xMDAweDY2OS5qcGciXSxbInAiLCJlbmNvZGUiLCJqcGciLCItcXVhbGl0eSA4MCJdLFsicCIsInRodW1iIiwiNTkweDU5MFx1MDAzZSJdXQ?sha=27324049f8d39747\" alt=\"\" \/><\/p>\n<div class=\"gallery-i-caption\"><\/div>\n<\/div>\n<div class=\"gallery-i\"><img src=\"https:\/\/cdn.oxu.az\/uploads\/W1siZiIsIjIwMjAvMDQvMTQvMTYvNDkvMzYvZjU5YWFkMzItOGE3ZS00MGI0LThlNzUtY2IxMmY4NzMyYjk0LzE1ODY4NjgwNjYxMjU4OTU2Njg3XzEwMDB4NjY5LmpwZyJdLFsicCIsImVuY29kZSIsImpwZyIsIi1xdWFsaXR5IDgwIl0sWyJwIiwidGh1bWIiLCI1OTB4NTkwXHUwMDNlIl1d?sha=69841e9cd24ad6ca\" alt=\"\" \/><\/p>\n<div class=\"gallery-i-caption\"><\/div>\n<\/div>\n<div class=\"gallery-i\"><img src=\"https:\/\/cdn.oxu.az\/uploads\/W1siZiIsIjIwMjAvMDQvMTQvMTYvNDkvMzcvZTA4MTg4OWEtN2NmZS00YWVkLWFhMjUtZjgyYTk2MjQ4NzViLzE1ODY4NjgwNjYxNjg4ODE3MDMxXzEwMDB4NjY5LmpwZyJdLFsicCIsImVuY29kZSIsImpwZyIsIi1xdWFsaXR5IDgwIl0sWyJwIiwidGh1bWIiLCI1OTB4NTkwXHUwMDNlIl1d?sha=baa71c2511666eec\" alt=\"\" \/><\/p>\n<div class=\"gallery-i-caption\"><\/div>\n<\/div>\n<div class=\"gallery-i\"><img src=\"https:\/\/cdn.oxu.az\/uploads\/W1siZiIsIjIwMjAvMDQvMTQvMTYvNDkvMzcvZThlMWJlNzMtOWQ4MC00MThlLWE2YWItMjZhZTQ2ODM1NTc3LzE1ODY4NjgwNjYzNjg3MjI5NjU5XzEwMDB4NjY5LmpwZyJdLFsicCIsImVuY29kZSIsImpwZyIsIi1xdWFsaXR5IDgwIl0sWyJwIiwidGh1bWIiLCI1OTB4NTkwXHUwMDNlIl1d?sha=c620483708b29075\" alt=\"\" \/><\/p>\n<div class=\"gallery-i-caption\"><\/div>\n<\/div>\n<div class=\"gallery-i\"><img src=\"https:\/\/cdn.oxu.az\/uploads\/W1siZiIsIjIwMjAvMDQvMTQvMTYvNDkvMzcvMDJjNzRjOGYtNGI1NC00MzVjLWFmOWItMDQwODE3MzVmNTE1LzE1ODY4NjgwNjY1NzUyNzQ1NDc0XzEwMDB4NjY5LmpwZyJdLFsicCIsImVuY29kZSIsImpwZyIsIi1xdWFsaXR5IDgwIl0sWyJwIiwidGh1bWIiLCI1OTB4NTkwXHUwMDNlIl1d?sha=61fa87b85d134ca4\" alt=\"\" \/><\/p>\n<div class=\"gallery-i-caption\"><\/div>\n<\/div>\n<\/div>\n<\/div>\n<\/article>\n","protected":false},"excerpt":{"rendered":"<p>Aprelin 14-d\u0259\u00a0Prezident \u0130lham \u018fliyevin s\u0259drliyi il\u0259 2020-ci ilin birinci r\u00fcb\u00fcn\u00fcn sosial-iqtisadi yekunlar\u0131na h\u0259sr olunan videokonfrans \u015f\u0259klind\u0259 m\u00fc\u015favir\u0259 ke\u00e7irilib. AZ\u018fRTAC\u00a0x\u0259b\u0259r verir ki, m\u00fc\u015favir\u0259d\u0259 ilin birinci r\u00fcb\u00fcnd\u0259 h\u0259yata ke\u00e7iril\u0259n t\u0259dbirl\u0259rd\u0259n dan\u0131\u015fan Prezident \u0130lham \u018fliyev Az\u0259rbaycanda islahalatlar\u0131n davam etdirilm\u0259sinin yax\u015f\u0131 n\u0259tic\u0259l\u0259r\u0259 g\u0259tirib \u00e7\u0131xard\u0131\u011f\u0131n\u0131 deyib. Koronovirus pandemiyas\u0131 il\u0259 m\u00fcbariz\u0259 \u00e7\u0259r\u00e7iv\u0259sind\u0259 g\u00f6r\u00fcl\u0259n i\u015fl\u0259ri vur\u011fulayan d\u00f6vl\u0259timizin ba\u015f\u00e7\u0131s\u0131 Az\u0259rbaycanda v\u0259ziyy\u0259tin n\u0259zar\u0259t alt\u0131nda saxlan\u0131ld\u0131\u011f\u0131n\u0131 bildirib. \u0130qtisadi v\u0259ziyy\u0259t\u0259 pandemiyan\u0131n t\u0259siri il\u0259 \u0259laq\u0259dar h\u00f6kum\u0259t\u0259 bir s\u0131ra tap\u015f\u0131r\u0131qlar ver\u0259n Prezident \u0130lham \u018fliyev 2020-ci ilin d\u0259 bir \u00e7ox sah\u0259l\u0259ri \u0259hat\u0259 ed\u0259n d\u0259rin islahatlar d\u00f6vr\u00fc olaca\u011f\u0131n\u0131 deyib, ilin birinci r\u00fcb\u00fcn\u00fcn iqtisadi g\u00f6st\u0259ricil\u0259rind\u0259n dan\u0131\u015f\u0131b.&hellip;<\/p>\n","protected":false},"author":2,"featured_media":150901,"comment_status":"closed","ping_status":"closed","sticky":false,"template":"","format":"standard","meta":{"om_disable_all_campaigns":false,"_monsterinsights_skip_tracking":false,"_monsterinsights_sitenote_active":false,"_monsterinsights_sitenote_note":"","_monsterinsights_sitenote_category":0},"categories":[1,11],"tags":[],"aioseo_notices":[],"gutentor_comment":0,"rttpg_featured_image_url":{"full":["https:\/\/arantv.az\/wp-content\/uploads\/2020\/04\/1586868066827443656_1000x669.jpg",620,401,false],"landscape":["https:\/\/arantv.az\/wp-content\/uploads\/2020\/04\/1586868066827443656_1000x669.jpg",620,401,false],"portraits":["https:\/\/arantv.az\/wp-content\/uploads\/2020\/04\/1586868066827443656_1000x669.jpg",620,401,false],"thumbnail":["https:\/\/arantv.az\/wp-content\/uploads\/2020\/04\/1586868066827443656_1000x669-150x150.jpg",150,150,true],"medium":["https:\/\/arantv.az\/wp-content\/uploads\/2020\/04\/1586868066827443656_1000x669-300x194.jpg",300,194,true],"large":["https:\/\/arantv.az\/wp-content\/uploads\/2020\/04\/1586868066827443656_1000x669.jpg",620,401,false],"1536x1536":["https:\/\/arantv.az\/wp-content\/uploads\/2020\/04\/1586868066827443656_1000x669.jpg",620,401,false],"2048x2048":["https:\/\/arantv.az\/wp-content\/uploads\/2020\/04\/1586868066827443656_1000x669.jpg",620,401,false],"post-thumbnail":["https:\/\/arantv.az\/wp-content\/uploads\/2020\/04\/1586868066827443656_1000x669-240x172.jpg",240,172,true],"advps-thumb-one":["https:\/\/arantv.az\/wp-content\/uploads\/2020\/04\/1586868066827443656_1000x669.jpg",620,401,false]},"rttpg_author":{"display_name":"V\u00fcsal Rafiqo\u011flu","author_link":"https:\/\/arantv.az\/?author=2"},"rttpg_comment":0,"rttpg_category":"<a href=\"https:\/\/arantv.az\/?cat=1\" rel=\"category\">C\u0259miyy\u0259t<\/a> <a href=\"https:\/\/arantv.az\/?cat=11\" rel=\"category\">Manset<\/a>","rttpg_excerpt":"Aprelin 14-d\u0259\u00a0Prezident \u0130lham \u018fliyevin s\u0259drliyi il\u0259 2020-ci ilin birinci r\u00fcb\u00fcn\u00fcn sosial-iqtisadi yekunlar\u0131na h\u0259sr olunan videokonfrans \u015f\u0259klind\u0259 m\u00fc\u015favir\u0259 ke\u00e7irilib. AZ\u018fRTAC\u00a0x\u0259b\u0259r verir ki, m\u00fc\u015favir\u0259d\u0259 ilin birinci r\u00fcb\u00fcnd\u0259 h\u0259yata ke\u00e7iril\u0259n t\u0259dbirl\u0259rd\u0259n dan\u0131\u015fan Prezident \u0130lham \u018fliyev Az\u0259rbaycanda islahalatlar\u0131n davam etdirilm\u0259sinin yax\u015f\u0131 n\u0259tic\u0259l\u0259r\u0259 g\u0259tirib \u00e7\u0131xard\u0131\u011f\u0131n\u0131 deyib. Koronovirus pandemiyas\u0131 il\u0259 m\u00fcbariz\u0259 \u00e7\u0259r\u00e7iv\u0259sind\u0259 g\u00f6r\u00fcl\u0259n i\u015fl\u0259ri vur\u011fulayan d\u00f6vl\u0259timizin ba\u015f\u00e7\u0131s\u0131 Az\u0259rbaycanda v\u0259ziyy\u0259tin n\u0259zar\u0259t alt\u0131nda&hellip;","_links":{"self":[{"href":"https:\/\/arantv.az\/index.php?rest_route=\/wp\/v2\/posts\/150900"}],"collection":[{"href":"https:\/\/arantv.az\/index.php?rest_route=\/wp\/v2\/posts"}],"about":[{"href":"https:\/\/arantv.az\/index.php?rest_route=\/wp\/v2\/types\/post"}],"author":[{"embeddable":true,"href":"https:\/\/arantv.az\/index.php?rest_route=\/wp\/v2\/users\/2"}],"replies":[{"embeddable":true,"href":"https:\/\/arantv.az\/index.php?rest_route=%2Fwp%2Fv2%2Fcomments&post=150900"}],"version-history":[{"count":0,"href":"https:\/\/arantv.az\/index.php?rest_route=\/wp\/v2\/posts\/150900\/revisions"}],"wp:featuredmedia":[{"embeddable":true,"href":"https:\/\/arantv.az\/index.php?rest_route=\/wp\/v2\/media\/150901"}],"wp:attachment":[{"href":"https:\/\/arantv.az\/index.php?rest_route=%2Fwp%2Fv2%2Fmedia&parent=150900"}],"wp:term":[{"taxonomy":"category","embeddable":true,"href":"https:\/\/arantv.az\/index.php?rest_route=%2Fwp%2Fv2%2Fcategories&post=150900"},{"taxonomy":"post_tag","embeddable":true,"href":"https:\/\/arantv.az\/index.php?rest_route=%2Fwp%2Fv2%2Ftags&post=150900"}],"curies":[{"name":"wp","href":"https:\/\/api.w.org\/{rel}","templated":true}]}}