{"id":150904,"date":"2020-04-14T15:57:11","date_gmt":"2020-04-14T12:57:11","guid":{"rendered":"http:\/\/arantv.az\/?p=150904"},"modified":"2020-04-14T15:57:11","modified_gmt":"2020-04-14T12:57:11","slug":"ilham-%c9%99liyev-bu-s%c9%99xsl%c9%99rin-maaslarini-100-faiz-artirdi-s%c9%99r%c9%99ncam","status":"publish","type":"post","link":"https:\/\/arantv.az\/?p=150904","title":{"rendered":"\u0130lham \u018fliyev bu \u015f\u0259xsl\u0259rin maa\u015flar\u0131n\u0131 100 faiz art\u0131rd\u0131 &#8211; S\u018fR\u018fNCAM"},"content":{"rendered":"<p>Prezident \u0130lham \u018fliyev x\u00fcsusi karantin rejimi d\u00f6vr\u00fcnd\u0259 sosial xidm\u0259tl\u0259r g\u00f6st\u0259rilm\u0259sind\u0259 i\u015ftirak ed\u0259n i\u015f\u00e7il\u0259rin sosial m\u00fcdafi\u0259sinin g\u00fccl\u0259ndirilm\u0259si haqq\u0131nda s\u0259r\u0259ncam imzalay\u0131b.<\/p>\n<p>Bununla ba\u011fl\u0131\u00a0<a href=\"https:\/\/azertag.az\/xeber\/Xususi_karantin_rejimi_dovrunde_sosial_xidmetler_gosterilmesinde_istirak_eden_ischilerin_sosial_mudafiesinin_guclendirilmesi_haqqinda__Azerbaycan_Respublikasi_Prezidentinin_Serencami-1462237\" target=\"_blank\" rel=\"noopener\">AZ\u018fRTAC<\/a>\u00a0m\u0259lumat yay\u0131b.<\/p>\n<div id=\"AdviadNativeVideo0\" class=\"AdviadNativeVideo\"><\/div>\n<p>S\u0259r\u0259ncama \u0259sas\u0259n, x\u00fcsusi karantin rejimi d\u00f6vr\u00fcnd\u0259 sosial xidm\u0259tl\u0259r g\u00f6st\u0259rilm\u0259sin\u0259 c\u0259lb edil\u0259n \u018fm\u0259k v\u0259 \u018fhalinin Sosial M\u00fcdafi\u0259si Nazirliyi yan\u0131nda D\u00f6vl\u0259t Sosial M\u00fcdafi\u0259 Fondunun rayon (\u015f\u0259h\u0259r) \u015f\u00f6b\u0259l\u0259rind\u0259 v\u0259 tabeliyind\u0259ki sosial xidm\u0259t m\u00fc\u0259ssis\u0259l\u0259rind\u0259 \u00e7al\u0131\u015fan i\u015f\u00e7il\u0259rin \u0259m\u0259khaqlar\u0131na ayl\u0131q v\u0259zif\u0259 (tarif) maa\u015f\u0131n\u0131n bir misli miqdar\u0131nda m\u00fcdd\u0259tli \u0259lav\u0259 m\u00fc\u0259yy\u0259n edilib.<\/p>\n<p>Nazirl\u0259r Kabineti m\u00fc\u0259yy\u0259n edil\u0259n m\u00fcdd\u0259tli \u0259lav\u0259nin \u015famil olunaca\u011f\u0131 i\u015f\u00e7il\u0259rin \u0259hat\u0259 dair\u0259sini v\u0259 \u0259lav\u0259nin \u00f6d\u0259nilm\u0259 m\u00fcdd\u0259tini m\u00fc\u0259yy\u0259n etm\u0259lidir.<\/p>\n<p>S\u0259r\u0259ncam koronavirus pandemiyas\u0131na qar\u015f\u0131 m\u00fcbariz\u0259 sah\u0259sind\u0259 \u00f6lk\u0259d\u0259 elan edilmi\u015f x\u00fcsusi karantin rejimi d\u00f6vr\u00fcnd\u0259 \u00e7\u0259tin v\u0259ziyy\u0259td\u0259 olan \u015f\u0259xsl\u0259r\u0259 v\u0259 t\u0259nha ya\u015fayan 65 ya\u015fdan yuxar\u0131 v\u0259t\u0259nda\u015flara sosial xidm\u0259tl\u0259r g\u00f6st\u0259rilm\u0259sinin s\u0259m\u0259r\u0259li t\u0259\u015fkili m\u0259qs\u0259di da\u015f\u0131y\u0131r.<\/p>\n","protected":false},"excerpt":{"rendered":"<p>Prezident \u0130lham \u018fliyev x\u00fcsusi karantin rejimi d\u00f6vr\u00fcnd\u0259 sosial xidm\u0259tl\u0259r g\u00f6st\u0259rilm\u0259sind\u0259 i\u015ftirak ed\u0259n i\u015f\u00e7il\u0259rin sosial m\u00fcdafi\u0259sinin g\u00fccl\u0259ndirilm\u0259si haqq\u0131nda s\u0259r\u0259ncam imzalay\u0131b. Bununla ba\u011fl\u0131\u00a0AZ\u018fRTAC\u00a0m\u0259lumat yay\u0131b. S\u0259r\u0259ncama \u0259sas\u0259n, x\u00fcsusi karantin rejimi d\u00f6vr\u00fcnd\u0259 sosial xidm\u0259tl\u0259r g\u00f6st\u0259rilm\u0259sin\u0259 c\u0259lb edil\u0259n \u018fm\u0259k v\u0259 \u018fhalinin Sosial M\u00fcdafi\u0259si Nazirliyi yan\u0131nda D\u00f6vl\u0259t Sosial M\u00fcdafi\u0259 Fondunun rayon (\u015f\u0259h\u0259r) \u015f\u00f6b\u0259l\u0259rind\u0259 v\u0259 tabeliyind\u0259ki sosial xidm\u0259t m\u00fc\u0259ssis\u0259l\u0259rind\u0259 \u00e7al\u0131\u015fan i\u015f\u00e7il\u0259rin \u0259m\u0259khaqlar\u0131na ayl\u0131q v\u0259zif\u0259 (tarif) maa\u015f\u0131n\u0131n bir misli miqdar\u0131nda m\u00fcdd\u0259tli \u0259lav\u0259 m\u00fc\u0259yy\u0259n edilib. Nazirl\u0259r Kabineti m\u00fc\u0259yy\u0259n edil\u0259n m\u00fcdd\u0259tli \u0259lav\u0259nin \u015famil olunaca\u011f\u0131 i\u015f\u00e7il\u0259rin \u0259hat\u0259 dair\u0259sini v\u0259 \u0259lav\u0259nin \u00f6d\u0259nilm\u0259 m\u00fcdd\u0259tini m\u00fc\u0259yy\u0259n etm\u0259lidir. S\u0259r\u0259ncam koronavirus pandemiyas\u0131na qar\u015f\u0131 m\u00fcbariz\u0259 sah\u0259sind\u0259 \u00f6lk\u0259d\u0259&hellip;<\/p>\n","protected":false},"author":2,"featured_media":150905,"comment_status":"closed","ping_status":"closed","sticky":false,"template":"","format":"standard","meta":{"om_disable_all_campaigns":false,"_monsterinsights_skip_tracking":false,"_monsterinsights_sitenote_active":false,"_monsterinsights_sitenote_note":"","_monsterinsights_sitenote_category":0},"categories":[1],"tags":[],"aioseo_notices":[],"gutentor_comment":0,"rttpg_featured_image_url":{"full":["https:\/\/arantv.az\/wp-content\/uploads\/2020\/04\/ilham_aliyev_2020_002-1-1.jpg",620,426,false],"landscape":["https:\/\/arantv.az\/wp-content\/uploads\/2020\/04\/ilham_aliyev_2020_002-1-1.jpg",620,426,false],"portraits":["https:\/\/arantv.az\/wp-content\/uploads\/2020\/04\/ilham_aliyev_2020_002-1-1.jpg",620,426,false],"thumbnail":["https:\/\/arantv.az\/wp-content\/uploads\/2020\/04\/ilham_aliyev_2020_002-1-1-150x150.jpg",150,150,true],"medium":["https:\/\/arantv.az\/wp-content\/uploads\/2020\/04\/ilham_aliyev_2020_002-1-1-300x206.jpg",300,206,true],"large":["https:\/\/arantv.az\/wp-content\/uploads\/2020\/04\/ilham_aliyev_2020_002-1-1.jpg",620,426,false],"1536x1536":["https:\/\/arantv.az\/wp-content\/uploads\/2020\/04\/ilham_aliyev_2020_002-1-1.jpg",620,426,false],"2048x2048":["https:\/\/arantv.az\/wp-content\/uploads\/2020\/04\/ilham_aliyev_2020_002-1-1.jpg",620,426,false],"post-thumbnail":["https:\/\/arantv.az\/wp-content\/uploads\/2020\/04\/ilham_aliyev_2020_002-1-1-240x172.jpg",240,172,true],"advps-thumb-one":["https:\/\/arantv.az\/wp-content\/uploads\/2020\/04\/ilham_aliyev_2020_002-1-1.jpg",620,426,false]},"rttpg_author":{"display_name":"V\u00fcsal Rafiqo\u011flu","author_link":"https:\/\/arantv.az\/?author=2"},"rttpg_comment":0,"rttpg_category":"<a href=\"https:\/\/arantv.az\/?cat=1\" rel=\"category\">C\u0259miyy\u0259t<\/a>","rttpg_excerpt":"Prezident \u0130lham \u018fliyev x\u00fcsusi karantin rejimi d\u00f6vr\u00fcnd\u0259 sosial xidm\u0259tl\u0259r g\u00f6st\u0259rilm\u0259sind\u0259 i\u015ftirak ed\u0259n i\u015f\u00e7il\u0259rin sosial m\u00fcdafi\u0259sinin g\u00fccl\u0259ndirilm\u0259si haqq\u0131nda s\u0259r\u0259ncam imzalay\u0131b. Bununla ba\u011fl\u0131\u00a0AZ\u018fRTAC\u00a0m\u0259lumat yay\u0131b. S\u0259r\u0259ncama \u0259sas\u0259n, x\u00fcsusi karantin rejimi d\u00f6vr\u00fcnd\u0259 sosial xidm\u0259tl\u0259r g\u00f6st\u0259rilm\u0259sin\u0259 c\u0259lb edil\u0259n \u018fm\u0259k v\u0259 \u018fhalinin Sosial M\u00fcdafi\u0259si Nazirliyi yan\u0131nda D\u00f6vl\u0259t Sosial M\u00fcdafi\u0259 Fondunun rayon (\u015f\u0259h\u0259r) \u015f\u00f6b\u0259l\u0259rind\u0259 v\u0259 tabeliyind\u0259ki sosial xidm\u0259t m\u00fc\u0259ssis\u0259l\u0259rind\u0259 \u00e7al\u0131\u015fan i\u015f\u00e7il\u0259rin \u0259m\u0259khaqlar\u0131na&hellip;","_links":{"self":[{"href":"https:\/\/arantv.az\/index.php?rest_route=\/wp\/v2\/posts\/150904"}],"collection":[{"href":"https:\/\/arantv.az\/index.php?rest_route=\/wp\/v2\/posts"}],"about":[{"href":"https:\/\/arantv.az\/index.php?rest_route=\/wp\/v2\/types\/post"}],"author":[{"embeddable":true,"href":"https:\/\/arantv.az\/index.php?rest_route=\/wp\/v2\/users\/2"}],"replies":[{"embeddable":true,"href":"https:\/\/arantv.az\/index.php?rest_route=%2Fwp%2Fv2%2Fcomments&post=150904"}],"version-history":[{"count":0,"href":"https:\/\/arantv.az\/index.php?rest_route=\/wp\/v2\/posts\/150904\/revisions"}],"wp:featuredmedia":[{"embeddable":true,"href":"https:\/\/arantv.az\/index.php?rest_route=\/wp\/v2\/media\/150905"}],"wp:attachment":[{"href":"https:\/\/arantv.az\/index.php?rest_route=%2Fwp%2Fv2%2Fmedia&parent=150904"}],"wp:term":[{"taxonomy":"category","embeddable":true,"href":"https:\/\/arantv.az\/index.php?rest_route=%2Fwp%2Fv2%2Fcategories&post=150904"},{"taxonomy":"post_tag","embeddable":true,"href":"https:\/\/arantv.az\/index.php?rest_route=%2Fwp%2Fv2%2Ftags&post=150904"}],"curies":[{"name":"wp","href":"https:\/\/api.w.org\/{rel}","templated":true}]}}