{"id":151056,"date":"2020-04-14T22:33:22","date_gmt":"2020-04-14T19:33:22","guid":{"rendered":"http:\/\/arantv.az\/?p=151056"},"modified":"2020-04-14T22:33:22","modified_gmt":"2020-04-14T19:33:22","slug":"prezident-ilham-%c9%99liyev-banklar-indiki-s%c9%99raitd%c9%99-biznes%c9%99-daha-boyuk-d%c9%99st%c9%99k-verm%c9%99lidirl%c9%99r","status":"publish","type":"post","link":"https:\/\/arantv.az\/?p=151056","title":{"rendered":"Prezident \u0130lham \u018fliyev: Banklar indiki \u015f\u0259raitd\u0259 biznes\u0259 daha b\u00f6y\u00fck d\u0259st\u0259k verm\u0259lidirl\u0259r"},"content":{"rendered":"<p>Banklar indiki \u015f\u0259raitd\u0259 biznes\u0259 daha b\u00f6y\u00fck d\u0259st\u0259k verm\u0259lidirl\u0259r.<\/p>\n<p>ARANTV.AZ\u00a0<a href=\"http:\/\/azertag.az\/\" target=\"_blank\" rel=\"noopener\">AZ\u018fRTAC<\/a>-a istinad\u0259n bildirir ki,\u00a0bunu Prezident \u0130lham \u018fliyev 2020-ci ilin birinci r\u00fcb\u00fcn\u00fcn sosial-iqtisadi yekunlar\u0131na h\u0259sr olunan videokonfrans \u015f\u0259klind\u0259 ke\u00e7iril\u0259n m\u00fc\u015favir\u0259d\u0259 bildirib.<\/p>\n<p>Az\u0259rbaycan Prezidenti deyib:<\/p>\n<p>&#8220;Biz makroiqtisadi v\u0259ziyy\u0259ti qorumal\u0131y\u0131q. Eyni zamanda, banklar indiki \u015f\u0259raitd\u0259 biznes\u0259 daha b\u00f6y\u00fck d\u0259st\u0259k verm\u0259lidirl\u0259r. M\u0259n \u00e7ox \u015fadam ki, art\u0131q biznes kreditl\u0259rinin faizi art\u0131r, amma istehlak kreditl\u0259rinin faizi d\u00fc\u015f\u00fcr. Bu, hesab edir\u0259m ki, \u00e7ox yax\u015f\u0131 tendensiyad\u0131r v\u0259 bu, saxlanmal\u0131d\u0131r.<\/p>\n<p>M\u0259n banklar\u0131n \u00f6z\u00fcn\u00fcm\u0259\u015f\u011fulluq proqram\u0131na qo\u015fulmas\u0131n\u0131 da alq\u0131\u015flay\u0131ram. Yax\u015f\u0131 bilirsiniz ki, bu proqrama \u00e7ox b\u00f6y\u00fck t\u0259l\u0259bat var v\u0259 biz n\u0259z\u0259rd\u0259 tuturduq ki, d\u00f6vl\u0259t x\u0259tti il\u0259 on min insana vasit\u0259l\u0259ri t\u0259qdim ed\u0259k. \u0130ndi D\u00fcnya Bank\u0131 da buna qo\u015fuldu. Onlar t\u0259r\u0259find\u0259n d\u0259 vasit\u0259l\u0259r veril\u0259c\u0259k, bizim banklar da ver\u0259c\u0259k. \u00c7\u00fcnki t\u0259l\u0259bat daha \u00e7oxdur. T\u0259qrib\u0259n 40-50 min t\u0259l\u0259b, y\u0259ni, sifari\u015f var. Ona g\u00f6r\u0259 x\u00fcsusil\u0259 indiki \u015f\u0259raitd\u0259 mikrobiznesin inki\u015faf\u0131, &#8211; indi k\u0259nd t\u0259s\u0259rr\u00fcfat\u0131nda da bu sah\u0259d\u0259 i\u015fl\u0259r n\u0259z\u0259rd\u0259 tutulur, &#8211; m\u00fctl\u0259q apar\u0131lmal\u0131d\u0131r ki, biz biznesi qoruyaq, onlara d\u0259st\u0259k ver\u0259k v\u0259 raz\u0131yam ki, art\u0131q normal h\u0259yata qay\u0131tmaq \u00fc\u00e7\u00fcn haz\u0131rl\u0131q i\u015fl\u0259rimizi aparmal\u0131y\u0131q.<\/p>\n<p>Ona g\u00f6r\u0259 m\u0259n b\u00fct\u00f6vl\u00fckd\u0259 bank sektorunda v\u0259 makroiqtisadi sah\u0259d\u0259 g\u00f6r\u00fclm\u00fc\u015f i\u015fl\u0259ri m\u00fcsb\u0259t qiym\u0259tl\u0259ndirir\u0259m, bel\u0259 d\u0259 davam edin. Bilir\u0259m ki, siz g\u00fcnd\u0259lik formatda h\u0259r \u015fey\u0259 monitorinq apar\u0131rs\u0131n\u0131z. Hesab edir\u0259m ki, faiz d\u0259r\u0259c\u0259l\u0259rinin sabit saxlanmas\u0131 da \u00e7ox m\u00fcsb\u0259t add\u0131md\u0131r, o q\u0259d\u0259r d\u0259 asan m\u0259s\u0259l\u0259 deyil. \u00c7\u00fcnki neftin qiym\u0259tinin k\u0259skin d\u00fc\u015fm\u0259si, iqtisadi f\u0259all\u0131\u011f\u0131n azalmas\u0131 ist\u0259r-ist\u0259m\u0259z faiz d\u0259r\u0259c\u0259l\u0259rinin art\u0131m\u0131n\u0131 \u015f\u0259rtl\u0259ndirirdi. Ancaq son aylar \u0259rzind\u0259 faiz d\u0259r\u0259c\u0259l\u0259ri ard\u0131c\u0131ll\u0131qla a\u015fa\u011f\u0131 d\u00fc\u015f\u00fcr. Ona g\u00f6r\u0259 siz bu d\u0259r\u0259c\u0259l\u0259ri indi d\u0259 sabit saxlay\u0131rs\u0131n\u0131z. Hesab edir\u0259m ki, indiki v\u0259ziyy\u0259t\u0259 g\u00f6r\u0259 bu, d\u00fczg\u00fcn add\u0131md\u0131r.<\/p>\n<p>T\u0259bii ki, koronavirus iqtisadi f\u0259all\u0131qla ba\u011fl\u0131 biz\u0259 \u00e7ox b\u00f6y\u00fck problem yaratd\u0131. Ancaq buna baxmayaraq, hesab edir\u0259m ki, vaxt\u0131nda at\u0131lm\u0131\u015f add\u0131mlar, x\u00fcsusil\u0259 sahibkarlara, biznes\u0259 veril\u0259n d\u0259st\u0259k bir daha d\u00f6vl\u0259tin siyas\u0259tini g\u00f6st\u0259rir. Bizim h\u0259m siyas\u0259timiz birm\u0259nal\u0131d\u0131r, h\u0259m d\u0259 imkanlar\u0131m\u0131z var. Bu imkanlar\u0131 biz yaratm\u0131\u015f\u0131q. \u018fg\u0259r biz bu maliyy\u0259 imkanlar\u0131m\u0131z\u0131 yaratmasayd\u0131q, bu g\u00fcn nec\u0259 k\u00f6m\u0259k ed\u0259rdik? M\u0259n Az\u0259rbaycan\u0131 he\u00e7 kiml\u0259 m\u00fcqayis\u0259 etm\u0259k ist\u0259mir\u0259m, amma biz bax\u0131r\u0131q, g\u00f6r\u00fcr\u00fck indi ba\u015fqa \u00f6lk\u0259l\u0259rd\u0259 n\u0259l\u0259r ba\u015f verir. Adamba\u015f\u0131na bizd\u0259ki q\u0259d\u0259r d\u00fc\u015f\u0259n d\u0259st\u0259k h\u0259cmi az \u00f6lk\u0259l\u0259rd\u0259 m\u00fc\u015fahid\u0259 olunur. \u00c7\u00fcnki indi bizim h\u0259m imkanlar\u0131m\u0131z var, &#8211; d\u00fczd\u00fcr, neftin qiym\u0259tinin a\u015fa\u011f\u0131 d\u00fc\u015fm\u0259si bu imkanlara da m\u0259nfi t\u0259sir g\u00f6st\u0259rir, &#8211; eyni zamanda, siyasi irad\u0259 d\u0259 var. Ona g\u00f6r\u0259 bu v\u0259ziyy\u0259td\u0259 biznes strukturlar\u0131n\u0131n d\u0259st\u0259kl\u0259nm\u0259si t\u0259biidir v\u0259 biz he\u00e7 vaxt onlar\u0131 a\u011f\u0131r v\u0259ziyy\u0259td\u0259 qoya bilm\u0259rik. \u00c7\u00fcnki koronavirus onlar\u0131n biznesin\u0259 ziyan vurub, biz is\u0259 onlar\u0131n i\u015fini y\u00fcng\u00fcll\u0259\u015fdirm\u0259liyik.<\/p>\n<p>Onu da bildirm\u0259liy\u0259m ki, son vaxtlar apar\u0131lan islahatlar n\u0259tic\u0259sind\u0259 Az\u0259rbaycanda biznes m\u00fchiti b\u00f6y\u00fck d\u0259r\u0259c\u0259d\u0259 yax\u015f\u0131la\u015fm\u0131\u015fd\u0131r. Bunu bir ne\u00e7\u0259 m\u00f6t\u0259b\u0259r beyn\u0259lxalq t\u0259\u015fkilat da qeyd edir. Bu yax\u0131nlarda m\u0259\u015fhur &#8220;Heritage&#8221; Fondu da iqtisadi azadl\u0131qlarla ba\u011fl\u0131 reytinq c\u0259dv\u0259li t\u0259rtib edib v\u0259 Az\u0259rbaycan iqtisadi azadl\u0131qlar indeksin\u0259 g\u00f6r\u0259 d\u00fcnyada 44-c\u00fc yerd\u0259dir. Bir il \u0259rzind\u0259 biz 19 pill\u0259 qalxm\u0131\u015f\u0131q. Hesab edir\u0259m ki, bu, b\u00f6y\u00fck n\u0259tic\u0259dir&#8221;.<\/p>\n","protected":false},"excerpt":{"rendered":"<p>Banklar indiki \u015f\u0259raitd\u0259 biznes\u0259 daha b\u00f6y\u00fck d\u0259st\u0259k verm\u0259lidirl\u0259r. ARANTV.AZ\u00a0AZ\u018fRTAC-a istinad\u0259n bildirir ki,\u00a0bunu Prezident \u0130lham \u018fliyev 2020-ci ilin birinci r\u00fcb\u00fcn\u00fcn sosial-iqtisadi yekunlar\u0131na h\u0259sr olunan videokonfrans \u015f\u0259klind\u0259 ke\u00e7iril\u0259n m\u00fc\u015favir\u0259d\u0259 bildirib. Az\u0259rbaycan Prezidenti deyib: &#8220;Biz makroiqtisadi v\u0259ziyy\u0259ti qorumal\u0131y\u0131q. Eyni zamanda, banklar indiki \u015f\u0259raitd\u0259 biznes\u0259 daha b\u00f6y\u00fck d\u0259st\u0259k verm\u0259lidirl\u0259r. M\u0259n \u00e7ox \u015fadam ki, art\u0131q biznes kreditl\u0259rinin faizi art\u0131r, amma istehlak kreditl\u0259rinin faizi d\u00fc\u015f\u00fcr. Bu, hesab edir\u0259m ki, \u00e7ox yax\u015f\u0131 tendensiyad\u0131r v\u0259 bu, saxlanmal\u0131d\u0131r. M\u0259n banklar\u0131n \u00f6z\u00fcn\u00fcm\u0259\u015f\u011fulluq proqram\u0131na qo\u015fulmas\u0131n\u0131 da alq\u0131\u015flay\u0131ram. Yax\u015f\u0131 bilirsiniz ki, bu proqrama \u00e7ox b\u00f6y\u00fck t\u0259l\u0259bat var v\u0259 biz n\u0259z\u0259rd\u0259 tuturduq ki,&hellip;<\/p>\n","protected":false},"author":2,"featured_media":151059,"comment_status":"closed","ping_status":"closed","sticky":false,"template":"","format":"standard","meta":{"om_disable_all_campaigns":false,"_monsterinsights_skip_tracking":false,"_monsterinsights_sitenote_active":false,"_monsterinsights_sitenote_note":"","_monsterinsights_sitenote_category":0},"categories":[1],"tags":[],"aioseo_notices":[],"gutentor_comment":0,"rttpg_featured_image_url":{"full":["https:\/\/arantv.az\/wp-content\/uploads\/2020\/04\/2378273637496y.jpg",800,600,false],"landscape":["https:\/\/arantv.az\/wp-content\/uploads\/2020\/04\/2378273637496y.jpg",800,600,false],"portraits":["https:\/\/arantv.az\/wp-content\/uploads\/2020\/04\/2378273637496y.jpg",800,600,false],"thumbnail":["https:\/\/arantv.az\/wp-content\/uploads\/2020\/04\/2378273637496y-150x150.jpg",150,150,true],"medium":["https:\/\/arantv.az\/wp-content\/uploads\/2020\/04\/2378273637496y-300x225.jpg",300,225,true],"large":["https:\/\/arantv.az\/wp-content\/uploads\/2020\/04\/2378273637496y.jpg",640,480,false],"1536x1536":["https:\/\/arantv.az\/wp-content\/uploads\/2020\/04\/2378273637496y.jpg",800,600,false],"2048x2048":["https:\/\/arantv.az\/wp-content\/uploads\/2020\/04\/2378273637496y.jpg",800,600,false],"post-thumbnail":["https:\/\/arantv.az\/wp-content\/uploads\/2020\/04\/2378273637496y-240x172.jpg",240,172,true],"advps-thumb-one":["https:\/\/arantv.az\/wp-content\/uploads\/2020\/04\/2378273637496y.jpg",800,600,false]},"rttpg_author":{"display_name":"V\u00fcsal Rafiqo\u011flu","author_link":"https:\/\/arantv.az\/?author=2"},"rttpg_comment":0,"rttpg_category":"<a href=\"https:\/\/arantv.az\/?cat=1\" rel=\"category\">C\u0259miyy\u0259t<\/a>","rttpg_excerpt":"Banklar indiki \u015f\u0259raitd\u0259 biznes\u0259 daha b\u00f6y\u00fck d\u0259st\u0259k verm\u0259lidirl\u0259r. ARANTV.AZ\u00a0AZ\u018fRTAC-a istinad\u0259n bildirir ki,\u00a0bunu Prezident \u0130lham \u018fliyev 2020-ci ilin birinci r\u00fcb\u00fcn\u00fcn sosial-iqtisadi yekunlar\u0131na h\u0259sr olunan videokonfrans \u015f\u0259klind\u0259 ke\u00e7iril\u0259n m\u00fc\u015favir\u0259d\u0259 bildirib. Az\u0259rbaycan Prezidenti deyib: &#8220;Biz makroiqtisadi v\u0259ziyy\u0259ti qorumal\u0131y\u0131q. Eyni zamanda, banklar indiki \u015f\u0259raitd\u0259 biznes\u0259 daha b\u00f6y\u00fck d\u0259st\u0259k verm\u0259lidirl\u0259r. M\u0259n \u00e7ox \u015fadam ki, art\u0131q biznes kreditl\u0259rinin faizi art\u0131r, amma&hellip;","_links":{"self":[{"href":"https:\/\/arantv.az\/index.php?rest_route=\/wp\/v2\/posts\/151056"}],"collection":[{"href":"https:\/\/arantv.az\/index.php?rest_route=\/wp\/v2\/posts"}],"about":[{"href":"https:\/\/arantv.az\/index.php?rest_route=\/wp\/v2\/types\/post"}],"author":[{"embeddable":true,"href":"https:\/\/arantv.az\/index.php?rest_route=\/wp\/v2\/users\/2"}],"replies":[{"embeddable":true,"href":"https:\/\/arantv.az\/index.php?rest_route=%2Fwp%2Fv2%2Fcomments&post=151056"}],"version-history":[{"count":0,"href":"https:\/\/arantv.az\/index.php?rest_route=\/wp\/v2\/posts\/151056\/revisions"}],"wp:featuredmedia":[{"embeddable":true,"href":"https:\/\/arantv.az\/index.php?rest_route=\/wp\/v2\/media\/151059"}],"wp:attachment":[{"href":"https:\/\/arantv.az\/index.php?rest_route=%2Fwp%2Fv2%2Fmedia&parent=151056"}],"wp:term":[{"taxonomy":"category","embeddable":true,"href":"https:\/\/arantv.az\/index.php?rest_route=%2Fwp%2Fv2%2Fcategories&post=151056"},{"taxonomy":"post_tag","embeddable":true,"href":"https:\/\/arantv.az\/index.php?rest_route=%2Fwp%2Fv2%2Ftags&post=151056"}],"curies":[{"name":"wp","href":"https:\/\/api.w.org\/{rel}","templated":true}]}}