{"id":151066,"date":"2020-04-15T09:25:59","date_gmt":"2020-04-15T06:25:59","guid":{"rendered":"http:\/\/arantv.az\/?p=151066"},"modified":"2020-04-15T09:25:59","modified_gmt":"2020-04-15T06:25:59","slug":"az%c9%99rbaycan-hokum%c9%99ti-pandemiya-dovrund%c9%99-f%c9%99aliyy%c9%99t-gost%c9%99r%c9%99n-sah%c9%99l%c9%99r%c9%99-xususi-diqq%c9%99t-ayirir-t%c9%99hlil","status":"publish","type":"post","link":"https:\/\/arantv.az\/?p=151066","title":{"rendered":"Az\u0259rbaycan h\u00f6kum\u0259ti pandemiya d\u00f6vr\u00fcnd\u0259 f\u0259aliyy\u0259t g\u00f6st\u0259r\u0259n sah\u0259l\u0259r\u0259 x\u00fcsusi diqq\u0259t ay\u0131r\u0131r &#8211; T\u018fHL\u0130L"},"content":{"rendered":"<p>Pandemiya d\u00f6vr\u00fcnd\u0259 \u0259sas y\u00fck s\u0259hiyy\u0259 i\u015f\u00e7il\u0259rinin \u00fcz\u0259rind\u0259 olsa da, t\u0259xmin\u0259n o q\u0259d\u0259r a\u011f\u0131r v\u0259 m\u0259suliyy\u0259tli i\u015f sosial xidm\u0259t sektorunun pay\u0131na d\u00fc\u015f\u00fcr. X\u00fcsus\u0259n karantin rejiminin t\u0259tbiq olundu\u011fu bir vaxtda \u0259halinin, \u0259sas\u0259n, ya\u015fl\u0131, x\u0259st\u0259 v\u0259 k\u00f6m\u0259ksiz hiss\u0259sinin d\u00f6vl\u0259t d\u0259st\u0259yin\u0259 daha \u00e7ox ehtiyac\u0131 yaran\u0131r.<\/p>\n<p>B\u00fct\u00fcn bu y\u00fck is\u0259 sosial xidm\u0259t sektorunun \u00fcz\u0259rind\u0259dir. Son g\u00fcnl\u0259r \u018fm\u0259k v\u0259 \u018fhalinin Sosial M\u00fcdafi\u0259si Nazirliyi \u0259traf\u0131nda yaranan ajiotaj da g\u00f6st\u0259rdi ki, \u0259halinin \u0259n h\u0259ssas t\u0259b\u0259q\u0259si il\u0259 \u00e7al\u0131\u015fan bu qurum c\u0259miyy\u0259tin x\u00fcsusi diqq\u0259t m\u0259rk\u0259zind\u0259dir. \u00c7\u00fcnki qeyd olundu\u011fu kimi, sosial xidm\u0259t qurumlar\u0131 \u0259halinin \u0259n h\u0259ssas v\u0259 yard\u0131ma m\u00f6htac qrupu il\u0259 \u00e7al\u0131\u015f\u0131r.<\/p>\n<p>Bu m\u0259nada, Prezident \u0130lham \u018fliyevin\u00a0d\u00fcn\u0259n imzalad\u0131\u011f\u0131 s\u0259r\u0259ncam bir t\u0259r\u0259fd\u0259n sosial sah\u0259 i\u015f\u00e7il\u0259rin\u0259 d\u00f6vl\u0259t d\u0259st\u0259yini art\u0131rmaq, onlar\u0131n sosial m\u00fcdafi\u0259sini g\u00fccl\u0259ndirm\u0259k m\u0259qs\u0259din\u0259 xidm\u0259t edirs\u0259, dig\u0259r t\u0259r\u0259fd\u0259n h\u0259m d\u0259 m\u0259suliyy\u0259t kimi qiym\u0259tl\u0259ndirilm\u0259lidir. \u00c7\u00fcnki bu sektor, yuxar\u0131da da qeyd etdiyimiz kimi, h\u0259ssas \u0259hali qrupu il\u0259 i\u015fl\u0259yir v\u0259 bu sah\u0259d\u0259 \u00e7oxsayl\u0131 \u015fikay\u0259tl\u0259r, naraz\u0131l\u0131qlar m\u00f6vcuddur.<\/p>\n<div id=\"AdviadNativeVideo0\" class=\"AdviadNativeVideo\"><\/div>\n<p>M\u0259lum oldu\u011fu kimi, Az\u0259rbaycan h\u00f6kum\u0259ti pandemiya d\u00f6vr\u00fcnd\u0259 f\u0259aliyy\u0259t g\u00f6st\u0259r\u0259n sah\u0259l\u0259r\u0259 x\u00fcsusi diqq\u0259t ay\u0131r\u0131r. Bundan \u0259vv\u0259l h\u0259kiml\u0259rin v\u0259 s\u0259hiyy\u0259 i\u015f\u00e7il\u0259rinin \u0259m\u0259khaqlar\u0131n\u0131n art\u0131r\u0131lmas\u0131 il\u0259 ba\u011fl\u0131 prezidentin s\u0259r\u0259ncam\u0131 oldu.<\/p>\n<p>\u00d6t\u0259n g\u00fcn is\u0259 Prezident \u0130lham \u018fliyev \u201cX\u00fcsusi karantin rejimi d\u00f6vr\u00fcnd\u0259 sosial xidm\u0259tl\u0259r g\u00f6st\u0259rilm\u0259sind\u0259 i\u015ftirak ed\u0259n i\u015f\u00e7il\u0259rin sosial m\u00fcdafi\u0259sinin g\u00fccl\u0259ndirilm\u0259si haqq\u0131nda\u201d s\u0259r\u0259ncam imzalay\u0131b. S\u0259r\u0259ncam x\u00fcsusi karantin rejimi d\u00f6vr\u00fcnd\u0259 v\u0259t\u0259nda\u015flara sosial xidm\u0259tl\u0259rin s\u0259m\u0259r\u0259li t\u0259\u015fkilin\u0259 xidm\u0259t ed\u0259n \u015f\u0259xsl\u0259r\u0259, \u00fcmumiyy\u0259tl\u0259, sosial xidm\u0259t i\u015f\u00e7il\u0259rin\u0259 d\u00f6vl\u0259t d\u0259st\u0259yini n\u0259z\u0259rd\u0259 tutur.<\/p>\n<p>S\u0259n\u0259dd\u0259 koronavirus pandemiyas\u0131na qar\u015f\u0131 m\u00fcbariz\u0259 sah\u0259sind\u0259 \u00f6lk\u0259d\u0259 elan edilmi\u015f x\u00fcsusi karantin rejimi d\u00f6vr\u00fcnd\u0259 sosial xidm\u0259tl\u0259r g\u00f6st\u0259rilm\u0259sin\u0259 c\u0259lb olunan \u018fm\u0259k v\u0259 \u018fhalinin Sosial M\u00fcdafi\u0259si Nazirliyi yan\u0131nda D\u00f6vl\u0259t Sosial M\u00fcdafi\u0259 Fondunun (DSMF) rayon (\u015f\u0259h\u0259r) \u015f\u00f6b\u0259l\u0259rind\u0259 v\u0259 tabeliyind\u0259ki sosial xidm\u0259t m\u00fc\u0259ssis\u0259l\u0259rind\u0259 \u00e7al\u0131\u015fan \u00fcmumilikd\u0259 iki min n\u0259f\u0259rin \u0259m\u0259khaqq\u0131na ayl\u0131q v\u0259zif\u0259 (tarif) maa\u015f\u0131n\u0131n bir misli miqdar\u0131nda m\u00fcdd\u0259tli \u0259lav\u0259 m\u00fc\u0259yy\u0259n edilm\u0259si n\u0259z\u0259rd\u0259 tutulur.<\/p>\n<p>M\u0259lum oldu\u011fu kimi, x\u00fcsusi karantin rejimi d\u00f6vr\u00fcnd\u0259 ya\u015f\u0131 65-d\u0259n yuxar\u0131 \u015f\u0259xsl\u0259rin pandemiyadan qorunmas\u0131 m\u0259qs\u0259dil\u0259 onlarla ba\u011fl\u0131 x\u00fcsusi t\u0259crid rejimi t\u0259tbiq olunur. Bu qrupa daxil olan \u015f\u0259xsl\u0259rin g\u00fcnd\u0259lik sosial t\u0259l\u0259batlar\u0131n\u0131n yerin\u0259 yetirilm\u0259si \u00fc\u00e7\u00fcn sosial xidm\u0259t i\u015f\u00e7il\u0259ri s\u0259f\u0259rb\u0259r edilib. Bu kateqoriyadan olan sosial xidm\u0259t i\u015f\u00e7il\u0259ri haz\u0131rda 15 mind\u0259n \u00e7ox t\u0259nha ya\u015fl\u0131ya evl\u0259rind\u0259 sosial xidm\u0259tl\u0259r g\u00f6st\u0259rir.<\/p>\n<p>Nazirliyin m\u0259lumat\u0131nda qeyd olunur ki, haz\u0131rda ya\u015f\u0131 65-d\u0259n yuxar\u0131 t\u0259nha insanlar, el\u0259c\u0259 d\u0259, t\u0259nha ya\u015fayan v\u0259 \u00f6z\u00fcn\u0259qulluq qabiliyy\u0259ti olmayan \u0259lilliyi olan \u015f\u0259xsl\u0259r sosial xidm\u0259t i\u015f\u00e7il\u0259ri t\u0259r\u0259find\u0259n evl\u0259rind\u0259 g\u00fcnd\u0259lik sosial m\u0259i\u015f\u0259t xidm\u0259tl\u0259ri il\u0259 t\u0259min olunurlar. Bundan ba\u015fqa, son g\u00fcnl\u0259rd\u0259 m\u00fcxt\u0259lif d\u00f6vl\u0259t v\u0259 \u00f6z\u0259l m\u00fc\u0259ssis\u0259l\u0259r t\u0259r\u0259find\u0259n \u018f\u018fSMN x\u0259tti il\u0259 10 minl\u0259rl\u0259 t\u0259nha ya\u015fl\u0131ya \u0259rzaq pay\u0131 verilib.<\/p>\n<p>G\u00f6r\u00fcnd\u00fcy\u00fc kimi, ortada h\u0259m d\u0259 i\u015f var, \u00f6z\u00fc d\u0259 az deyil. T\u0259bii ki, haql\u0131 olaraq naraz\u0131l\u0131qlar, \u00e7at\u0131\u015fmazl\u0131qlar da var. Lakin n\u0259z\u0259r\u0259 almaq laz\u0131md\u0131r ki, bu, Az\u0259rbaycan tarixind\u0259 v\u0259 \u00fcmumiyy\u0259tl\u0259 d\u00fcnyada \u0259n b\u00f6y\u00fck f\u0259lak\u0259tl\u0259rd\u0259n biri hesab olunur. H\u0259tta d\u00fcnyan\u0131n \u201csuperd\u00f6vl\u0259ti\u201d AB\u015e bel\u0259 pandemiyaya haz\u0131rl\u0131qs\u0131z yaxaland\u0131. Avropan\u0131n inki\u015faf etmi\u015f \u00f6lk\u0259l\u0259ri pandemiyaya t\u0259slim oldular. Bu m\u0259nada, Az\u0259rbaycanda bu m\u00f6vzuda ist\u0259nil\u0259n neqativ hadis\u0259y\u0259 don geyindirm\u0259k olar. Amma m\u00fcsb\u0259t t\u0259cr\u00fcb\u0259 yaratmaq imkan\u0131 da var.<\/p>\n","protected":false},"excerpt":{"rendered":"<p>Pandemiya d\u00f6vr\u00fcnd\u0259 \u0259sas y\u00fck s\u0259hiyy\u0259 i\u015f\u00e7il\u0259rinin \u00fcz\u0259rind\u0259 olsa da, t\u0259xmin\u0259n o q\u0259d\u0259r a\u011f\u0131r v\u0259 m\u0259suliyy\u0259tli i\u015f sosial xidm\u0259t sektorunun pay\u0131na d\u00fc\u015f\u00fcr. X\u00fcsus\u0259n karantin rejiminin t\u0259tbiq olundu\u011fu bir vaxtda \u0259halinin, \u0259sas\u0259n, ya\u015fl\u0131, x\u0259st\u0259 v\u0259 k\u00f6m\u0259ksiz hiss\u0259sinin d\u00f6vl\u0259t d\u0259st\u0259yin\u0259 daha \u00e7ox ehtiyac\u0131 yaran\u0131r. B\u00fct\u00fcn bu y\u00fck is\u0259 sosial xidm\u0259t sektorunun \u00fcz\u0259rind\u0259dir. Son g\u00fcnl\u0259r \u018fm\u0259k v\u0259 \u018fhalinin Sosial M\u00fcdafi\u0259si Nazirliyi \u0259traf\u0131nda yaranan ajiotaj da g\u00f6st\u0259rdi ki, \u0259halinin \u0259n h\u0259ssas t\u0259b\u0259q\u0259si il\u0259 \u00e7al\u0131\u015fan bu qurum c\u0259miyy\u0259tin x\u00fcsusi diqq\u0259t m\u0259rk\u0259zind\u0259dir. \u00c7\u00fcnki qeyd olundu\u011fu kimi, sosial xidm\u0259t qurumlar\u0131 \u0259halinin \u0259n h\u0259ssas v\u0259 yard\u0131ma m\u00f6htac qrupu il\u0259&hellip;<\/p>\n","protected":false},"author":2,"featured_media":151067,"comment_status":"closed","ping_status":"closed","sticky":false,"template":"","format":"standard","meta":{"om_disable_all_campaigns":false,"_monsterinsights_skip_tracking":false,"_monsterinsights_sitenote_active":false,"_monsterinsights_sitenote_note":"","_monsterinsights_sitenote_category":0},"categories":[19],"tags":[],"aioseo_notices":[],"gutentor_comment":0,"rttpg_featured_image_url":{"full":["https:\/\/arantv.az\/wp-content\/uploads\/2020\/04\/coronavirus-israel-63.jpg",620,413,false],"landscape":["https:\/\/arantv.az\/wp-content\/uploads\/2020\/04\/coronavirus-israel-63.jpg",620,413,false],"portraits":["https:\/\/arantv.az\/wp-content\/uploads\/2020\/04\/coronavirus-israel-63.jpg",620,413,false],"thumbnail":["https:\/\/arantv.az\/wp-content\/uploads\/2020\/04\/coronavirus-israel-63-150x150.jpg",150,150,true],"medium":["https:\/\/arantv.az\/wp-content\/uploads\/2020\/04\/coronavirus-israel-63-300x200.jpg",300,200,true],"large":["https:\/\/arantv.az\/wp-content\/uploads\/2020\/04\/coronavirus-israel-63.jpg",620,413,false],"1536x1536":["https:\/\/arantv.az\/wp-content\/uploads\/2020\/04\/coronavirus-israel-63.jpg",620,413,false],"2048x2048":["https:\/\/arantv.az\/wp-content\/uploads\/2020\/04\/coronavirus-israel-63.jpg",620,413,false],"post-thumbnail":["https:\/\/arantv.az\/wp-content\/uploads\/2020\/04\/coronavirus-israel-63-240x172.jpg",240,172,true],"advps-thumb-one":["https:\/\/arantv.az\/wp-content\/uploads\/2020\/04\/coronavirus-israel-63.jpg",620,413,false]},"rttpg_author":{"display_name":"V\u00fcsal Rafiqo\u011flu","author_link":"https:\/\/arantv.az\/?author=2"},"rttpg_comment":0,"rttpg_category":"<a href=\"https:\/\/arantv.az\/?cat=19\" rel=\"category\">G\u00fcnd\u0259m<\/a>","rttpg_excerpt":"Pandemiya d\u00f6vr\u00fcnd\u0259 \u0259sas y\u00fck s\u0259hiyy\u0259 i\u015f\u00e7il\u0259rinin \u00fcz\u0259rind\u0259 olsa da, t\u0259xmin\u0259n o q\u0259d\u0259r a\u011f\u0131r v\u0259 m\u0259suliyy\u0259tli i\u015f sosial xidm\u0259t sektorunun pay\u0131na d\u00fc\u015f\u00fcr. X\u00fcsus\u0259n karantin rejiminin t\u0259tbiq olundu\u011fu bir vaxtda \u0259halinin, \u0259sas\u0259n, ya\u015fl\u0131, x\u0259st\u0259 v\u0259 k\u00f6m\u0259ksiz hiss\u0259sinin d\u00f6vl\u0259t d\u0259st\u0259yin\u0259 daha \u00e7ox ehtiyac\u0131 yaran\u0131r. B\u00fct\u00fcn bu y\u00fck is\u0259 sosial xidm\u0259t sektorunun \u00fcz\u0259rind\u0259dir. Son g\u00fcnl\u0259r \u018fm\u0259k v\u0259 \u018fhalinin Sosial&hellip;","_links":{"self":[{"href":"https:\/\/arantv.az\/index.php?rest_route=\/wp\/v2\/posts\/151066"}],"collection":[{"href":"https:\/\/arantv.az\/index.php?rest_route=\/wp\/v2\/posts"}],"about":[{"href":"https:\/\/arantv.az\/index.php?rest_route=\/wp\/v2\/types\/post"}],"author":[{"embeddable":true,"href":"https:\/\/arantv.az\/index.php?rest_route=\/wp\/v2\/users\/2"}],"replies":[{"embeddable":true,"href":"https:\/\/arantv.az\/index.php?rest_route=%2Fwp%2Fv2%2Fcomments&post=151066"}],"version-history":[{"count":0,"href":"https:\/\/arantv.az\/index.php?rest_route=\/wp\/v2\/posts\/151066\/revisions"}],"wp:featuredmedia":[{"embeddable":true,"href":"https:\/\/arantv.az\/index.php?rest_route=\/wp\/v2\/media\/151067"}],"wp:attachment":[{"href":"https:\/\/arantv.az\/index.php?rest_route=%2Fwp%2Fv2%2Fmedia&parent=151066"}],"wp:term":[{"taxonomy":"category","embeddable":true,"href":"https:\/\/arantv.az\/index.php?rest_route=%2Fwp%2Fv2%2Fcategories&post=151066"},{"taxonomy":"post_tag","embeddable":true,"href":"https:\/\/arantv.az\/index.php?rest_route=%2Fwp%2Fv2%2Ftags&post=151066"}],"curies":[{"name":"wp","href":"https:\/\/api.w.org\/{rel}","templated":true}]}}