{"id":151084,"date":"2020-04-15T09:33:19","date_gmt":"2020-04-15T06:33:19","guid":{"rendered":"http:\/\/arantv.az\/?p=151084"},"modified":"2020-04-15T09:33:19","modified_gmt":"2020-04-15T06:33:19","slug":"az%c9%99rbaycanli-is-adami-koronavirusdan-oldu-foto","status":"publish","type":"post","link":"https:\/\/arantv.az\/?p=151084","title":{"rendered":"Az\u0259rbaycanl\u0131 i\u015f adam\u0131 koronavirusdan \u00f6ld\u00fc &#8211; FOTO"},"content":{"rendered":"<p><strong>Rusiyan\u0131n paytaxt\u0131 Moskva \u015f\u0259h\u0259rind\u0259 az\u0259rbaycanl\u0131 i\u015f adam\u0131 koronavirus s\u0259b\u0259bind\u0259n v\u0259fat edib.<\/strong><\/p>\n<p>ARANTV.AZ\u00a0x\u0259b\u0259r verir ki, Moskvada ya\u015fayan Vasif adl\u0131 i\u015f adam\u0131n\u0131n yax\u0131nlar\u0131 onun fotosunu payla\u015faraq ba\u015fsa\u011fl\u0131\u011f\u0131 veribl\u0259r.<\/p>\n<p>Bildirilib ki, t\u0259xmin\u0259n 10 g\u00fcn \u0259vv\u0259l Vasifd\u0259 koronavirus a\u015fkar edilib. Tibbi m\u00fcdaxil\u0259l\u0259r\u0259 baxmayaraq o v\u0259fat edib.<\/p>\n<p>V\u0259fat ed\u0259n \u015f\u0259xsin c\u0259naz\u0259sinin h\u0259ft\u0259nin \u015f\u0259nb\u0259 g\u00fcn\u00fc \u00f6lk\u0259y\u0259 g\u0259tiril\u0259c\u0259yi g\u00f6zl\u0259nilir.\/Publika.az<\/p>\n<p><img loading=\"lazy\" class=\"alignnone size-medium wp-image-151085\" src=\"https:\/\/arantv.az\/wp-content\/uploads\/2020\/04\/842132_0000-300x269.jpg\" alt=\"\" width=\"300\" height=\"269\" \/><\/p>\n","protected":false},"excerpt":{"rendered":"<p>Rusiyan\u0131n paytaxt\u0131 Moskva \u015f\u0259h\u0259rind\u0259 az\u0259rbaycanl\u0131 i\u015f adam\u0131 koronavirus s\u0259b\u0259bind\u0259n v\u0259fat edib. ARANTV.AZ\u00a0x\u0259b\u0259r verir ki, Moskvada ya\u015fayan Vasif adl\u0131 i\u015f adam\u0131n\u0131n yax\u0131nlar\u0131 onun fotosunu payla\u015faraq ba\u015fsa\u011fl\u0131\u011f\u0131 veribl\u0259r. Bildirilib ki, t\u0259xmin\u0259n 10 g\u00fcn \u0259vv\u0259l Vasifd\u0259 koronavirus a\u015fkar edilib. Tibbi m\u00fcdaxil\u0259l\u0259r\u0259 baxmayaraq o v\u0259fat edib. V\u0259fat ed\u0259n \u015f\u0259xsin c\u0259naz\u0259sinin h\u0259ft\u0259nin \u015f\u0259nb\u0259 g\u00fcn\u00fc \u00f6lk\u0259y\u0259 g\u0259tiril\u0259c\u0259yi g\u00f6zl\u0259nilir.\/Publika.az<\/p>\n","protected":false},"author":2,"featured_media":151086,"comment_status":"closed","ping_status":"closed","sticky":false,"template":"","format":"standard","meta":{"om_disable_all_campaigns":false,"_monsterinsights_skip_tracking":false,"_monsterinsights_sitenote_active":false,"_monsterinsights_sitenote_note":"","_monsterinsights_sitenote_category":0},"categories":[5],"tags":[],"aioseo_notices":[],"gutentor_comment":0,"rttpg_featured_image_url":{"full":["https:\/\/arantv.az\/wp-content\/uploads\/2020\/04\/842132.jpg",800,600,false],"landscape":["https:\/\/arantv.az\/wp-content\/uploads\/2020\/04\/842132.jpg",800,600,false],"portraits":["https:\/\/arantv.az\/wp-content\/uploads\/2020\/04\/842132.jpg",800,600,false],"thumbnail":["https:\/\/arantv.az\/wp-content\/uploads\/2020\/04\/842132-150x150.jpg",150,150,true],"medium":["https:\/\/arantv.az\/wp-content\/uploads\/2020\/04\/842132-300x225.jpg",300,225,true],"large":["https:\/\/arantv.az\/wp-content\/uploads\/2020\/04\/842132.jpg",640,480,false],"1536x1536":["https:\/\/arantv.az\/wp-content\/uploads\/2020\/04\/842132.jpg",800,600,false],"2048x2048":["https:\/\/arantv.az\/wp-content\/uploads\/2020\/04\/842132.jpg",800,600,false],"post-thumbnail":["https:\/\/arantv.az\/wp-content\/uploads\/2020\/04\/842132-240x172.jpg",240,172,true],"advps-thumb-one":["https:\/\/arantv.az\/wp-content\/uploads\/2020\/04\/842132.jpg",800,600,false]},"rttpg_author":{"display_name":"V\u00fcsal Rafiqo\u011flu","author_link":"https:\/\/arantv.az\/?author=2"},"rttpg_comment":0,"rttpg_category":"<a href=\"https:\/\/arantv.az\/?cat=5\" rel=\"category\">Hadis\u0259<\/a>","rttpg_excerpt":"Rusiyan\u0131n paytaxt\u0131 Moskva \u015f\u0259h\u0259rind\u0259 az\u0259rbaycanl\u0131 i\u015f adam\u0131 koronavirus s\u0259b\u0259bind\u0259n v\u0259fat edib. ARANTV.AZ\u00a0x\u0259b\u0259r verir ki, Moskvada ya\u015fayan Vasif adl\u0131 i\u015f adam\u0131n\u0131n yax\u0131nlar\u0131 onun fotosunu payla\u015faraq ba\u015fsa\u011fl\u0131\u011f\u0131 veribl\u0259r. Bildirilib ki, t\u0259xmin\u0259n 10 g\u00fcn \u0259vv\u0259l Vasifd\u0259 koronavirus a\u015fkar edilib. Tibbi m\u00fcdaxil\u0259l\u0259r\u0259 baxmayaraq o v\u0259fat edib. V\u0259fat ed\u0259n \u015f\u0259xsin c\u0259naz\u0259sinin h\u0259ft\u0259nin \u015f\u0259nb\u0259 g\u00fcn\u00fc \u00f6lk\u0259y\u0259 g\u0259tiril\u0259c\u0259yi g\u00f6zl\u0259nilir.\/Publika.az","_links":{"self":[{"href":"https:\/\/arantv.az\/index.php?rest_route=\/wp\/v2\/posts\/151084"}],"collection":[{"href":"https:\/\/arantv.az\/index.php?rest_route=\/wp\/v2\/posts"}],"about":[{"href":"https:\/\/arantv.az\/index.php?rest_route=\/wp\/v2\/types\/post"}],"author":[{"embeddable":true,"href":"https:\/\/arantv.az\/index.php?rest_route=\/wp\/v2\/users\/2"}],"replies":[{"embeddable":true,"href":"https:\/\/arantv.az\/index.php?rest_route=%2Fwp%2Fv2%2Fcomments&post=151084"}],"version-history":[{"count":0,"href":"https:\/\/arantv.az\/index.php?rest_route=\/wp\/v2\/posts\/151084\/revisions"}],"wp:featuredmedia":[{"embeddable":true,"href":"https:\/\/arantv.az\/index.php?rest_route=\/wp\/v2\/media\/151086"}],"wp:attachment":[{"href":"https:\/\/arantv.az\/index.php?rest_route=%2Fwp%2Fv2%2Fmedia&parent=151084"}],"wp:term":[{"taxonomy":"category","embeddable":true,"href":"https:\/\/arantv.az\/index.php?rest_route=%2Fwp%2Fv2%2Fcategories&post=151084"},{"taxonomy":"post_tag","embeddable":true,"href":"https:\/\/arantv.az\/index.php?rest_route=%2Fwp%2Fv2%2Ftags&post=151084"}],"curies":[{"name":"wp","href":"https:\/\/api.w.org\/{rel}","templated":true}]}}