{"id":151096,"date":"2020-04-15T10:06:16","date_gmt":"2020-04-15T07:06:16","guid":{"rendered":"http:\/\/arantv.az\/?p=151096"},"modified":"2020-04-15T10:06:16","modified_gmt":"2020-04-15T07:06:16","slug":"postda-onu-saxlamaq-ist%c9%99y%c9%99n-polisi-vurub-yaralayan-surucu-v%c9%99-s%c9%99rnisinl%c9%99ri-h%c9%99bs-edildi","status":"publish","type":"post","link":"https:\/\/arantv.az\/?p=151096","title":{"rendered":"Postda onu saxlamaq ist\u0259y\u0259n polisi vurub yaralayan s\u00fcr\u00fcc\u00fc v\u0259 s\u0259rni\u015finl\u0259ri h\u0259bs edildi"},"content":{"rendered":"<p><strong>Aprelin 14-d\u0259 saat 12 rad\u0259l\u0259rind\u0259 T\u0259rt\u0259r rayon sakini El\u015fad M\u0259mm\u0259dov idar\u0259 etdiyi &#8220;Mercedes&#8221; markal\u0131, 10-OO-018 d\u00f6vl\u0259t n\u00f6mr\u0259 ni\u015fanl\u0131 avtomobill\u0259 Hac\u0131qabul rayonu \u0259razisind\u0259 x\u00fcsusi karantin rejimi il\u0259 \u0259laq\u0259dar qura\u015fd\u0131r\u0131lan stasionar polis postunda xidm\u0259td\u0259 olan polis n\u0259f\u0259rinin avtomobili saxlamas\u0131na dair qanuni t\u0259l\u0259bin\u0259 m\u0259h\u0259l qoymayaraq y\u00fcks\u0259k s\u00fcr\u0259tl\u0259 h\u0259r\u0259k\u0259tini davam etdirib onu q\u0259sd\u0259n vurub x\u0259sar\u0259t yetirib.<\/strong><\/p>\n<p>ARANTV.AZ x\u0259b\u0259r verir ki, Ba\u015f Prokurorlu\u011fun M\u0259tbuat xidm\u0259tinin r\u0259hb\u0259ri Eldar Sultanovun\u00a0<a href=\"https:\/\/az.trend.az\/\" target=\"_blank\" rel=\"noopener\">Trend<\/a>-\u0259 verdiyi m\u0259lumata g\u00f6r\u0259, faktla ba\u011fl\u0131 Hac\u0131qabul rayon prokurorlu\u011funda Cinay\u0259t M\u0259c\u0259ll\u0259sinin 139-1.1 (epidemiya \u0259leyhin\u0259 rejimin, sanitariya-gigiyena v\u0259 ya karantin rejiml\u0259rinin pozulmas\u0131) v\u0259 315.2-ci (hakimiyy\u0259t n\u00fcmay\u0259nd\u0259sin\u0259 qar\u015f\u0131 h\u0259yat v\u0259 sa\u011flaml\u0131q \u00fc\u00e7\u00fcn t\u0259hl\u00fck\u0259li olan zor t\u0259tbiq etm\u0259) madd\u0259l\u0259ri il\u0259 cinay\u0259t i\u015fi ba\u015flan\u0131b.<\/p>\n<p>Ara\u015fd\u0131rmalarla h\u0259m\u00e7inin, avtomobild\u0259 olan s\u0259rni\u015finl\u0259r &#8211; Natiq H\u00fcseynzad\u0259 v\u0259 Anar F\u0259t\u0259liyev t\u0259r\u0259find\u0259n d\u0259 x\u00fcsusi karantin rejiminin t\u0259l\u0259bl\u0259rinin kobud pozuntusu hallar\u0131 m\u00fc\u0259yy\u0259n edilib.<\/p>\n<p>Qeyd olunan cinay\u0259t \u0259m\u0259ll\u0259rini t\u00f6r\u0259tm\u0259kd\u0259 \u015f\u00fcbh\u0259li bilin\u0259n El\u015fad M\u0259mm\u0259dov, Natiq H\u00fcseynzad\u0259 v\u0259 Anar F\u0259t\u0259liyev tutularaq istintaqa c\u0259lb olunublar.<\/p>\n<div><ins id=\"adsGardenCloud015869342386724\" class=\"adsGardenCloud015869342386724\" data-ad-client=\"1\" data-ad-slot=\"3420\" data-adsgarden-seen=\"true\" data-adsgarden-status=\"done\"><\/p>\n<div class=\"inpage\">\n<div class=\"inpage-wrap\">\n<div class=\"inpage-bottom\">\n<div class=\"inpage-bottom-left\"><\/div>\n<\/div>\n<\/div>\n<\/div>\n<p><\/ins><\/div>\n<p>Haz\u0131rda i\u015f \u00fczr\u0259 z\u0259ruri istintaq-\u0259m\u0259liyyat t\u0259dbirl\u0259ri davam etdirilir.<\/p>\n","protected":false},"excerpt":{"rendered":"<p>Aprelin 14-d\u0259 saat 12 rad\u0259l\u0259rind\u0259 T\u0259rt\u0259r rayon sakini El\u015fad M\u0259mm\u0259dov idar\u0259 etdiyi &#8220;Mercedes&#8221; markal\u0131, 10-OO-018 d\u00f6vl\u0259t n\u00f6mr\u0259 ni\u015fanl\u0131 avtomobill\u0259 Hac\u0131qabul rayonu \u0259razisind\u0259 x\u00fcsusi karantin rejimi il\u0259 \u0259laq\u0259dar qura\u015fd\u0131r\u0131lan stasionar polis postunda xidm\u0259td\u0259 olan polis n\u0259f\u0259rinin avtomobili saxlamas\u0131na dair qanuni t\u0259l\u0259bin\u0259 m\u0259h\u0259l qoymayaraq y\u00fcks\u0259k s\u00fcr\u0259tl\u0259 h\u0259r\u0259k\u0259tini davam etdirib onu q\u0259sd\u0259n vurub x\u0259sar\u0259t yetirib. ARANTV.AZ x\u0259b\u0259r verir ki, Ba\u015f Prokurorlu\u011fun M\u0259tbuat xidm\u0259tinin r\u0259hb\u0259ri Eldar Sultanovun\u00a0Trend-\u0259 verdiyi m\u0259lumata g\u00f6r\u0259, faktla ba\u011fl\u0131 Hac\u0131qabul rayon prokurorlu\u011funda Cinay\u0259t M\u0259c\u0259ll\u0259sinin 139-1.1 (epidemiya \u0259leyhin\u0259 rejimin, sanitariya-gigiyena v\u0259 ya karantin rejiml\u0259rinin pozulmas\u0131) v\u0259 315.2-ci (hakimiyy\u0259t n\u00fcmay\u0259nd\u0259sin\u0259 qar\u015f\u0131 h\u0259yat v\u0259&hellip;<\/p>\n","protected":false},"author":2,"featured_media":151097,"comment_status":"closed","ping_status":"closed","sticky":false,"template":"","format":"standard","meta":{"om_disable_all_campaigns":false,"_monsterinsights_skip_tracking":false,"_monsterinsights_sitenote_active":false,"_monsterinsights_sitenote_note":"","_monsterinsights_sitenote_category":0},"categories":[3],"tags":[],"aioseo_notices":[],"gutentor_comment":0,"rttpg_featured_image_url":{"full":["https:\/\/arantv.az\/wp-content\/uploads\/2020\/04\/cinayet_isi_0125.jpg",800,600,false],"landscape":["https:\/\/arantv.az\/wp-content\/uploads\/2020\/04\/cinayet_isi_0125.jpg",800,600,false],"portraits":["https:\/\/arantv.az\/wp-content\/uploads\/2020\/04\/cinayet_isi_0125.jpg",800,600,false],"thumbnail":["https:\/\/arantv.az\/wp-content\/uploads\/2020\/04\/cinayet_isi_0125-150x150.jpg",150,150,true],"medium":["https:\/\/arantv.az\/wp-content\/uploads\/2020\/04\/cinayet_isi_0125-300x225.jpg",300,225,true],"large":["https:\/\/arantv.az\/wp-content\/uploads\/2020\/04\/cinayet_isi_0125.jpg",640,480,false],"1536x1536":["https:\/\/arantv.az\/wp-content\/uploads\/2020\/04\/cinayet_isi_0125.jpg",800,600,false],"2048x2048":["https:\/\/arantv.az\/wp-content\/uploads\/2020\/04\/cinayet_isi_0125.jpg",800,600,false],"post-thumbnail":["https:\/\/arantv.az\/wp-content\/uploads\/2020\/04\/cinayet_isi_0125-240x172.jpg",240,172,true],"advps-thumb-one":["https:\/\/arantv.az\/wp-content\/uploads\/2020\/04\/cinayet_isi_0125.jpg",800,600,false]},"rttpg_author":{"display_name":"V\u00fcsal Rafiqo\u011flu","author_link":"https:\/\/arantv.az\/?author=2"},"rttpg_comment":0,"rttpg_category":"<a href=\"https:\/\/arantv.az\/?cat=3\" rel=\"category\">Kriminal<\/a>","rttpg_excerpt":"Aprelin 14-d\u0259 saat 12 rad\u0259l\u0259rind\u0259 T\u0259rt\u0259r rayon sakini El\u015fad M\u0259mm\u0259dov idar\u0259 etdiyi &#8220;Mercedes&#8221; markal\u0131, 10-OO-018 d\u00f6vl\u0259t n\u00f6mr\u0259 ni\u015fanl\u0131 avtomobill\u0259 Hac\u0131qabul rayonu \u0259razisind\u0259 x\u00fcsusi karantin rejimi il\u0259 \u0259laq\u0259dar qura\u015fd\u0131r\u0131lan stasionar polis postunda xidm\u0259td\u0259 olan polis n\u0259f\u0259rinin avtomobili saxlamas\u0131na dair qanuni t\u0259l\u0259bin\u0259 m\u0259h\u0259l qoymayaraq y\u00fcks\u0259k s\u00fcr\u0259tl\u0259 h\u0259r\u0259k\u0259tini davam etdirib onu q\u0259sd\u0259n vurub x\u0259sar\u0259t yetirib. ARANTV.AZ x\u0259b\u0259r verir&hellip;","_links":{"self":[{"href":"https:\/\/arantv.az\/index.php?rest_route=\/wp\/v2\/posts\/151096"}],"collection":[{"href":"https:\/\/arantv.az\/index.php?rest_route=\/wp\/v2\/posts"}],"about":[{"href":"https:\/\/arantv.az\/index.php?rest_route=\/wp\/v2\/types\/post"}],"author":[{"embeddable":true,"href":"https:\/\/arantv.az\/index.php?rest_route=\/wp\/v2\/users\/2"}],"replies":[{"embeddable":true,"href":"https:\/\/arantv.az\/index.php?rest_route=%2Fwp%2Fv2%2Fcomments&post=151096"}],"version-history":[{"count":0,"href":"https:\/\/arantv.az\/index.php?rest_route=\/wp\/v2\/posts\/151096\/revisions"}],"wp:featuredmedia":[{"embeddable":true,"href":"https:\/\/arantv.az\/index.php?rest_route=\/wp\/v2\/media\/151097"}],"wp:attachment":[{"href":"https:\/\/arantv.az\/index.php?rest_route=%2Fwp%2Fv2%2Fmedia&parent=151096"}],"wp:term":[{"taxonomy":"category","embeddable":true,"href":"https:\/\/arantv.az\/index.php?rest_route=%2Fwp%2Fv2%2Fcategories&post=151096"},{"taxonomy":"post_tag","embeddable":true,"href":"https:\/\/arantv.az\/index.php?rest_route=%2Fwp%2Fv2%2Ftags&post=151096"}],"curies":[{"name":"wp","href":"https:\/\/api.w.org\/{rel}","templated":true}]}}