{"id":151100,"date":"2020-04-15T10:08:17","date_gmt":"2020-04-15T07:08:17","guid":{"rendered":"http:\/\/arantv.az\/?p=151100"},"modified":"2020-04-15T10:08:17","modified_gmt":"2020-04-15T07:08:17","slug":"aprelin-20-sind%c9%99n-sonra-ticar%c9%99t-m%c9%99rk%c9%99zl%c9%99ri-acilacaqmi-aciqlama","status":"publish","type":"post","link":"https:\/\/arantv.az\/?p=151100","title":{"rendered":"&#8220;Aprelin 20-sind\u0259n sonra ticar\u0259t m\u0259rk\u0259zl\u0259ri a\u00e7\u0131lacaqm\u0131?&#8221;- A\u00c7IQLAMA"},"content":{"rendered":"<p>Koronavirusa g\u00f6r\u0259 Az\u0259rbaycanda elan olunmu\u015f karantin rejmin bitm\u0259sin\u0259 bir ne\u00e7\u0259 g\u00fcn qal\u0131b. Bu g\u00fcn h\u0259r k\u0259si Az\u0259rbaycanda aprelin 20-d\u0259n sonra iri ticar\u0259t m\u0259rk\u0259zl\u0259rinin v\u0259 dig\u0259r ia\u015f\u0259 obyektl\u0259rinin f\u0259aliyy\u0259tin\u0259 icaz\u0259 verilib-verilm\u0259y\u0259c\u0259yidir.<\/p>\n<p>Bununla ba\u011fl\u0131\u00a0<a title=\"en son xeberler 2020\" href=\"https:\/\/sonxeber.az\/\" target=\"_blank\" rel=\"noopener\">Sonxeber.az<\/a>-a dan\u0131\u015fan deputat N\u0259sib M\u0259hm\u0259liyev bildirib ki, c\u0259nab prezident 2020-ci ilin birinci r\u00fcb\u00fcn\u00fcn sosial-iqtisadi yekunlar\u0131na h\u0259sr olunan videokonfrans \u015f\u0259klind\u0259 ke\u00e7iril\u0259n m\u00fc\u015favir\u0259d\u0259 bu sual\u0131 cavabland\u0131raraq qeyd etdi ki, biz v\u0259ziyy\u0259t\u0259 uy\u011fun h\u0259r\u0259k\u0259t ed\u0259c\u0259yik v\u0259 maraql\u0131y\u0131q ki, v\u0259t\u0259nda\u015flar\u0131m\u0131z tezlikl\u0259 normal h\u0259yata qay\u0131ts\u0131nlar: &#8220;D\u00fczd\u00fcr, \u00f6lk\u0259mizd\u0259 koronavirusuna yoluxma dinamikas\u0131 azalma\u011fa do\u011fru gedir. Ancaq m\u0259n\u0259 el\u0259 g\u0259lir ki, ticar\u0259t m\u0259rk\u0259zl\u0259rinin v\u0259 dig\u0259r ia\u015f\u0259 obyektl\u0259rinin a\u00e7\u0131lmas\u0131 h\u0259l\u0259 tezdir. Bu m\u0259s\u0259l\u0259d\u0259 insanlar\u0131m\u0131z s\u0259brli olmal\u0131d\u0131rlar. \u0130lk n\u00f6vb\u0259d\u0259 ia\u015f\u0259 obyektl\u0259rinin a\u00e7\u0131lmas\u0131 prinsipial xarakter da\u015f\u0131m\u0131r. \u0130a\u015f\u0259 obyektl\u0259rini v\u0259 yaxud xidm\u0259t sektorunu bir-birind\u0259n f\u0259rql\u0259ndirm\u0259k ist\u0259m\u0259zdim. \u00c7\u00fcnki h\u0259r birinin c\u0259miyy\u0259td\u0259 \u00f6z\u00fcn\u0259m\u0259xsus \u0259h\u0259miyy\u0259ti var. Bu g\u00fcn \u0259sas m\u0259s\u0259l\u0259 Az\u0259rbaycanda pandemiyan\u0131n yay\u0131lmas\u0131n\u0131n qar\u015f\u0131s\u0131n\u0131n tam al\u0131nmas\u0131d\u0131r. \u0130nan\u0131ram ki, bunun da \u00f6hd\u0259sind\u0259n xalq-d\u00f6vl\u0259t olaraq birlikd\u0259 g\u0259l\u0259c\u0259yik&#8221;.<\/p>\n","protected":false},"excerpt":{"rendered":"<p>Koronavirusa g\u00f6r\u0259 Az\u0259rbaycanda elan olunmu\u015f karantin rejmin bitm\u0259sin\u0259 bir ne\u00e7\u0259 g\u00fcn qal\u0131b. Bu g\u00fcn h\u0259r k\u0259si Az\u0259rbaycanda aprelin 20-d\u0259n sonra iri ticar\u0259t m\u0259rk\u0259zl\u0259rinin v\u0259 dig\u0259r ia\u015f\u0259 obyektl\u0259rinin f\u0259aliyy\u0259tin\u0259 icaz\u0259 verilib-verilm\u0259y\u0259c\u0259yidir. Bununla ba\u011fl\u0131\u00a0Sonxeber.az-a dan\u0131\u015fan deputat N\u0259sib M\u0259hm\u0259liyev bildirib ki, c\u0259nab prezident 2020-ci ilin birinci r\u00fcb\u00fcn\u00fcn sosial-iqtisadi yekunlar\u0131na h\u0259sr olunan videokonfrans \u015f\u0259klind\u0259 ke\u00e7iril\u0259n m\u00fc\u015favir\u0259d\u0259 bu sual\u0131 cavabland\u0131raraq qeyd etdi ki, biz v\u0259ziyy\u0259t\u0259 uy\u011fun h\u0259r\u0259k\u0259t ed\u0259c\u0259yik v\u0259 maraql\u0131y\u0131q ki, v\u0259t\u0259nda\u015flar\u0131m\u0131z tezlikl\u0259 normal h\u0259yata qay\u0131ts\u0131nlar: &#8220;D\u00fczd\u00fcr, \u00f6lk\u0259mizd\u0259 koronavirusuna yoluxma dinamikas\u0131 azalma\u011fa do\u011fru gedir. Ancaq m\u0259n\u0259 el\u0259 g\u0259lir ki, ticar\u0259t m\u0259rk\u0259zl\u0259rinin v\u0259 dig\u0259r ia\u015f\u0259 obyektl\u0259rinin&hellip;<\/p>\n","protected":false},"author":2,"featured_media":151101,"comment_status":"closed","ping_status":"closed","sticky":false,"template":"","format":"standard","meta":{"om_disable_all_campaigns":false,"_monsterinsights_skip_tracking":false,"_monsterinsights_sitenote_active":false,"_monsterinsights_sitenote_note":"","_monsterinsights_sitenote_category":0},"categories":[24],"tags":[],"aioseo_notices":[],"gutentor_comment":0,"rttpg_featured_image_url":{"full":["https:\/\/arantv.az\/wp-content\/uploads\/2020\/04\/15869331811.jpg",549,364,false],"landscape":["https:\/\/arantv.az\/wp-content\/uploads\/2020\/04\/15869331811.jpg",549,364,false],"portraits":["https:\/\/arantv.az\/wp-content\/uploads\/2020\/04\/15869331811.jpg",549,364,false],"thumbnail":["https:\/\/arantv.az\/wp-content\/uploads\/2020\/04\/15869331811-150x150.jpg",150,150,true],"medium":["https:\/\/arantv.az\/wp-content\/uploads\/2020\/04\/15869331811-300x199.jpg",300,199,true],"large":["https:\/\/arantv.az\/wp-content\/uploads\/2020\/04\/15869331811.jpg",549,364,false],"1536x1536":["https:\/\/arantv.az\/wp-content\/uploads\/2020\/04\/15869331811.jpg",549,364,false],"2048x2048":["https:\/\/arantv.az\/wp-content\/uploads\/2020\/04\/15869331811.jpg",549,364,false],"post-thumbnail":["https:\/\/arantv.az\/wp-content\/uploads\/2020\/04\/15869331811-240x172.jpg",240,172,true],"advps-thumb-one":["https:\/\/arantv.az\/wp-content\/uploads\/2020\/04\/15869331811.jpg",549,364,false]},"rttpg_author":{"display_name":"V\u00fcsal Rafiqo\u011flu","author_link":"https:\/\/arantv.az\/?author=2"},"rttpg_comment":0,"rttpg_category":"<a href=\"https:\/\/arantv.az\/?cat=24\" rel=\"category\">Maraql\u0131<\/a>","rttpg_excerpt":"Koronavirusa g\u00f6r\u0259 Az\u0259rbaycanda elan olunmu\u015f karantin rejmin bitm\u0259sin\u0259 bir ne\u00e7\u0259 g\u00fcn qal\u0131b. Bu g\u00fcn h\u0259r k\u0259si Az\u0259rbaycanda aprelin 20-d\u0259n sonra iri ticar\u0259t m\u0259rk\u0259zl\u0259rinin v\u0259 dig\u0259r ia\u015f\u0259 obyektl\u0259rinin f\u0259aliyy\u0259tin\u0259 icaz\u0259 verilib-verilm\u0259y\u0259c\u0259yidir. Bununla ba\u011fl\u0131\u00a0Sonxeber.az-a dan\u0131\u015fan deputat N\u0259sib M\u0259hm\u0259liyev bildirib ki, c\u0259nab prezident 2020-ci ilin birinci r\u00fcb\u00fcn\u00fcn sosial-iqtisadi yekunlar\u0131na h\u0259sr olunan videokonfrans \u015f\u0259klind\u0259 ke\u00e7iril\u0259n m\u00fc\u015favir\u0259d\u0259 bu sual\u0131 cavabland\u0131raraq&hellip;","_links":{"self":[{"href":"https:\/\/arantv.az\/index.php?rest_route=\/wp\/v2\/posts\/151100"}],"collection":[{"href":"https:\/\/arantv.az\/index.php?rest_route=\/wp\/v2\/posts"}],"about":[{"href":"https:\/\/arantv.az\/index.php?rest_route=\/wp\/v2\/types\/post"}],"author":[{"embeddable":true,"href":"https:\/\/arantv.az\/index.php?rest_route=\/wp\/v2\/users\/2"}],"replies":[{"embeddable":true,"href":"https:\/\/arantv.az\/index.php?rest_route=%2Fwp%2Fv2%2Fcomments&post=151100"}],"version-history":[{"count":0,"href":"https:\/\/arantv.az\/index.php?rest_route=\/wp\/v2\/posts\/151100\/revisions"}],"wp:featuredmedia":[{"embeddable":true,"href":"https:\/\/arantv.az\/index.php?rest_route=\/wp\/v2\/media\/151101"}],"wp:attachment":[{"href":"https:\/\/arantv.az\/index.php?rest_route=%2Fwp%2Fv2%2Fmedia&parent=151100"}],"wp:term":[{"taxonomy":"category","embeddable":true,"href":"https:\/\/arantv.az\/index.php?rest_route=%2Fwp%2Fv2%2Fcategories&post=151100"},{"taxonomy":"post_tag","embeddable":true,"href":"https:\/\/arantv.az\/index.php?rest_route=%2Fwp%2Fv2%2Ftags&post=151100"}],"curies":[{"name":"wp","href":"https:\/\/api.w.org\/{rel}","templated":true}]}}