{"id":151120,"date":"2020-04-15T11:07:40","date_gmt":"2020-04-15T08:07:40","guid":{"rendered":"http:\/\/arantv.az\/?p=151120"},"modified":"2020-04-15T11:07:40","modified_gmt":"2020-04-15T08:07:40","slug":"sergey-markov-nikol-pasinyan-kazan-formulu-il%c9%99-razilasmaq-ist%c9%99yir-musahib%c9%99","status":"publish","type":"post","link":"https:\/\/arantv.az\/?p=151120","title":{"rendered":"Sergey Markov: \u201cNikol Pa\u015finyan Kazan formulu il\u0259 raz\u0131la\u015fmaq ist\u0259yir\u201d &#8211; M\u00dcSAH\u0130B\u018f"},"content":{"rendered":"<p>D\u00fcn\u0259n, aprelin 14-d\u0259\u00a0Da\u011fl\u0131q Qaraba\u011fda i\u015f\u011fal\u00e7\u0131 rejim \u201cse\u00e7kil\u0259rin ikinci turu\u201dnu ke\u00e7irdi. G\u00f6zl\u0259nildiyi kimi, erm\u0259ni separat\u00e7\u0131lar\u0131na r\u0259hb\u0259rlik ed\u0259c\u0259k Araik Harutyunyan \u201cqalib g\u0259ldi\u201d. Art\u0131q v\u0259zif\u0259sini t\u0259rk ed\u0259n Bako Saakyan\u00a0Az\u0259rbaycan\u0131n i\u015f\u011fal olunmu\u015f \u0259razil\u0259rind\u0259 COVID-19-un yay\u0131lmas\u0131 il\u0259 ba\u011fl\u0131 m\u0259suliyy\u0259ti \u00fcz\u0259rin\u0259 g\u00f6t\u00fcr\u0259c\u0259yini v\u0259d etdi. Ancaq o, \u00e7ox g\u00fcman ki, bu m\u0259suliyy\u0259tin \u00f6hd\u0259sind\u0259n g\u0259l\u0259 bilm\u0259y\u0259c\u0259k. T\u0259xmin etm\u0259k olar ki, Bako Saakyan Erm\u0259nistan xarici pasportu il\u0259 \u0259n q\u0131sa m\u00fcdd\u0259td\u0259 C\u0259nubi Qafqaz b\u00f6lg\u0259sini t\u0259rk etm\u0259y\u0259 \u00e7al\u0131\u015facaq. Bu, karantin bitdikd\u0259n v\u0259 s\u0259rh\u0259dl\u0259rin a\u00e7\u0131lmas\u0131ndan d\u0259rhal sonra ba\u015f ver\u0259c\u0259k.<\/p>\n<p>\u018flb\u0259tt\u0259 ki, \u201cse\u00e7ki m\u0259nt\u0259q\u0259l\u0259ri\u201dnd\u0259 Qaraba\u011f\u0131n erm\u0259ni icmas\u0131n\u0131n n\u00fcmay\u0259nd\u0259l\u0259rinin k\u00fctl\u0259vi topla\u015fmas\u0131 ba\u015f verm\u0259di.<\/p>\n<p>Y\u0259qin ki, kims\u0259 COVID-19 art\u0131q Erm\u0259nistandan Qaraba\u011fa g\u0259tirildiyi \u00fc\u00e7\u00fcn s\u0259s verm\u0259m\u0259y\u0259 \u00e7a\u011f\u0131ran ikinci \u201cnamiz\u0259d\u201d Masis Mailyan\u0131n m\u0259sl\u0259h\u0259tin\u0259\u00a0\u0259m\u0259l edib. Bu, \u201cilk tur\u201dda \u201cse\u00e7icil\u0259r\u201din say\u0131n\u0131 art\u0131rmaq \u00fc\u00e7\u00fcn insanlar\u0131n\u00a0Erm\u0259nistandan g\u0259tirildiyi zaman ba\u015f vermi\u015fdi.<\/p>\n<div id=\"AdviadNativeVideo0\" class=\"AdviadNativeVideo\"><\/div>\n<p>H\u0259tta erm\u0259ni f\u0259al Vahram A\u011facanyan da r\u0259q\u0259min \u00e7ox g\u00f6st\u0259rildiyini bildirib: 103 663 se\u00e7icinin olmas\u0131 \u00fc\u00e7\u00fcn (erm\u0259ni t\u0259r\u0259fi bel\u0259 bir r\u0259q\u0259m s\u0259sl\u0259ndirib \u2013 red.) \u0259halinin 140-150 min n\u0259f\u0259r\u0259 \u00e7atmas\u0131 laz\u0131md\u0131r. Onun s\u00f6zl\u0259rin\u0259 g\u00f6r\u0259, Qaraba\u011fda 60-65 min n\u0259f\u0259r s\u0259s ver\u0259 bil\u0259r\u00a0(baxmayaraq ki, bu r\u0259q\u0259m d\u0259 biz\u0259 \u00e7ox \u015fi\u015firdilmi\u015f g\u00f6r\u00fcn\u00fcr &#8211;\u00a0 red.).<\/p>\n<p>Sergey Markov\u00a0<a href=\"https:\/\/media.az\/politics\/1067772516\/pashinyan-hochet-podelit-otvetstvennost-s-armyanskoy-obschinoy-karabaha-v-gostyah-u-mediaaz-sergey-markov\/?fbclid=IwAR13T18Q_MaYgti2rl_cHLe20eQp7i-UBGelWsXhpCFCVsDlBw7Q4WgLngc\" target=\"_blank\" rel=\"noopener\"><strong>Media.Az<\/strong><\/a>\u00a0\u00fc\u00e7\u00fcn Qaraba\u011fdak\u0131 yalan\u00e7\u0131 se\u00e7kil\u0259ri \u015f\u0259rh edib. Tan\u0131nm\u0131\u015f rus ictimai xadimi, politoloq,\u00a0Siyasi T\u0259dqiqatlar \u0130nstitutunun ba\u015f direktoru, Rusiya Federasiyas\u0131 \u0130ctimai Palatas\u0131n\u0131n \u00fczv\u00fc v\u0259 Rusiya Prezidenti Vladimir Putinin k\u00f6m\u0259k\u00e7isi verdiyi m\u00fcsahib\u0259d\u0259 Erm\u0259nistan ba\u015f naziri Nikol Pa\u015finyan\u0131n n\u0259y\u0259 g\u00f6r\u0259\u00a0koronavirusa \u0259h\u0259miyy\u0259t verm\u0259d\u0259n \u00f6z adam\u0131n\u0131 i\u015f\u011fal alt\u0131nda olan Qaraba\u011f\u0131n ba\u015f\u00e7\u0131s\u0131 v\u0259zif\u0259sin\u0259 qoyma\u011fa t\u0259l\u0259sdiyini izah edir:<\/p>\n<p>&#8211; D\u00fc\u015f\u00fcn\u00fcr\u0259m ki, Nikol Pa\u015finyan, h\u0259qiq\u0259t\u0259n d\u0259, \u00f6z adam\u0131n\u0131n\u00a0Da\u011fl\u0131q Qaraba\u011f\u0131n (i\u015f\u011fal rejiminin &#8211; red.) ba\u015f\u0131nda olmas\u0131nda \u00e7ox maraql\u0131d\u0131r. Buna g\u00f6r\u0259 insanlar\u0131n sa\u011flaml\u0131\u011f\u0131 v\u0259 h\u0259yat\u0131 il\u0259 q\u0259ti \u015f\u0259kild\u0259 risk etm\u0259y\u0259 haz\u0131rd\u0131r. Onun \u00fc\u00e7\u00fcn \u0259sas olan hakimiyy\u0259t u\u011frunda m\u00fcbariz\u0259dir. Pa\u015finyan\u0131n r\u0259qibl\u0259ri Erm\u0259nistan Respublika Partiyas\u0131n\u0131n n\u00fcmay\u0259nd\u0259l\u0259ri, qondarma \u201cQaraba\u011f klan\u0131\u201dn\u0131n n\u00fcmay\u0259nd\u0259l\u0259ridir. Da\u011fl\u0131q Qaraba\u011f, \u0259slind\u0259, \u201cQaraba\u011f klan\u0131\u201dn\u0131n ev qalas\u0131d\u0131r.<\/p>\n<p><img src=\"https:\/\/cdn.oxu.az\/uploads\/W1siZiIsIjIwMjAvMDQvMTUvMTEvMDYvMjkvMzNlZmJhMGUtZTczNi00OTJjLTlmODUtNTEzZGY3ZjllZGM2LzE1ODY5MjUzNzVfa2FyYWJfLmpwZyJdLFsicCIsImVuY29kZSIsImpwZyIsIi1xdWFsaXR5IDgwIl0sWyJwIiwidGh1bWIiLCI1OTB4NTkwXHUwMDNlIl1d?sha=7a17d237fd503f01\" alt=\"\" \/><\/p>\n<p>\u018fg\u0259r Nikol Pa\u015finyan\u0131n \u0259leyhdarlar\u0131 indi qalib g\u0259l\u0259, Qaraba\u011fdak\u0131 g\u00fccl\u0259rini qoruyub saxlaya bils\u0259ydil\u0259r, ona h\u00fccum ed\u0259c\u0259kdil\u0259r. Nikol Pa\u015finyan\u0131n b\u00f6y\u00fck m\u0259\u011flubiyy\u0259t\u0259 u\u011frad\u0131\u011f\u0131 h\u0259r vasit\u0259 il\u0259 elan edil\u0259rdi. Bir n\u00fcans var. \u018fg\u0259r Nikol Pa\u015finyan \u201crespublika\u00e7\u0131lar\u0131\u201d \u00f6z hakimiyy\u0259t dair\u0259l\u0259rind\u0259n m\u0259hrum etm\u0259yi bacararsa, bu, onlar\u0131n siyasi hakimiyy\u0259tl\u0259rinin sonu olacaq.<\/p>\n<p>Ba\u015fqa bir m\u0259qam: Nikol Pa\u015finyan a\u00e7\u0131q \u015f\u0259kild\u0259 siyasi u\u011furdan iqtisadi u\u011fura ke\u00e7m\u0259k ist\u0259yir. M\u00fcv\u0259qq\u0259ti deyil, daim m\u0259\u015fhur olmaq \u00fc\u00e7\u00fcn. Bunun \u00fc\u00e7\u00fcn o, T\u00fcrkiy\u0259 v\u0259 Az\u0259rbaycan\u0131n h\u0259yata ke\u00e7irdiyi blokadan\u0131 aradan qald\u0131rmal\u0131d\u0131r. Bu s\u0259b\u0259bd\u0259n Qaraba\u011f m\u00fcnaqi\u015f\u0259sinin h\u0259lli \u00fc\u00e7\u00fcn \u201cKazan formulu\u201d il\u0259 raz\u0131la\u015fmaq laz\u0131md\u0131r. Y\u0259ni Da\u011fl\u0131q Qaraba\u011f\u0131n \u0259traf\u0131ndak\u0131 \u0259razil\u0259ri Az\u0259rbaycana qaytarmaq. Bu, \u00fcmumiyy\u0259tl\u0259, \u00e7oxdan raz\u0131la\u015fd\u0131r\u0131l\u0131b.<\/p>\n<p>Ancaq Nikol Pa\u015finyan, d\u0259f\u0259l\u0259rl\u0259 dediyim kimi, sad\u0259c\u0259 qorxur, \u00e7\u00fcnki Erm\u0259nistanda siyas\u0259t zorak\u0131d\u0131r. Buna g\u00f6r\u0259 d\u0259, Erm\u0259nistan\u0131n ba\u015f naziri m\u0259suliyy\u0259ti Qaraba\u011f\u0131n erm\u0259ni icmas\u0131 il\u0259 b\u00f6l\u00fc\u015fd\u00fcrm\u0259k ist\u0259yir. Bu is\u0259 onun tan\u0131nmam\u0131\u015f qurumun r\u0259hb\u0259rliyind\u0259 \u00f6z adamlar\u0131n\u0131n olmas\u0131na ehtiyac yarad\u0131r. Onlar Qaraba\u011f\u0131n erm\u0259ni icmas\u0131 ad\u0131ndan dan\u0131\u015facaqlar v\u0259 dediyim kimi, m\u0259suliyy\u0259ti b\u00f6l\u00fc\u015f\u0259c\u0259kl\u0259r.<\/p>\n<p><strong>&#8211; Maraql\u0131d\u0131r ki, Qaraba\u011f\u0131n erm\u0259ni icmas\u0131n\u0131n \u201clideri\u201d postuna iki namiz\u0259dd\u0259n\u00a0&#8211; Araik Harutyunyan v\u0259 Masis Mailyandan he\u00e7 biri Nikol Pa\u015finyan\u0131n \u201cQaraba\u011f Erm\u0259nistand\u0131r\u201d fikrini d\u0259st\u0259kl\u0259mirl\u0259r. Onlar \u201cm\u00fcst\u0259qillik\u201d t\u0259r\u0259fdar\u0131d\u0131rlar&#8230;<\/strong><\/p>\n<p>&#8211; El\u0259 Nikol Pa\u015finyan \u00f6z\u00fc d\u0259 bunun m\u00fcmk\u00fcn olmad\u0131\u011f\u0131n\u0131 ba\u015fa d\u00fc\u015f\u00fcr. \u201cKazan formulu\u201d il\u0259 raz\u0131la\u015fmaq ist\u0259yir. Lakin Da\u011fl\u0131q Qaraba\u011f\u0131n erm\u0259ni icmas\u0131n\u0131 sakitl\u0259\u015fdirm\u0259k \u00fc\u00e7\u00fcn m\u00f6vqeyini k\u00f6kl\u00fc \u015f\u0259kild\u0259 d\u0259yi\u015fdirm\u0259lidir. Erm\u0259nistan h\u0259qiq\u0259t\u0259n blokadan\u0131 aradan qald\u0131rmaq ist\u0259yir, h\u0259r \u015fey bunun \u00fc\u00e7\u00fcn edilir.<\/p>\n<p><strong>&#8211; Y\u0259ni bel\u0259 \u00e7\u0131x\u0131r ki, Erm\u0259nistan bu i\u015fd\u0259 he\u00e7 bir rolunun olmad\u0131\u011f\u0131n\u0131, Qaraba\u011f\u0131n erm\u0259ni icmas\u0131n\u0131n bunu ist\u0259diyini deyir?<\/strong><\/p>\n<p>&#8211; M\u0259hz bu c\u00fcr: iqtisadi blokadan\u0131n qald\u0131r\u0131lmas\u0131 \u00fc\u00e7\u00fcn Da\u011fl\u0131q Qaraba\u011f\u0131n \u0259traf\u0131ndak\u0131 \u0259razil\u0259ri azad ed\u0259k, onlar \u201c\u00f6zl\u0259ri xahi\u015f edirl\u0259r\u201d.<\/p>\n<p><strong>&#8211; Bundan sonra nec\u0259 olacaq?<\/strong><\/p>\n<p>&#8211; Sonra da Nikol Pa\u015finyan \u201cDQR\u201din yeni \u201cprezidentin\u0259\u201d (d\u0131rnaq i\u015far\u0259l\u0259ri m\u00fc\u0259llif\u0259 aiddir) g\u00f6st\u0259ri\u015f ver\u0259r\u0259k, Qaraba\u011f\u0131n erm\u0259ni icmas\u0131n\u0131n \u201cKazan formulu\u201dnu d\u0259st\u0259kl\u0259m\u0259y\u0259 haz\u0131r oldu\u011funu g\u00f6st\u0259r\u0259n \u0259n az\u0131 sosioloji ara\u015fd\u0131rmalar t\u0259qdim etm\u0259lidir.<\/p>\n","protected":false},"excerpt":{"rendered":"<p>D\u00fcn\u0259n, aprelin 14-d\u0259\u00a0Da\u011fl\u0131q Qaraba\u011fda i\u015f\u011fal\u00e7\u0131 rejim \u201cse\u00e7kil\u0259rin ikinci turu\u201dnu ke\u00e7irdi. G\u00f6zl\u0259nildiyi kimi, erm\u0259ni separat\u00e7\u0131lar\u0131na r\u0259hb\u0259rlik ed\u0259c\u0259k Araik Harutyunyan \u201cqalib g\u0259ldi\u201d. Art\u0131q v\u0259zif\u0259sini t\u0259rk ed\u0259n Bako Saakyan\u00a0Az\u0259rbaycan\u0131n i\u015f\u011fal olunmu\u015f \u0259razil\u0259rind\u0259 COVID-19-un yay\u0131lmas\u0131 il\u0259 ba\u011fl\u0131 m\u0259suliyy\u0259ti \u00fcz\u0259rin\u0259 g\u00f6t\u00fcr\u0259c\u0259yini v\u0259d etdi. Ancaq o, \u00e7ox g\u00fcman ki, bu m\u0259suliyy\u0259tin \u00f6hd\u0259sind\u0259n g\u0259l\u0259 bilm\u0259y\u0259c\u0259k. T\u0259xmin etm\u0259k olar ki, Bako Saakyan Erm\u0259nistan xarici pasportu il\u0259 \u0259n q\u0131sa m\u00fcdd\u0259td\u0259 C\u0259nubi Qafqaz b\u00f6lg\u0259sini t\u0259rk etm\u0259y\u0259 \u00e7al\u0131\u015facaq. Bu, karantin bitdikd\u0259n v\u0259 s\u0259rh\u0259dl\u0259rin a\u00e7\u0131lmas\u0131ndan d\u0259rhal sonra ba\u015f ver\u0259c\u0259k. \u018flb\u0259tt\u0259 ki, \u201cse\u00e7ki m\u0259nt\u0259q\u0259l\u0259ri\u201dnd\u0259 Qaraba\u011f\u0131n erm\u0259ni icmas\u0131n\u0131n n\u00fcmay\u0259nd\u0259l\u0259rinin k\u00fctl\u0259vi topla\u015fmas\u0131 ba\u015f verm\u0259di. Y\u0259qin&hellip;<\/p>\n","protected":false},"author":2,"featured_media":151121,"comment_status":"closed","ping_status":"closed","sticky":false,"template":"","format":"standard","meta":{"om_disable_all_campaigns":false,"_monsterinsights_skip_tracking":false,"_monsterinsights_sitenote_active":false,"_monsterinsights_sitenote_note":"","_monsterinsights_sitenote_category":0},"categories":[7],"tags":[],"aioseo_notices":[],"gutentor_comment":0,"rttpg_featured_image_url":{"full":["https:\/\/arantv.az\/wp-content\/uploads\/2020\/04\/1586925351_s_markov.jpg",620,331,false],"landscape":["https:\/\/arantv.az\/wp-content\/uploads\/2020\/04\/1586925351_s_markov.jpg",620,331,false],"portraits":["https:\/\/arantv.az\/wp-content\/uploads\/2020\/04\/1586925351_s_markov.jpg",620,331,false],"thumbnail":["https:\/\/arantv.az\/wp-content\/uploads\/2020\/04\/1586925351_s_markov-150x150.jpg",150,150,true],"medium":["https:\/\/arantv.az\/wp-content\/uploads\/2020\/04\/1586925351_s_markov-300x160.jpg",300,160,true],"large":["https:\/\/arantv.az\/wp-content\/uploads\/2020\/04\/1586925351_s_markov.jpg",620,331,false],"1536x1536":["https:\/\/arantv.az\/wp-content\/uploads\/2020\/04\/1586925351_s_markov.jpg",620,331,false],"2048x2048":["https:\/\/arantv.az\/wp-content\/uploads\/2020\/04\/1586925351_s_markov.jpg",620,331,false],"post-thumbnail":["https:\/\/arantv.az\/wp-content\/uploads\/2020\/04\/1586925351_s_markov-240x172.jpg",240,172,true],"advps-thumb-one":["https:\/\/arantv.az\/wp-content\/uploads\/2020\/04\/1586925351_s_markov.jpg",620,331,false]},"rttpg_author":{"display_name":"V\u00fcsal Rafiqo\u011flu","author_link":"https:\/\/arantv.az\/?author=2"},"rttpg_comment":0,"rttpg_category":"<a href=\"https:\/\/arantv.az\/?cat=7\" rel=\"category\">D\u00fcnya<\/a>","rttpg_excerpt":"D\u00fcn\u0259n, aprelin 14-d\u0259\u00a0Da\u011fl\u0131q Qaraba\u011fda i\u015f\u011fal\u00e7\u0131 rejim \u201cse\u00e7kil\u0259rin ikinci turu\u201dnu ke\u00e7irdi. G\u00f6zl\u0259nildiyi kimi, erm\u0259ni separat\u00e7\u0131lar\u0131na r\u0259hb\u0259rlik ed\u0259c\u0259k Araik Harutyunyan \u201cqalib g\u0259ldi\u201d. Art\u0131q v\u0259zif\u0259sini t\u0259rk ed\u0259n Bako Saakyan\u00a0Az\u0259rbaycan\u0131n i\u015f\u011fal olunmu\u015f \u0259razil\u0259rind\u0259 COVID-19-un yay\u0131lmas\u0131 il\u0259 ba\u011fl\u0131 m\u0259suliyy\u0259ti \u00fcz\u0259rin\u0259 g\u00f6t\u00fcr\u0259c\u0259yini v\u0259d etdi. Ancaq o, \u00e7ox g\u00fcman ki, bu m\u0259suliyy\u0259tin \u00f6hd\u0259sind\u0259n g\u0259l\u0259 bilm\u0259y\u0259c\u0259k. T\u0259xmin etm\u0259k olar ki, Bako Saakyan Erm\u0259nistan&hellip;","_links":{"self":[{"href":"https:\/\/arantv.az\/index.php?rest_route=\/wp\/v2\/posts\/151120"}],"collection":[{"href":"https:\/\/arantv.az\/index.php?rest_route=\/wp\/v2\/posts"}],"about":[{"href":"https:\/\/arantv.az\/index.php?rest_route=\/wp\/v2\/types\/post"}],"author":[{"embeddable":true,"href":"https:\/\/arantv.az\/index.php?rest_route=\/wp\/v2\/users\/2"}],"replies":[{"embeddable":true,"href":"https:\/\/arantv.az\/index.php?rest_route=%2Fwp%2Fv2%2Fcomments&post=151120"}],"version-history":[{"count":0,"href":"https:\/\/arantv.az\/index.php?rest_route=\/wp\/v2\/posts\/151120\/revisions"}],"wp:featuredmedia":[{"embeddable":true,"href":"https:\/\/arantv.az\/index.php?rest_route=\/wp\/v2\/media\/151121"}],"wp:attachment":[{"href":"https:\/\/arantv.az\/index.php?rest_route=%2Fwp%2Fv2%2Fmedia&parent=151120"}],"wp:term":[{"taxonomy":"category","embeddable":true,"href":"https:\/\/arantv.az\/index.php?rest_route=%2Fwp%2Fv2%2Fcategories&post=151120"},{"taxonomy":"post_tag","embeddable":true,"href":"https:\/\/arantv.az\/index.php?rest_route=%2Fwp%2Fv2%2Ftags&post=151120"}],"curies":[{"name":"wp","href":"https:\/\/api.w.org\/{rel}","templated":true}]}}