{"id":151128,"date":"2020-04-15T11:16:08","date_gmt":"2020-04-15T08:16:08","guid":{"rendered":"http:\/\/arantv.az\/?p=151128"},"modified":"2020-04-15T11:16:08","modified_gmt":"2020-04-15T08:16:08","slug":"prezidentin-t%c9%99s%c9%99bbusl%c9%99ri-yaralar-sagalir-s%c9%99rh","status":"publish","type":"post","link":"https:\/\/arantv.az\/?p=151128","title":{"rendered":"Prezidentin t\u0259\u015f\u0259bb\u00fcsl\u0259ri: \u201cYaralar\u201d sa\u011fal\u0131r &#8211; \u015e\u018fRH"},"content":{"rendered":"<p>Prezident \u0130lham \u018fliyevin r\u0259hb\u0259rliyi alt\u0131nda geni\u015fmiqyasl\u0131 sosial layih\u0259l\u0259r davam etdirilir, bununla da d\u00f6vl\u0259tin resurslar\u0131n\u0131n a\u011f\u0131rl\u0131q m\u0259rk\u0259zinin insan kapital\u0131n\u0131n inki\u015faf\u0131na y\u00f6n\u0259ldilm\u0259si istiqam\u0259tind\u0259 daha da m\u00fct\u0259r\u0259qqi add\u0131mlar at\u0131l\u0131r.<\/p>\n<p>Sosial layih\u0259l\u0259r z\u0259ncirinin bir h\u0259lq\u0259si kimi aprelin 14-d\u0259 d\u00f6vl\u0259t ba\u015f\u00e7\u0131s\u0131 \u0130lham \u018fliyev\u00a0\u201cX\u00fcsusi karantin rejimi d\u00f6vr\u00fcnd\u0259 sosial xidm\u0259tl\u0259r g\u00f6st\u0259rilm\u0259sind\u0259 i\u015ftirak ed\u0259n i\u015f\u00e7il\u0259rin sosial m\u00fcdafi\u0259sinin g\u00fccl\u0259ndirilm\u0259si haqq\u0131nda\u201d s\u0259r\u0259ncam imzalay\u0131b.<\/p>\n<p>Bu s\u0259r\u0259ncam \u00fcmumilikd\u0259 iki min n\u0259f\u0259r sosial xidm\u0259t i\u015f\u00e7isini \u0259hat\u0259 edir.<\/p>\n<div id=\"AdviadNativeVideo0\" class=\"AdviadNativeVideo\"><\/div>\n<p>Onlar\u0131n \u0259m\u0259khaqlar\u0131na ayl\u0131q v\u0259zif\u0259 (tarif) maa\u015f\u0131n\u0131n bir\u00a0misli miqdar\u0131nda m\u00fcdd\u0259tli \u0259lav\u0259 m\u00fc\u0259yy\u0259n edil\u0259c\u0259k.<\/p>\n<p>Qeyd ed\u0259k ki, x\u00fcsusi karantin rejimi d\u00f6vr\u00fcnd\u0259 infeksiyaya yoluxma riski y\u00fcks\u0259k olan ya\u015f\u0131 65-d\u0259n yuxar\u0131 \u015f\u0259xsl\u0259rin pandemiyadan qorunmas\u0131 m\u0259qs\u0259dil\u0259 onlar\u0131n evd\u0259n \u00e7\u0131xmalar\u0131 qada\u011fan edilib.<\/p>\n<p>\u018fm\u0259k v\u0259 \u018fhalinin Sosial M\u00fcdafi\u0259si Nazirliyinin m\u0259lumat\u0131na \u0259sas\u0259n, haz\u0131rda bu kateqoriyadan olan 15000-d\u0259n \u00e7ox\u00a0t\u0259nha ya\u015fl\u0131ya evl\u0259rind\u0259 sosial xidm\u0259tl\u0259r g\u00f6st\u0259rilir.<\/p>\n<p>\u0130lham \u018fliyev d\u0259f\u0259l\u0259rl\u0259 b\u0259yan edib ki, koronavirus pandemiyas\u0131na v\u0259 onun iqtisadiyyata vurdu\u011fu z\u0259r\u0259r\u0259 baxmayaraq, sosial proqramlar\u0131n t\u0259xir\u0259 sal\u0131nmas\u0131ndan s\u00f6hb\u0259t ged\u0259 bilm\u0259z.<\/p>\n<p>Qlobal iqtisadi b\u00f6hran\u0131n yaratd\u0131\u011f\u0131 m\u0259nfi n\u0259tic\u0259l\u0259rin t\u0259sirind\u0259n minimum itkil\u0259rl\u0259 \u00e7\u0131xmaq, bu fonda \u0259halinin rifah hal\u0131n\u0131n, sa\u011flaml\u0131\u011f\u0131n\u0131n qorunmas\u0131 Az\u0259rbaycan d\u00f6vl\u0259tinin prioritetidir.<\/p>\n<p>Bu prioritetl\u0259r n\u0259z\u0259ri olmaq m\u0259rh\u0259l\u0259sini adlay\u0131b v\u0259 praktiki \u015f\u0259kild\u0259 \u00f6z\u00fcn\u00fc g\u00f6st\u0259rm\u0259kd\u0259dir.<\/p>\n<p>Az\u0259rbaycanda koronavirusun \u0259m\u0259l\u0259 g\u0259tirdiyi ictimai, sosial, iqtisadi \u201cyaralar\u201d h\u00f6kum\u0259tin s\u0259yi v\u0259 \u0259m\u0259li t\u0259\u015f\u0259bb\u00fcs\u00fc n\u0259tic\u0259sind\u0259 sa\u011falma\u011fa do\u011fru gedir.<\/p>\n<p>\u015e\u00fcbh\u0259siz ki, sosial konsepsiyada n\u0259z\u0259rd\u0259 tutulan dig\u0259r proqramlar da h\u0259yata ke\u00e7iril\u0259c\u0259k.<\/p>\n<p>Koronavirus pandemiyas\u0131na baxmayaraq, Az\u0259rbaycan\u0131n makroiqtisadi g\u00f6st\u0259ricil\u0259ri, statistik r\u0259q\u0259ml\u0259r onu dem\u0259y\u0259 \u0259sas verir ki, d\u00f6vl\u0259tin resurslar\u0131 sosial layih\u0259l\u0259rin \u0259hat\u0259 dair\u0259sinin geni\u015fl\u0259nm\u0259sin\u0259 stimul verir v\u0259 bunu qar\u015f\u0131laya bilm\u0259k g\u00fcc\u00fcnd\u0259dir.<\/p>\n","protected":false},"excerpt":{"rendered":"<p>Prezident \u0130lham \u018fliyevin r\u0259hb\u0259rliyi alt\u0131nda geni\u015fmiqyasl\u0131 sosial layih\u0259l\u0259r davam etdirilir, bununla da d\u00f6vl\u0259tin resurslar\u0131n\u0131n a\u011f\u0131rl\u0131q m\u0259rk\u0259zinin insan kapital\u0131n\u0131n inki\u015faf\u0131na y\u00f6n\u0259ldilm\u0259si istiqam\u0259tind\u0259 daha da m\u00fct\u0259r\u0259qqi add\u0131mlar at\u0131l\u0131r. Sosial layih\u0259l\u0259r z\u0259ncirinin bir h\u0259lq\u0259si kimi aprelin 14-d\u0259 d\u00f6vl\u0259t ba\u015f\u00e7\u0131s\u0131 \u0130lham \u018fliyev\u00a0\u201cX\u00fcsusi karantin rejimi d\u00f6vr\u00fcnd\u0259 sosial xidm\u0259tl\u0259r g\u00f6st\u0259rilm\u0259sind\u0259 i\u015ftirak ed\u0259n i\u015f\u00e7il\u0259rin sosial m\u00fcdafi\u0259sinin g\u00fccl\u0259ndirilm\u0259si haqq\u0131nda\u201d s\u0259r\u0259ncam imzalay\u0131b. Bu s\u0259r\u0259ncam \u00fcmumilikd\u0259 iki min n\u0259f\u0259r sosial xidm\u0259t i\u015f\u00e7isini \u0259hat\u0259 edir. Onlar\u0131n \u0259m\u0259khaqlar\u0131na ayl\u0131q v\u0259zif\u0259 (tarif) maa\u015f\u0131n\u0131n bir\u00a0misli miqdar\u0131nda m\u00fcdd\u0259tli \u0259lav\u0259 m\u00fc\u0259yy\u0259n edil\u0259c\u0259k. Qeyd ed\u0259k ki, x\u00fcsusi karantin rejimi d\u00f6vr\u00fcnd\u0259 infeksiyaya yoluxma riski y\u00fcks\u0259k olan ya\u015f\u0131 65-d\u0259n&hellip;<\/p>\n","protected":false},"author":2,"featured_media":151129,"comment_status":"closed","ping_status":"closed","sticky":false,"template":"","format":"standard","meta":{"om_disable_all_campaigns":false,"_monsterinsights_skip_tracking":false,"_monsterinsights_sitenote_active":false,"_monsterinsights_sitenote_note":"","_monsterinsights_sitenote_category":0},"categories":[1],"tags":[],"aioseo_notices":[],"gutentor_comment":0,"rttpg_featured_image_url":{"full":["https:\/\/arantv.az\/wp-content\/uploads\/2020\/04\/15868680661258956687_1000x669.jpg",590,440,false],"landscape":["https:\/\/arantv.az\/wp-content\/uploads\/2020\/04\/15868680661258956687_1000x669.jpg",590,440,false],"portraits":["https:\/\/arantv.az\/wp-content\/uploads\/2020\/04\/15868680661258956687_1000x669.jpg",590,440,false],"thumbnail":["https:\/\/arantv.az\/wp-content\/uploads\/2020\/04\/15868680661258956687_1000x669-150x150.jpg",150,150,true],"medium":["https:\/\/arantv.az\/wp-content\/uploads\/2020\/04\/15868680661258956687_1000x669-300x224.jpg",300,224,true],"large":["https:\/\/arantv.az\/wp-content\/uploads\/2020\/04\/15868680661258956687_1000x669.jpg",590,440,false],"1536x1536":["https:\/\/arantv.az\/wp-content\/uploads\/2020\/04\/15868680661258956687_1000x669.jpg",590,440,false],"2048x2048":["https:\/\/arantv.az\/wp-content\/uploads\/2020\/04\/15868680661258956687_1000x669.jpg",590,440,false],"post-thumbnail":["https:\/\/arantv.az\/wp-content\/uploads\/2020\/04\/15868680661258956687_1000x669-240x172.jpg",240,172,true],"advps-thumb-one":["https:\/\/arantv.az\/wp-content\/uploads\/2020\/04\/15868680661258956687_1000x669.jpg",590,440,false]},"rttpg_author":{"display_name":"V\u00fcsal Rafiqo\u011flu","author_link":"https:\/\/arantv.az\/?author=2"},"rttpg_comment":0,"rttpg_category":"<a href=\"https:\/\/arantv.az\/?cat=1\" rel=\"category\">C\u0259miyy\u0259t<\/a>","rttpg_excerpt":"Prezident \u0130lham \u018fliyevin r\u0259hb\u0259rliyi alt\u0131nda geni\u015fmiqyasl\u0131 sosial layih\u0259l\u0259r davam etdirilir, bununla da d\u00f6vl\u0259tin resurslar\u0131n\u0131n a\u011f\u0131rl\u0131q m\u0259rk\u0259zinin insan kapital\u0131n\u0131n inki\u015faf\u0131na y\u00f6n\u0259ldilm\u0259si istiqam\u0259tind\u0259 daha da m\u00fct\u0259r\u0259qqi add\u0131mlar at\u0131l\u0131r. Sosial layih\u0259l\u0259r z\u0259ncirinin bir h\u0259lq\u0259si kimi aprelin 14-d\u0259 d\u00f6vl\u0259t ba\u015f\u00e7\u0131s\u0131 \u0130lham \u018fliyev\u00a0\u201cX\u00fcsusi karantin rejimi d\u00f6vr\u00fcnd\u0259 sosial xidm\u0259tl\u0259r g\u00f6st\u0259rilm\u0259sind\u0259 i\u015ftirak ed\u0259n i\u015f\u00e7il\u0259rin sosial m\u00fcdafi\u0259sinin g\u00fccl\u0259ndirilm\u0259si haqq\u0131nda\u201d s\u0259r\u0259ncam imzalay\u0131b. Bu s\u0259r\u0259ncam&hellip;","_links":{"self":[{"href":"https:\/\/arantv.az\/index.php?rest_route=\/wp\/v2\/posts\/151128"}],"collection":[{"href":"https:\/\/arantv.az\/index.php?rest_route=\/wp\/v2\/posts"}],"about":[{"href":"https:\/\/arantv.az\/index.php?rest_route=\/wp\/v2\/types\/post"}],"author":[{"embeddable":true,"href":"https:\/\/arantv.az\/index.php?rest_route=\/wp\/v2\/users\/2"}],"replies":[{"embeddable":true,"href":"https:\/\/arantv.az\/index.php?rest_route=%2Fwp%2Fv2%2Fcomments&post=151128"}],"version-history":[{"count":0,"href":"https:\/\/arantv.az\/index.php?rest_route=\/wp\/v2\/posts\/151128\/revisions"}],"wp:featuredmedia":[{"embeddable":true,"href":"https:\/\/arantv.az\/index.php?rest_route=\/wp\/v2\/media\/151129"}],"wp:attachment":[{"href":"https:\/\/arantv.az\/index.php?rest_route=%2Fwp%2Fv2%2Fmedia&parent=151128"}],"wp:term":[{"taxonomy":"category","embeddable":true,"href":"https:\/\/arantv.az\/index.php?rest_route=%2Fwp%2Fv2%2Fcategories&post=151128"},{"taxonomy":"post_tag","embeddable":true,"href":"https:\/\/arantv.az\/index.php?rest_route=%2Fwp%2Fv2%2Ftags&post=151128"}],"curies":[{"name":"wp","href":"https:\/\/api.w.org\/{rel}","templated":true}]}}