{"id":151132,"date":"2020-04-15T11:17:24","date_gmt":"2020-04-15T08:17:24","guid":{"rendered":"http:\/\/arantv.az\/?p=151132"},"modified":"2020-04-15T11:17:24","modified_gmt":"2020-04-15T08:17:24","slug":"%c9%99halinin-sosial-mudafi%c9%99sinin-gucl%c9%99ndirilm%c9%99si-dovl%c9%99t-siyas%c9%99tinin-prioritetidir","status":"publish","type":"post","link":"https:\/\/arantv.az\/?p=151132","title":{"rendered":"&#8220;\u018fhalinin sosial m\u00fcdafi\u0259sinin g\u00fccl\u0259ndirilm\u0259si d\u00f6vl\u0259t siyas\u0259tinin prioritetidir&#8221;"},"content":{"rendered":"<blockquote><p><em><strong>Az\u0259rbaycanda koronavirus pandemiyas\u0131na qar\u015f\u0131 m\u00fcbariz\u0259 d\u00f6vr\u00fcnd\u0259 d\u0259 \u0259halinin sosial m\u00fcdafi\u0259sinin g\u00fccl\u0259ndirilm\u0259si istiqam\u0259tind\u0259 t\u0259dbirl\u0259r davam etdirilir. Prezident \u0130lham \u018fliyevin x\u00fcsusi karantin rejimi d\u00f6vr\u00fcnd\u0259 sosial xidm\u0259tl\u0259r g\u00f6st\u0259rilm\u0259sind\u0259 i\u015ftirak ed\u0259n i\u015f\u00e7il\u0259rin sosial m\u00fcdafi\u0259sinin g\u00fccl\u0259ndirilm\u0259si m\u0259qs\u0259dil\u0259 onlar\u0131n \u0259m\u0259k haqq\u0131n\u0131n art\u0131r\u0131lmas\u0131 haqq\u0131nda s\u0259r\u0259ncam\u0131 ictimaiyy\u0259t t\u0259r\u0259find\u0259n b\u00f6y\u00fck r\u0259\u011fb\u0259tl\u0259 qar\u015f\u0131land\u0131.<\/strong><\/em><\/p><\/blockquote>\n<p>ARANTV.AZ x\u0259b\u0259r verir ki, bunu\u00a0<a href=\"https:\/\/az.trend.az\/\" target=\"_blank\" rel=\"noopener\">Trend<\/a>-\u0259 a\u00e7\u0131qlamas\u0131nda Yeni Az\u0259rbaycan Partiyas\u0131 Nizami rayon t\u0259\u015fkilat\u0131n\u0131n s\u0259dri, Milli M\u0259clisin deputat\u0131 S\u0259daq\u0259t V\u0259liyeva deyib.<\/p>\n<p>Deputat bildirib ki, s\u0259r\u0259ncam x\u00fcsusi karantin rejimi d\u00f6vr\u00fcnd\u0259 v\u0259t\u0259nda\u015flara sosial xidm\u0259tl\u0259rin s\u0259m\u0259r\u0259li t\u0259\u015fkilin\u0259 xidm\u0259t ed\u0259n \u015f\u0259xsl\u0259r\u0259, \u00fcmumiyy\u0259tl\u0259, sosial xidm\u0259t i\u015f\u00e7il\u0259rinin \u0259m\u0259yin\u0259 veril\u0259n y\u00fcks\u0259k d\u0259y\u0259rin v\u0259 onlara x\u00fcsusi qay\u011f\u0131n\u0131n ifad\u0259sidir. S\u0259r\u0259ncam \u00fcmumilikd\u0259 2 min sosial xidm\u0259t i\u015f\u00e7isini \u0259hat\u0259 edir:<\/p>\n<p>&#8220;He\u00e7 k\u0259s\u0259 sirr deyil ki, x\u00fcsusi karantin rejimi d\u00f6vr\u00fcnd\u0259 infeksiyaya yoluxma riski y\u00fcks\u0259k olan ya\u015f\u0131 65-d\u0259n yuxar\u0131 \u015f\u0259xsl\u0259rin pandemiyadan qorunmas\u0131 m\u0259qs\u0259dil\u0259 onlar\u0131n evd\u0259n \u00e7\u0131xmalar\u0131 qada\u011fan edilib. Bununla \u0259laq\u0259dar d\u00f6vl\u0259t ba\u015f\u00e7\u0131s\u0131n\u0131n g\u00f6st\u0259ri\u015fin\u0259 \u0259sas\u0259n, \u018fm\u0259k v\u0259 \u018fhalinin Sosial M\u00fcdafi\u0259si Nazirliyi t\u0259r\u0259find\u0259n b\u00fct\u00fcn sosial xidm\u0259t i\u015f\u00e7il\u0259ri s\u0259f\u0259rb\u0259r edilm\u0259kl\u0259, g\u00fccl\u0259ndirilmi\u015f i\u015f rejimi \u015f\u0259raitind\u0259 ya\u015f\u0131 65-d\u0259n yuxar\u0131 t\u0259nha ya\u015fayan \u015f\u0259xsl\u0259r evl\u0259rind\u0259 g\u00fcnd\u0259lik sosial xidm\u0259tl\u0259rl\u0259 t\u0259min olunur. Haz\u0131rda bu kateqoriyadan olan 15 mind\u0259n \u00e7ox t\u0259nha ya\u015fl\u0131ya evl\u0259rind\u0259 sosial xidm\u0259tl\u0259r g\u00f6st\u0259rilir. Burada Yeni Az\u0259rbaycan Partiyas\u0131n\u0131n k\u00f6n\u00fcll\u00fcl\u0259rinin, f\u0259allar\u0131n\u0131n, g\u0259ncl\u0259rinin xidm\u0259tini d\u0259 x\u00fcsusi qeyd etm\u0259k laz\u0131md\u0131r&#8221;.<\/p>\n<p>&#8220;\u00d6lk\u0259mizin m\u0259qs\u0259dy\u00f6nl\u00fc siyas\u0259tini c\u0259miyy\u0259tin, xalq\u0131n ehtiyaclar\u0131 \u0259sas\u0131nda formala\u015fd\u0131ran Prezident \u0130lham \u018fliyev qar\u015f\u0131ya respublikam\u0131zda sosial v\u0259ziyy\u0259ti d\u00fcnyan\u0131n inki\u015faf etmi\u015f \u00f6lk\u0259l\u0259rind\u0259ki s\u0259viyy\u0259y\u0259 \u00e7atd\u0131rmaqla ba\u011fl\u0131 m\u00fch\u00fcm v\u0259zif\u0259 qoyub&#8221;, &#8211; dey\u0259n S\u0259daq\u0259t V\u0259liyeva \u0259lav\u0259 edib ki, sosial xidm\u0259tl\u0259r sah\u0259sind\u0259 xidm\u0259t g\u00f6st\u0259r\u0259n i\u015f\u00e7il\u0259rin ayl\u0131q v\u0259zif\u0259 maa\u015flar\u0131n\u0131n n\u0259z\u0259r\u0259\u00e7arpacaq d\u0259r\u0259c\u0259d\u0259 art\u0131r\u0131lmas\u0131 bar\u0259d\u0259 s\u0259n\u0259d d\u00f6vl\u0259timizin h\u0259yata ke\u00e7irdiyi sosial siyas\u0259tin inqilabi xarakter da\u015f\u0131d\u0131\u011f\u0131n\u0131 bir daha \u0259yani \u015f\u0259kild\u0259 g\u00f6st\u0259rir:<\/p>\n<p>&#8220;D\u00f6vl\u0259t ba\u015f\u00e7\u0131s\u0131n\u0131n karantin d\u00f6vr\u00fcnd\u0259 imzalad\u0131\u011f\u0131 bu s\u0259r\u0259ncam sosial xidm\u0259tl\u0259r sah\u0259sind\u0259 f\u0259aliyy\u0259t g\u00f6st\u0259r\u0259n insanlar\u0131n h\u0259yat \u015f\u0259raitinin yax\u015f\u0131la\u015fd\u0131r\u0131lmas\u0131nda onlara d\u0259st\u0259k olma\u011fa xidm\u0259t edir. B\u00fct\u00f6vl\u00fckd\u0259 sosial sah\u0259d\u0259 realla\u015fd\u0131r\u0131lan add\u0131mlar bir daha s\u00fcbut edir ki, \u0259halinin sosial m\u00fcdafi\u0259sinin g\u00fccl\u0259ndirilm\u0259si d\u00f6vl\u0259t siyas\u0259tinin prioritetidir&#8221;.<\/p>\n","protected":false},"excerpt":{"rendered":"<p>Az\u0259rbaycanda koronavirus pandemiyas\u0131na qar\u015f\u0131 m\u00fcbariz\u0259 d\u00f6vr\u00fcnd\u0259 d\u0259 \u0259halinin sosial m\u00fcdafi\u0259sinin g\u00fccl\u0259ndirilm\u0259si istiqam\u0259tind\u0259 t\u0259dbirl\u0259r davam etdirilir. Prezident \u0130lham \u018fliyevin x\u00fcsusi karantin rejimi d\u00f6vr\u00fcnd\u0259 sosial xidm\u0259tl\u0259r g\u00f6st\u0259rilm\u0259sind\u0259 i\u015ftirak ed\u0259n i\u015f\u00e7il\u0259rin sosial m\u00fcdafi\u0259sinin g\u00fccl\u0259ndirilm\u0259si m\u0259qs\u0259dil\u0259 onlar\u0131n \u0259m\u0259k haqq\u0131n\u0131n art\u0131r\u0131lmas\u0131 haqq\u0131nda s\u0259r\u0259ncam\u0131 ictimaiyy\u0259t t\u0259r\u0259find\u0259n b\u00f6y\u00fck r\u0259\u011fb\u0259tl\u0259 qar\u015f\u0131land\u0131. ARANTV.AZ x\u0259b\u0259r verir ki, bunu\u00a0Trend-\u0259 a\u00e7\u0131qlamas\u0131nda Yeni Az\u0259rbaycan Partiyas\u0131 Nizami rayon t\u0259\u015fkilat\u0131n\u0131n s\u0259dri, Milli M\u0259clisin deputat\u0131 S\u0259daq\u0259t V\u0259liyeva deyib. Deputat bildirib ki, s\u0259r\u0259ncam x\u00fcsusi karantin rejimi d\u00f6vr\u00fcnd\u0259 v\u0259t\u0259nda\u015flara sosial xidm\u0259tl\u0259rin s\u0259m\u0259r\u0259li t\u0259\u015fkilin\u0259 xidm\u0259t ed\u0259n \u015f\u0259xsl\u0259r\u0259, \u00fcmumiyy\u0259tl\u0259, sosial xidm\u0259t i\u015f\u00e7il\u0259rinin \u0259m\u0259yin\u0259 veril\u0259n y\u00fcks\u0259k d\u0259y\u0259rin v\u0259 onlara x\u00fcsusi qay\u011f\u0131n\u0131n&hellip;<\/p>\n","protected":false},"author":2,"featured_media":151133,"comment_status":"closed","ping_status":"closed","sticky":false,"template":"","format":"standard","meta":{"om_disable_all_campaigns":false,"_monsterinsights_skip_tracking":false,"_monsterinsights_sitenote_active":false,"_monsterinsights_sitenote_note":"","_monsterinsights_sitenote_category":0},"categories":[19],"tags":[],"aioseo_notices":[],"gutentor_comment":0,"rttpg_featured_image_url":{"full":["https:\/\/arantv.az\/wp-content\/uploads\/2020\/04\/842165.jpg",800,600,false],"landscape":["https:\/\/arantv.az\/wp-content\/uploads\/2020\/04\/842165.jpg",800,600,false],"portraits":["https:\/\/arantv.az\/wp-content\/uploads\/2020\/04\/842165.jpg",800,600,false],"thumbnail":["https:\/\/arantv.az\/wp-content\/uploads\/2020\/04\/842165-150x150.jpg",150,150,true],"medium":["https:\/\/arantv.az\/wp-content\/uploads\/2020\/04\/842165-300x225.jpg",300,225,true],"large":["https:\/\/arantv.az\/wp-content\/uploads\/2020\/04\/842165.jpg",640,480,false],"1536x1536":["https:\/\/arantv.az\/wp-content\/uploads\/2020\/04\/842165.jpg",800,600,false],"2048x2048":["https:\/\/arantv.az\/wp-content\/uploads\/2020\/04\/842165.jpg",800,600,false],"post-thumbnail":["https:\/\/arantv.az\/wp-content\/uploads\/2020\/04\/842165-240x172.jpg",240,172,true],"advps-thumb-one":["https:\/\/arantv.az\/wp-content\/uploads\/2020\/04\/842165.jpg",800,600,false]},"rttpg_author":{"display_name":"V\u00fcsal Rafiqo\u011flu","author_link":"https:\/\/arantv.az\/?author=2"},"rttpg_comment":0,"rttpg_category":"<a href=\"https:\/\/arantv.az\/?cat=19\" rel=\"category\">G\u00fcnd\u0259m<\/a>","rttpg_excerpt":"Az\u0259rbaycanda koronavirus pandemiyas\u0131na qar\u015f\u0131 m\u00fcbariz\u0259 d\u00f6vr\u00fcnd\u0259 d\u0259 \u0259halinin sosial m\u00fcdafi\u0259sinin g\u00fccl\u0259ndirilm\u0259si istiqam\u0259tind\u0259 t\u0259dbirl\u0259r davam etdirilir. Prezident \u0130lham \u018fliyevin x\u00fcsusi karantin rejimi d\u00f6vr\u00fcnd\u0259 sosial xidm\u0259tl\u0259r g\u00f6st\u0259rilm\u0259sind\u0259 i\u015ftirak ed\u0259n i\u015f\u00e7il\u0259rin sosial m\u00fcdafi\u0259sinin g\u00fccl\u0259ndirilm\u0259si m\u0259qs\u0259dil\u0259 onlar\u0131n \u0259m\u0259k haqq\u0131n\u0131n art\u0131r\u0131lmas\u0131 haqq\u0131nda s\u0259r\u0259ncam\u0131 ictimaiyy\u0259t t\u0259r\u0259find\u0259n b\u00f6y\u00fck r\u0259\u011fb\u0259tl\u0259 qar\u015f\u0131land\u0131. ARANTV.AZ x\u0259b\u0259r verir ki, bunu\u00a0Trend-\u0259 a\u00e7\u0131qlamas\u0131nda Yeni Az\u0259rbaycan Partiyas\u0131 Nizami rayon t\u0259\u015fkilat\u0131n\u0131n&hellip;","_links":{"self":[{"href":"https:\/\/arantv.az\/index.php?rest_route=\/wp\/v2\/posts\/151132"}],"collection":[{"href":"https:\/\/arantv.az\/index.php?rest_route=\/wp\/v2\/posts"}],"about":[{"href":"https:\/\/arantv.az\/index.php?rest_route=\/wp\/v2\/types\/post"}],"author":[{"embeddable":true,"href":"https:\/\/arantv.az\/index.php?rest_route=\/wp\/v2\/users\/2"}],"replies":[{"embeddable":true,"href":"https:\/\/arantv.az\/index.php?rest_route=%2Fwp%2Fv2%2Fcomments&post=151132"}],"version-history":[{"count":0,"href":"https:\/\/arantv.az\/index.php?rest_route=\/wp\/v2\/posts\/151132\/revisions"}],"wp:featuredmedia":[{"embeddable":true,"href":"https:\/\/arantv.az\/index.php?rest_route=\/wp\/v2\/media\/151133"}],"wp:attachment":[{"href":"https:\/\/arantv.az\/index.php?rest_route=%2Fwp%2Fv2%2Fmedia&parent=151132"}],"wp:term":[{"taxonomy":"category","embeddable":true,"href":"https:\/\/arantv.az\/index.php?rest_route=%2Fwp%2Fv2%2Fcategories&post=151132"},{"taxonomy":"post_tag","embeddable":true,"href":"https:\/\/arantv.az\/index.php?rest_route=%2Fwp%2Fv2%2Ftags&post=151132"}],"curies":[{"name":"wp","href":"https:\/\/api.w.org\/{rel}","templated":true}]}}