{"id":151140,"date":"2020-04-15T11:20:00","date_gmt":"2020-04-15T08:20:00","guid":{"rendered":"http:\/\/arantv.az\/?p=151140"},"modified":"2020-04-15T11:20:00","modified_gmt":"2020-04-15T08:20:00","slug":"az%c9%99rbaycanda-butun-addimlar-dusunulmus-s%c9%99kild%c9%99-atilir-v%c9%99-t%c9%99sadufi-deyil-ki-bir-nec%c9%99-olk%c9%99-t%c9%99crub%c9%99mizd%c9%99n-yararlanir","status":"publish","type":"post","link":"https:\/\/arantv.az\/?p=151140","title":{"rendered":"&#8220;Az\u0259rbaycanda b\u00fct\u00fcn add\u0131mlar d\u00fc\u015f\u00fcn\u00fclm\u00fc\u015f \u015f\u0259kild\u0259 at\u0131l\u0131r v\u0259 t\u0259sad\u00fcfi deyil ki, bir ne\u00e7\u0259 \u00f6lk\u0259 t\u0259cr\u00fcb\u0259mizd\u0259n yararlan\u0131r&#8221;"},"content":{"rendered":"<blockquote><p><em><strong>Koronavirus (COV\u0130D-19) pandemiyas\u0131n\u0131n d\u00fcnyada geni\u015f yay\u0131lmas\u0131n\u0131n d\u00fcnya iqtisadiyyat\u0131na da ciddi t\u0259sirl\u0259ri oldu. Bir \u00e7ox d\u00f6vl\u0259tl\u0259rin iqtisadiyyat\u0131nda t\u0259n\u0259zz\u00fcl v\u0259 dur\u011funluq m\u00fc\u015fahid\u0259 olunma\u011fa ba\u015flad\u0131. Bir s\u0131ra qlobal \u015firk\u0259tl\u0259r maliyy\u0259 itkisi il\u0259 \u00fczl\u0259\u015fdil\u0259r, h\u0259tta b\u0259zil\u0259ri m\u00fcflis oldular. Az\u0259rbaycanda b\u00fct\u00fcn add\u0131mlar d\u00fc\u015f\u00fcn\u00fclm\u00fc\u015f \u015f\u0259kild\u0259 at\u0131l\u0131r v\u0259 t\u0259sad\u00fcfi deyil ki, bir ne\u00e7\u0259 \u00f6lk\u0259 t\u0259cr\u00fcb\u0259mizd\u0259n yararlan\u0131r.<\/strong><\/em><\/p><\/blockquote>\n<p>ARANTV.AZ x\u0259b\u0259r verir ki, bunu\u00a0<a href=\"https:\/\/az.trend.az\/\" target=\"_blank\" rel=\"noopener\">Trend<\/a>-\u0259 a\u00e7\u0131qlamas\u0131nda Milli M\u0259clisin deputat\u0131 Ceyhun M\u0259mm\u0259dov deyib.<\/p>\n<p>Deputat bildirib ki, Az\u0259rbaycan ilk g\u00fcnd\u0259n pandemiyan\u0131n\u0131n iqtisadiyyat\u0131m\u0131za, el\u0259c\u0259 d\u0259, v\u0259t\u0259nda\u015flar\u0131m\u0131z\u0131n iqtisadi durumuna t\u0259sirl\u0259rini azaltmaq m\u0259qs\u0259dil\u0259 operativ v\u0259 adekvat q\u0259rarlar q\u0259bul etdi, Prezident \u0130lham \u018fliyev t\u0259r\u0259find\u0259n bir ne\u00e7\u0259 m\u00fch\u00fcm s\u0259r\u0259ncam imzaland\u0131:<\/p>\n<p>&#8220;D\u00f6vl\u0259t ilk g\u00fcnd\u0259n v\u0259t\u0259nda\u015f\u0131n\u0131n yan\u0131nda oldu\u011funu, g\u0259r\u0259k\u0259n b\u00fct\u00fcn add\u0131mlar\u0131 ataca\u011f\u0131n\u0131 b\u0259yan etdi. \u018fg\u0259r zaman\u0131nda bu add\u0131mlar at\u0131lmasayd\u0131, bu g\u00fcn bir s\u0131ra Avropa \u00f6lk\u0259l\u0259ri kimi, Az\u0259rbaycanda da ciddi probleml\u0259r ya\u015fanar, daha \u00e7ox insan bu virusun qurban\u0131na \u00e7evril\u0259 bil\u0259rdi.<\/p>\n<p>C\u0259nab Prezident \u0130lham \u018fliyev 2020-ci ilin birinci r\u00fcb\u00fcn\u00fcn sosial-iqtisadi yekunlar\u0131na h\u0259sr olunan videokonfransda koronavirus (COV\u0130D-19) pandemiyas\u0131n\u0131n iqtisadiyyata m\u0259nfi t\u0259sirl\u0259rin\u0259 toxunaraq bu prosesd\u0259n \u0259ziyy\u0259t \u00e7\u0259k\u0259n 600 mind\u0259n \u00e7ox insan\u0131n d\u00f6vl\u0259t t\u0259rfind\u0259n d\u0259st\u0259kl\u0259 t\u0259min edildiyini, h\u0259min insanlar\u0131n maa\u015flar\u0131n\u0131n \u0259h\u0259miyy\u0259tli hiss\u0259sinin d\u00f6vl\u0259t t\u0259r\u0259find\u0259n \u00f6d\u0259ndiyini b\u0259yan etdi. \u0130\u015fini itirmi\u015f v\u0259 i\u015fl\u0259m\u0259y\u0259n insanlara yard\u0131mlar\u0131n g\u00f6st\u0259rilm\u0259sinin vacib oldu\u011funu bildirdi. Bu m\u0259s\u0259l\u0259 il\u0259 ba\u011fal\u0131 aidiyy\u0259ti strukturlara m\u00fcvafiq g\u00f6st\u0259ri\u015fl\u0259r verdi. Haz\u0131rda d\u00f6vl\u0259t qurumlar\u0131 bu istiqam\u0259td\u0259 g\u0259r\u0259k\u0259n add\u0131mlar\u0131 at\u0131rlar.<\/p>\n<p>Prezident \u0130lham \u018fliyev m\u00fc\u015favir\u0259d\u0259 i\u015fsizlikl\u0259 ba\u011fl\u0131 m\u0259s\u0259l\u0259y\u0259 d\u0259 toxundu, bu m\u0259s\u0259l\u0259 il\u0259 ba\u011fl\u0131 \u00f6z tap\u015f\u0131r\u0131q v\u0259 t\u00f6vsiy\u0259l\u0259rini verdi. B\u00fct\u00fcn bunlar C\u0259nab Prezidentin b\u00fct\u00fcn m\u0259s\u0259l\u0259l\u0259ri diqq\u0259td\u0259 saxlad\u0131\u011f\u0131n\u0131, v\u0259t\u0259nda\u015flar\u0131n sa\u011flaml\u0131\u011f\u0131n\u0131 h\u0259r \u015feyd\u0259n \u00fcst\u00fcn tutdu\u011funu g\u00f6st\u0259rir&#8221;.<\/p>\n<p>C.M\u0259mm\u0259dov vur\u011fulay\u0131b ki, Prezident m\u00fc\u015favir\u0259d\u0259 \u00fcnvanl\u0131 sosial yard\u0131m m\u0259s\u0259l\u0259sin\u0259 d\u0259 geni\u015f toxundu:<\/p>\n<div>\n<div id=\"AdviadNativeVideo0\" class=\"AdviadNativeVideo\"><\/div>\n<\/div>\n<p>&#8220;Bildiyiniz kimi, bu g\u00fcn \u00f6lk\u0259mizd\u0259 sosial siyas\u0259t u\u011furla h\u0259yata ke\u00e7irilir. \u00c7oxlu sayda \u00f6lk\u0259 v\u0259t\u0259nda\u015f\u0131 d\u00f6vl\u0259tin yaratd\u0131\u011f\u0131 m\u00fcxt\u0259lif sosial layih\u0259l\u0259rd\u0259n yararlan\u0131r. Prezident \u0130lham \u018fliyev m\u00fc\u015favir\u0259d\u0259 haz\u0131rda \u00f6lk\u0259mizd\u0259 bu yard\u0131m\u0131 alanlar\u0131n say\u0131n\u0131n 70 mind\u0259n \u00e7ox oldu\u011funu, bu m\u0259s\u0259l\u0259 il\u0259 ba\u011fl\u0131 vahid meyarlar\u0131n t\u0259tbiq olunmas\u0131n\u0131n vacibliyin vur\u011fulad\u0131. Burada \u0259sas m\u0259qs\u0259dl\u0259rd\u0259n biri d\u0259 sosial \u0259dal\u0259t prinsipinin qorunmas\u0131d\u0131r&#8221;.<\/p>\n<p>Deputat \u0259lav\u0259 edib ki, Prezident \u0130lham \u018fliyev iqtisadi \u00e7\u0259tinlikl\u0259r\u0259 baxmayaraq, b\u00fct\u00fcn sosial layih\u0259l\u0259rin u\u011furla ba\u015fa \u00e7atd\u0131r\u0131lmas\u0131n\u0131n vacibliyini vur\u011fulad\u0131:<\/p>\n<p>&#8220;Az\u0259rbaycan\u0131n buna kifay\u0259t q\u0259d\u0259r imkan\u0131n\u0131n oldu\u011funu, he\u00e7 kimd\u0259n as\u0131l\u0131 olmad\u0131\u011f\u0131n\u0131 b\u0259yan etdi. Prezident 2020-ci ilin islahatlar ili olaca\u011f\u0131n\u0131, bu islahatlar\u0131n b\u00fct\u00fcn sah\u0259l\u0259ri \u0259hat\u0259 ed\u0259c\u0259yini, demokratik inki\u015faf istiqam\u0259tind\u0259 \u00f6n\u0259mli add\u0131mlar at\u0131laca\u011f\u0131n\u0131 bir daha b\u0259yan etdi. \u0130slahatlarda \u0259sas m\u0259qs\u0259din idar\u0259etm\u0259 mexanizminin t\u0259kmill\u0259\u015fdirilm\u0259si, g\u0259ncl\u0259\u015fm\u0259 siyas\u0259tinin apar\u0131lmas\u0131 v\u0259 pe\u015f\u0259kar kadrlar\u0131n \u00f6n\u0259mli v\u0259zif\u0259l\u0259r\u0259 da\u015f\u0131nmas\u0131 oldu\u011funu diqq\u0259t\u0259 \u00e7atd\u0131rd\u0131. Art\u0131q islahatlar\u0131n \u00f6z n\u0259tic\u0259sini verdiyini, Prezident Administrasiyas\u0131nda, Nazirl\u0259r Kabinetind\u0259 v\u0259 Milli M\u0259clisd\u0259 apar\u0131lan islahatlar n\u0259tic\u0259sind\u0259 \u00f6lk\u0259mizin yeni u\u011furlu inki\u015faf m\u0259rh\u0259l\u0259sin\u0259 q\u0259d\u0259m qoydu\u011funu bildirdi. \u00d6lk\u0259 ba\u015f\u00e7\u0131s\u0131 islahatlar\u0131n yerli icra orqanlar\u0131n\u0131 da \u0259hat\u0259 etdiyini, xo\u015fag\u0259lm\u0259z hallara qar\u015f\u0131 ciddi v\u0259 q\u0259tiyy\u0259tli m\u00fcbariz\u0259 apar\u0131laca\u011f\u0131n\u0131 bir daha vur\u011fulad\u0131&#8221;.<\/p>\n","protected":false},"excerpt":{"rendered":"<p>Koronavirus (COV\u0130D-19) pandemiyas\u0131n\u0131n d\u00fcnyada geni\u015f yay\u0131lmas\u0131n\u0131n d\u00fcnya iqtisadiyyat\u0131na da ciddi t\u0259sirl\u0259ri oldu. Bir \u00e7ox d\u00f6vl\u0259tl\u0259rin iqtisadiyyat\u0131nda t\u0259n\u0259zz\u00fcl v\u0259 dur\u011funluq m\u00fc\u015fahid\u0259 olunma\u011fa ba\u015flad\u0131. Bir s\u0131ra qlobal \u015firk\u0259tl\u0259r maliyy\u0259 itkisi il\u0259 \u00fczl\u0259\u015fdil\u0259r, h\u0259tta b\u0259zil\u0259ri m\u00fcflis oldular. Az\u0259rbaycanda b\u00fct\u00fcn add\u0131mlar d\u00fc\u015f\u00fcn\u00fclm\u00fc\u015f \u015f\u0259kild\u0259 at\u0131l\u0131r v\u0259 t\u0259sad\u00fcfi deyil ki, bir ne\u00e7\u0259 \u00f6lk\u0259 t\u0259cr\u00fcb\u0259mizd\u0259n yararlan\u0131r. ARANTV.AZ x\u0259b\u0259r verir ki, bunu\u00a0Trend-\u0259 a\u00e7\u0131qlamas\u0131nda Milli M\u0259clisin deputat\u0131 Ceyhun M\u0259mm\u0259dov deyib. Deputat bildirib ki, Az\u0259rbaycan ilk g\u00fcnd\u0259n pandemiyan\u0131n\u0131n iqtisadiyyat\u0131m\u0131za, el\u0259c\u0259 d\u0259, v\u0259t\u0259nda\u015flar\u0131m\u0131z\u0131n iqtisadi durumuna t\u0259sirl\u0259rini azaltmaq m\u0259qs\u0259dil\u0259 operativ v\u0259 adekvat q\u0259rarlar q\u0259bul etdi, Prezident \u0130lham \u018fliyev t\u0259r\u0259find\u0259n bir ne\u00e7\u0259 m\u00fch\u00fcm&hellip;<\/p>\n","protected":false},"author":2,"featured_media":151141,"comment_status":"closed","ping_status":"closed","sticky":false,"template":"","format":"standard","meta":{"om_disable_all_campaigns":false,"_monsterinsights_skip_tracking":false,"_monsterinsights_sitenote_active":false,"_monsterinsights_sitenote_note":"","_monsterinsights_sitenote_category":0},"categories":[19],"tags":[],"aioseo_notices":[],"gutentor_comment":0,"rttpg_featured_image_url":{"full":["https:\/\/arantv.az\/wp-content\/uploads\/2020\/04\/842130.jpg",800,600,false],"landscape":["https:\/\/arantv.az\/wp-content\/uploads\/2020\/04\/842130.jpg",800,600,false],"portraits":["https:\/\/arantv.az\/wp-content\/uploads\/2020\/04\/842130.jpg",800,600,false],"thumbnail":["https:\/\/arantv.az\/wp-content\/uploads\/2020\/04\/842130-150x150.jpg",150,150,true],"medium":["https:\/\/arantv.az\/wp-content\/uploads\/2020\/04\/842130-300x225.jpg",300,225,true],"large":["https:\/\/arantv.az\/wp-content\/uploads\/2020\/04\/842130.jpg",640,480,false],"1536x1536":["https:\/\/arantv.az\/wp-content\/uploads\/2020\/04\/842130.jpg",800,600,false],"2048x2048":["https:\/\/arantv.az\/wp-content\/uploads\/2020\/04\/842130.jpg",800,600,false],"post-thumbnail":["https:\/\/arantv.az\/wp-content\/uploads\/2020\/04\/842130-240x172.jpg",240,172,true],"advps-thumb-one":["https:\/\/arantv.az\/wp-content\/uploads\/2020\/04\/842130.jpg",800,600,false]},"rttpg_author":{"display_name":"V\u00fcsal Rafiqo\u011flu","author_link":"https:\/\/arantv.az\/?author=2"},"rttpg_comment":0,"rttpg_category":"<a href=\"https:\/\/arantv.az\/?cat=19\" rel=\"category\">G\u00fcnd\u0259m<\/a>","rttpg_excerpt":"Koronavirus (COV\u0130D-19) pandemiyas\u0131n\u0131n d\u00fcnyada geni\u015f yay\u0131lmas\u0131n\u0131n d\u00fcnya iqtisadiyyat\u0131na da ciddi t\u0259sirl\u0259ri oldu. Bir \u00e7ox d\u00f6vl\u0259tl\u0259rin iqtisadiyyat\u0131nda t\u0259n\u0259zz\u00fcl v\u0259 dur\u011funluq m\u00fc\u015fahid\u0259 olunma\u011fa ba\u015flad\u0131. Bir s\u0131ra qlobal \u015firk\u0259tl\u0259r maliyy\u0259 itkisi il\u0259 \u00fczl\u0259\u015fdil\u0259r, h\u0259tta b\u0259zil\u0259ri m\u00fcflis oldular. Az\u0259rbaycanda b\u00fct\u00fcn add\u0131mlar d\u00fc\u015f\u00fcn\u00fclm\u00fc\u015f \u015f\u0259kild\u0259 at\u0131l\u0131r v\u0259 t\u0259sad\u00fcfi deyil ki, bir ne\u00e7\u0259 \u00f6lk\u0259 t\u0259cr\u00fcb\u0259mizd\u0259n yararlan\u0131r. ARANTV.AZ x\u0259b\u0259r verir ki, bunu\u00a0Trend-\u0259 a\u00e7\u0131qlamas\u0131nda&hellip;","_links":{"self":[{"href":"https:\/\/arantv.az\/index.php?rest_route=\/wp\/v2\/posts\/151140"}],"collection":[{"href":"https:\/\/arantv.az\/index.php?rest_route=\/wp\/v2\/posts"}],"about":[{"href":"https:\/\/arantv.az\/index.php?rest_route=\/wp\/v2\/types\/post"}],"author":[{"embeddable":true,"href":"https:\/\/arantv.az\/index.php?rest_route=\/wp\/v2\/users\/2"}],"replies":[{"embeddable":true,"href":"https:\/\/arantv.az\/index.php?rest_route=%2Fwp%2Fv2%2Fcomments&post=151140"}],"version-history":[{"count":0,"href":"https:\/\/arantv.az\/index.php?rest_route=\/wp\/v2\/posts\/151140\/revisions"}],"wp:featuredmedia":[{"embeddable":true,"href":"https:\/\/arantv.az\/index.php?rest_route=\/wp\/v2\/media\/151141"}],"wp:attachment":[{"href":"https:\/\/arantv.az\/index.php?rest_route=%2Fwp%2Fv2%2Fmedia&parent=151140"}],"wp:term":[{"taxonomy":"category","embeddable":true,"href":"https:\/\/arantv.az\/index.php?rest_route=%2Fwp%2Fv2%2Fcategories&post=151140"},{"taxonomy":"post_tag","embeddable":true,"href":"https:\/\/arantv.az\/index.php?rest_route=%2Fwp%2Fv2%2Ftags&post=151140"}],"curies":[{"name":"wp","href":"https:\/\/api.w.org\/{rel}","templated":true}]}}