{"id":151144,"date":"2020-04-15T11:21:12","date_gmt":"2020-04-15T08:21:12","guid":{"rendered":"http:\/\/arantv.az\/?p=151144"},"modified":"2020-04-15T11:21:12","modified_gmt":"2020-04-15T08:21:12","slug":"dagliq-qarabagin-az%c9%99rbaycanli-icmasinin-r%c9%99hb%c9%99ri-b%c9%99yanat-yaydi","status":"publish","type":"post","link":"https:\/\/arantv.az\/?p=151144","title":{"rendered":"Da\u011fl\u0131q Qaraba\u011f\u0131n Az\u0259rbaycanl\u0131 icmas\u0131n\u0131n r\u0259hb\u0259ri b\u0259yanat yayd\u0131"},"content":{"rendered":"<p><strong>Az\u0259rbaycan Respublikas\u0131 Da\u011fl\u0131q Qaraba\u011f b\u00f6lg\u0259sinin Az\u0259rbaycan icmas\u0131n\u0131n r\u0259hb\u0259ri Tural G\u0259nc\u0259liyev b\u0259yanat yay\u0131b.<\/strong><\/p>\n<p>\u0130cmadan Milli.Az-a veril\u0259n m\u0259lumata g\u00f6r\u0259, b\u0259yanatda deyilir:<\/p>\n<p>&#8220;Haz\u0131rda d\u00fcnyan\u0131n \u00fczl\u0259\u015fdiyi \u0259n b\u00f6y\u00fck problem s\u0259rh\u0259d tan\u0131mayan koronavirus pandemiyas\u0131d\u0131r. Az\u0259rbaycan Respublikas\u0131 t\u0259r\u0259find\u0259n v\u0259t\u0259nda\u015flar\u0131n sa\u011flaml\u0131\u011f\u0131n\u0131 v\u0259 t\u0259hl\u00fck\u0259sizliyini t\u0259min etm\u0259k, onlar\u0131 pandemiyan\u0131n yaratd\u0131\u011f\u0131 sosial-iqtisadi f\u0259sadlardan qorumaq \u00fc\u00e7\u00fcn z\u0259ruri v\u0259 qabaqlay\u0131c\u0131 add\u0131mlar at\u0131l\u0131r. \u00d6lk\u0259 \u00fczr\u0259 22 x\u0259st\u0259xana koronavirus x\u0259st\u0259l\u0259rinin m\u00fcalic\u0259si \u00fc\u00e7\u00fcn ayr\u0131lm\u0131\u015fd\u0131r. Mart ay\u0131nda Az\u0259rbaycan\u0131n regionlar\u0131nda, Goranboy, Qazax v\u0259 \u015e\u0259mkir \u015f\u0259h\u0259rl\u0259rind\u0259 3 yeni x\u0259st\u0259xana a\u00e7\u0131lm\u0131\u015fd\u0131r. Bak\u0131da yeni istifad\u0259y\u0259 verilmi\u015f 575 \u00e7arpay\u0131l\u0131q &#8220;Yeni klinika&#8221; koronavirus x\u0259st\u0259l\u0259rinin m\u00fc\u0259lic\u0259si \u00fc\u00e7\u00fcn n\u0259z\u0259rd\u0259 tutulub. Az\u0259rbaycanda koronavirus x\u0259st\u0259l\u0259rinin m\u00fcayin\u0259si \u00fc\u00e7\u00fcn 70 000-d\u0259n art\u0131q test apar\u0131l\u0131b.<\/p>\n<p>600 000-d\u0259n art\u0131q insan\u0131 \u0259hat\u0259 ed\u0259n iqtisadi, makroiqtisadi v\u0259 m\u0259\u015f\u011fulluq probleml\u0259rinin h\u0259lli \u00fc\u00e7\u00fcn d\u00f6vl\u0259t d\u0259st\u0259k proqramlar\u0131n\u0131n maliyy\u0259 h\u0259cmi 2,5 milyard manatd\u0131r. Qeyd olunanlar Az\u0259rbaycanda h\u0259yata ke\u00e7iril\u0259n d\u00f6vl\u0259tin d\u0259st\u0259yinin yaln\u0131z bir hiss\u0259sidir.<\/p>\n<p>Erm\u0259nistan Az\u0259rbaycan\u0131n i\u015f\u011fal olunmu\u015f \u0259razil\u0259rind\u0259 \u0259sir saxlad\u0131\u011f\u0131 Da\u011fl\u0131q Qaraba\u011f\u0131n erm\u0259ni icmas\u0131n\u0131n Az\u0259rbaycan\u0131n h\u0259yata ke\u00e7irdiyi sosial, iqtisadi, s\u0259hiyy\u0259 v\u0259 s. layih\u0259 v\u0259 proqramlardan yararlanmas\u0131n\u0131n qar\u015f\u0131s\u0131n\u0131 al\u0131r.<\/p>\n<p>Bel\u0259 ki, h\u0259ft\u0259l\u0259r \u00f6nc\u0259 Az\u0259rbaycan\u0131n Da\u011fl\u0131q Qaraba\u011f b\u00f6lg\u0259sinin az\u0259rbaycanl\u0131 icmas\u0131n\u0131n i\u015f\u011fal olunmu\u015f \u0259razil\u0259rimizd\u0259 koronavirus x\u0259st\u0259liyinin yay\u0131lmas\u0131 bar\u0259d\u0259 m\u0259lumat verm\u0259sin\u0259 v\u0259 t\u0259r\u0259fimizd\u0259n edil\u0259n x\u0259b\u0259rdarl\u0131qlara r\u0259\u011fm\u0259n, 31 mart 2020-ci il tarixind\u0259 infeksiya hallar\u0131 gizl\u0259dil\u0259r\u0259k Erm\u0259nistan\u0131n \u0259lalt\u0131s\u0131 olan rejim t\u0259r\u0259find\u0259n qanunsuz &#8220;se\u00e7ki&#8221; \u015fousu ke\u00e7irildi. Bunun ard\u0131nca, infeksiyan\u0131n yay\u0131lmas\u0131n\u0131 Erm\u0259nistan etiraf ets\u0259 bel\u0259, 14 aprel 2020-ci il tarixind\u0259 yenid\u0259n b\u00fct\u00fcn insanlar\u0131n h\u0259yat\u0131n\u0131 t\u0259hl\u00fck\u0259y\u0259 ataraq, &#8220;se\u00e7ki&#8221; \u015fousunun ikinci turu da t\u0259\u015fkil olundu. B\u00fct\u00fcn bunlar onu g\u00f6st\u0259rir ki, Da\u011fl\u0131q Qaraba\u011fda ya\u015fayan sad\u0259 erm\u0259nil\u0259r Erm\u0259nistan\u0131n \u00e7irkin siyasi oyunlar\u0131 \u00fc\u00e7\u00fcn al\u0259tdir v\u0259 oradak\u0131 insanlar\u0131n h\u0259yat\u0131 v\u0259 sa\u011flaml\u0131\u011f\u0131 Erm\u0259nistan\u0131 maraqland\u0131rm\u0131r.<\/p>\n<p>Erm\u0259nistan hakimiyy\u0259ti v\u0259 qondarma rejimin n\u00fcmay\u0259nd\u0259l\u0259ri Qaraba\u011fda ya\u015fayan sad\u0259 erm\u0259ni icmas\u0131 \u00fczvl\u0259rinin h\u0259yat\u0131n\u0131 d\u0259y\u0259rsiz sayaraq, onlar\u0131n Az\u0259rbaycan v\u0259t\u0259nda\u015flar\u0131 kimi m\u00fcalic\u0259 imkanlar\u0131ndan yararlanmas\u0131n\u0131n qar\u015f\u0131s\u0131n\u0131 almaqda davam edir.<\/p>\n<p>Az\u0259rbaycan Respublikas\u0131n\u0131n siyas\u0259tinin ana x\u0259ttini Az\u0259rbaycan v\u0259t\u0259nda\u015f\u0131 v\u0259 onun maraqlar\u0131n\u0131n qorunmas\u0131 t\u0259\u015fkil edir.<\/p>\n<p>Bir daha b\u0259yan edirik ki, Erm\u0259nistan qo\u015funlar\u0131 i\u015f\u011fal olunmu\u015f \u0259razil\u0259rd\u0259n \u00e7\u0131xar\u0131ld\u0131qdan sonra Da\u011fl\u0131q Qaraba\u011f\u0131n erm\u0259ni v\u0259 az\u0259rbaycanl\u0131 icmalar\u0131 Az\u0259rbaycan Respublikas\u0131n\u0131n beyn\u0259lxalq tan\u0131nm\u0131\u015f s\u0259rh\u0259dl\u0259ri \u00e7\u0259r\u00e7iv\u0259sind\u0259, s\u00fclh \u015f\u0259raitind\u0259 birg\u0259 ya\u015fayacaq v\u0259 Az\u0259rbaycan Respublikas\u0131n\u0131n v\u0259t\u0259nda\u015f\u0131 olma\u011f\u0131n verdiyi imtiyazlardan b\u0259rab\u0259r h\u00fcquqlu \u015f\u0259kild\u0259 yararlanacaqlar&#8221;.<\/p>\n","protected":false},"excerpt":{"rendered":"<p>Az\u0259rbaycan Respublikas\u0131 Da\u011fl\u0131q Qaraba\u011f b\u00f6lg\u0259sinin Az\u0259rbaycan icmas\u0131n\u0131n r\u0259hb\u0259ri Tural G\u0259nc\u0259liyev b\u0259yanat yay\u0131b. \u0130cmadan Milli.Az-a veril\u0259n m\u0259lumata g\u00f6r\u0259, b\u0259yanatda deyilir: &#8220;Haz\u0131rda d\u00fcnyan\u0131n \u00fczl\u0259\u015fdiyi \u0259n b\u00f6y\u00fck problem s\u0259rh\u0259d tan\u0131mayan koronavirus pandemiyas\u0131d\u0131r. Az\u0259rbaycan Respublikas\u0131 t\u0259r\u0259find\u0259n v\u0259t\u0259nda\u015flar\u0131n sa\u011flaml\u0131\u011f\u0131n\u0131 v\u0259 t\u0259hl\u00fck\u0259sizliyini t\u0259min etm\u0259k, onlar\u0131 pandemiyan\u0131n yaratd\u0131\u011f\u0131 sosial-iqtisadi f\u0259sadlardan qorumaq \u00fc\u00e7\u00fcn z\u0259ruri v\u0259 qabaqlay\u0131c\u0131 add\u0131mlar at\u0131l\u0131r. \u00d6lk\u0259 \u00fczr\u0259 22 x\u0259st\u0259xana koronavirus x\u0259st\u0259l\u0259rinin m\u00fcalic\u0259si \u00fc\u00e7\u00fcn ayr\u0131lm\u0131\u015fd\u0131r. Mart ay\u0131nda Az\u0259rbaycan\u0131n regionlar\u0131nda, Goranboy, Qazax v\u0259 \u015e\u0259mkir \u015f\u0259h\u0259rl\u0259rind\u0259 3 yeni x\u0259st\u0259xana a\u00e7\u0131lm\u0131\u015fd\u0131r. Bak\u0131da yeni istifad\u0259y\u0259 verilmi\u015f 575 \u00e7arpay\u0131l\u0131q &#8220;Yeni klinika&#8221; koronavirus x\u0259st\u0259l\u0259rinin m\u00fc\u0259lic\u0259si \u00fc\u00e7\u00fcn n\u0259z\u0259rd\u0259 tutulub. Az\u0259rbaycanda koronavirus x\u0259st\u0259l\u0259rinin m\u00fcayin\u0259si&hellip;<\/p>\n","protected":false},"author":2,"featured_media":151145,"comment_status":"closed","ping_status":"closed","sticky":false,"template":"","format":"standard","meta":{"om_disable_all_campaigns":false,"_monsterinsights_skip_tracking":false,"_monsterinsights_sitenote_active":false,"_monsterinsights_sitenote_note":"","_monsterinsights_sitenote_category":0},"categories":[19],"tags":[],"aioseo_notices":[],"gutentor_comment":0,"rttpg_featured_image_url":{"full":["https:\/\/arantv.az\/wp-content\/uploads\/2020\/04\/842181.jpg",800,600,false],"landscape":["https:\/\/arantv.az\/wp-content\/uploads\/2020\/04\/842181.jpg",800,600,false],"portraits":["https:\/\/arantv.az\/wp-content\/uploads\/2020\/04\/842181.jpg",800,600,false],"thumbnail":["https:\/\/arantv.az\/wp-content\/uploads\/2020\/04\/842181-150x150.jpg",150,150,true],"medium":["https:\/\/arantv.az\/wp-content\/uploads\/2020\/04\/842181-300x225.jpg",300,225,true],"large":["https:\/\/arantv.az\/wp-content\/uploads\/2020\/04\/842181.jpg",640,480,false],"1536x1536":["https:\/\/arantv.az\/wp-content\/uploads\/2020\/04\/842181.jpg",800,600,false],"2048x2048":["https:\/\/arantv.az\/wp-content\/uploads\/2020\/04\/842181.jpg",800,600,false],"post-thumbnail":["https:\/\/arantv.az\/wp-content\/uploads\/2020\/04\/842181-240x172.jpg",240,172,true],"advps-thumb-one":["https:\/\/arantv.az\/wp-content\/uploads\/2020\/04\/842181.jpg",800,600,false]},"rttpg_author":{"display_name":"V\u00fcsal Rafiqo\u011flu","author_link":"https:\/\/arantv.az\/?author=2"},"rttpg_comment":0,"rttpg_category":"<a href=\"https:\/\/arantv.az\/?cat=19\" rel=\"category\">G\u00fcnd\u0259m<\/a>","rttpg_excerpt":"Az\u0259rbaycan Respublikas\u0131 Da\u011fl\u0131q Qaraba\u011f b\u00f6lg\u0259sinin Az\u0259rbaycan icmas\u0131n\u0131n r\u0259hb\u0259ri Tural G\u0259nc\u0259liyev b\u0259yanat yay\u0131b. \u0130cmadan Milli.Az-a veril\u0259n m\u0259lumata g\u00f6r\u0259, b\u0259yanatda deyilir: &#8220;Haz\u0131rda d\u00fcnyan\u0131n \u00fczl\u0259\u015fdiyi \u0259n b\u00f6y\u00fck problem s\u0259rh\u0259d tan\u0131mayan koronavirus pandemiyas\u0131d\u0131r. Az\u0259rbaycan Respublikas\u0131 t\u0259r\u0259find\u0259n v\u0259t\u0259nda\u015flar\u0131n sa\u011flaml\u0131\u011f\u0131n\u0131 v\u0259 t\u0259hl\u00fck\u0259sizliyini t\u0259min etm\u0259k, onlar\u0131 pandemiyan\u0131n yaratd\u0131\u011f\u0131 sosial-iqtisadi f\u0259sadlardan qorumaq \u00fc\u00e7\u00fcn z\u0259ruri v\u0259 qabaqlay\u0131c\u0131 add\u0131mlar at\u0131l\u0131r. \u00d6lk\u0259 \u00fczr\u0259 22 x\u0259st\u0259xana koronavirus&hellip;","_links":{"self":[{"href":"https:\/\/arantv.az\/index.php?rest_route=\/wp\/v2\/posts\/151144"}],"collection":[{"href":"https:\/\/arantv.az\/index.php?rest_route=\/wp\/v2\/posts"}],"about":[{"href":"https:\/\/arantv.az\/index.php?rest_route=\/wp\/v2\/types\/post"}],"author":[{"embeddable":true,"href":"https:\/\/arantv.az\/index.php?rest_route=\/wp\/v2\/users\/2"}],"replies":[{"embeddable":true,"href":"https:\/\/arantv.az\/index.php?rest_route=%2Fwp%2Fv2%2Fcomments&post=151144"}],"version-history":[{"count":0,"href":"https:\/\/arantv.az\/index.php?rest_route=\/wp\/v2\/posts\/151144\/revisions"}],"wp:featuredmedia":[{"embeddable":true,"href":"https:\/\/arantv.az\/index.php?rest_route=\/wp\/v2\/media\/151145"}],"wp:attachment":[{"href":"https:\/\/arantv.az\/index.php?rest_route=%2Fwp%2Fv2%2Fmedia&parent=151144"}],"wp:term":[{"taxonomy":"category","embeddable":true,"href":"https:\/\/arantv.az\/index.php?rest_route=%2Fwp%2Fv2%2Fcategories&post=151144"},{"taxonomy":"post_tag","embeddable":true,"href":"https:\/\/arantv.az\/index.php?rest_route=%2Fwp%2Fv2%2Ftags&post=151144"}],"curies":[{"name":"wp","href":"https:\/\/api.w.org\/{rel}","templated":true}]}}