{"id":151148,"date":"2020-04-15T11:22:48","date_gmt":"2020-04-15T08:22:48","guid":{"rendered":"http:\/\/arantv.az\/?p=151148"},"modified":"2020-04-15T11:22:48","modified_gmt":"2020-04-15T08:22:48","slug":"tural-g%c9%99nc%c9%99liyev-qondarma-seckil%c9%99r-bir-daha-gost%c9%99rdi-ki-bu-qanunsuz-xunta-rejimini-hec-kim-tanimir","status":"publish","type":"post","link":"https:\/\/arantv.az\/?p=151148","title":{"rendered":"Tural G\u0259nc\u0259liyev: Qondarma \u201cse\u00e7kil\u0259r\u201d bir daha g\u00f6st\u0259rdi ki, bu qanunsuz xunta rejimini he\u00e7 kim tan\u0131m\u0131r"},"content":{"rendered":"<blockquote><p><em><strong>Erm\u0259nistan i\u015f\u011fal alt\u0131nda saxlad\u0131\u011f\u0131 Az\u0259rbaycan\u0131n Da\u011fl\u0131q Qaraba\u011f b\u00f6lg\u0259sind\u0259 qondarma &#8220;se\u00e7kil\u0259r&#8221; ke\u00e7irm\u0259kl\u0259 Az\u0259rbaycan t\u0259r\u0259find\u0259n bu il \u0259rzind\u0259 ikinci sars\u0131d\u0131c\u0131 z\u0259rb\u0259 alm\u0131\u015f oldu. Qondarma &#8220;se\u00e7kil\u0259r&#8221; bir daha g\u00f6st\u0259rdi ki, bu qanunsuz xunta rejimini he\u00e7 kim tan\u0131m\u0131r.<\/strong><\/em><\/p><\/blockquote>\n<p>ARANTV.AZ x\u0259b\u0259r verir ki, bunu\u00a0<a href=\"https:\/\/az.trend.az\/\" target=\"_blank\" rel=\"noopener\">Trend<\/a>-\u0259 Milli M\u0259clisin deputat\u0131, Az\u0259rbaycan\u0131n Da\u011fl\u0131q Qaraba\u011f b\u00f6lg\u0259sinin az\u0259rbaycanl\u0131 icmas\u0131n\u0131n r\u0259hb\u0259ri Tural G\u0259nc\u0259liyev deyib.<\/p>\n<p>T.G\u0259nc\u0259liyev bildirib ki, bu ilin fevral ay\u0131nda M\u00fcnxen T\u0259hl\u00fck\u0259sizlik Konfrans\u0131 \u00e7\u0259r\u00e7iv\u0259sind\u0259 Az\u0259rbaycan v\u0259 Erm\u0259nistan r\u0259hb\u0259rl\u0259ri aras\u0131nda canl\u0131 efird\u0259 ke\u00e7iril\u0259n debat zaman\u0131 Prezident \u0130lham \u018fliyev b\u00fct\u00fcn aspektl\u0259r \u00fczr\u0259 Da\u011fl\u0131q Qaraba\u011f\u0131n Az\u0259rbaycan\u0131n tarixi torpaqlar\u0131 oldu\u011funu v\u0259 30 il\u0259 yax\u0131nd\u0131r ki, Erm\u0259nistan t\u0259r\u0259find\u0259n qeyri-qanuni olaraq i\u015f\u011fal alt\u0131nda saxlan\u0131ld\u0131\u011f\u0131n\u0131 d\u00fcnyaya b\u0259yan etdi:<\/p>\n<p>&#8220;Bununla Az\u0259rbaycan Prezidenti Erm\u0259nistan\u0131n indiy\u0259 q\u0259d\u0259r apard\u0131\u011f\u0131 daxili-xarici siyas\u0259ti darmada\u011f\u0131n etdi. Mart\u0131n sonunda Da\u011fl\u0131q Qaraba\u011fda ke\u00e7iril\u0259n &#8220;se\u00e7kil\u0259r&#8221; is\u0259 Erm\u0259nistan hakimiyy\u0259tin\u0259 ikinci sars\u0131d\u0131c\u0131 z\u0259rb\u0259 oldu&#8221;.<\/p>\n<p>T.G\u0259nc\u0259liyev qondarma &#8220;se\u00e7kil\u0259r&#8221;l\u0259 ba\u011fl\u0131 m\u00fcxt\u0259lif d\u00f6vl\u0259tl\u0259rin v\u0259 beyn\u0259lxalq t\u0259\u015fkilatlar\u0131n b\u0259yanatlar\u0131n\u0131 m\u00fcsb\u0259t qiym\u0259tl\u0259ndirib:<\/p>\n<p>&#8220;AT\u018fT-in Minsk qrupunun h\u0259ms\u0259dr \u00f6lk\u0259l\u0259ri AB\u015e, Fransa, Rusiya, AT\u018fT-in Parlament Assambleyas\u0131 i\u015f\u011fal olunmu\u015f Da\u011fl\u0131q Qaraba\u011fda ke\u00e7iril\u0259n qondarma &#8220;se\u00e7kil\u0259r&#8221;l\u0259 ba\u011fl\u0131 b\u0259yanat yayd\u0131lar. Bundan ba\u015fqa, NATO, \u0130slam \u018fm\u0259kda\u015fl\u0131q T\u0259\u015fkilat\u0131, Qo\u015fulmama H\u0259r\u0259kat\u0131, T\u00fcrk \u015euras\u0131, \u0130slam \u018fm\u0259kda\u015fl\u0131q T\u0259\u015fkilat\u0131 v\u0259 bir s\u0131ra beyn\u0259lxalq t\u0259\u015fkilatlar bu qondarma &#8220;se\u00e7kil\u0259r&#8221;i pisl\u0259dil\u0259r. T\u0259bii ki, bu, Az\u0259rbaycan d\u00f6vl\u0259tinin, Az\u0259rbaycan Prezidentinin d\u00fc\u015f\u00fcn\u00fclm\u00fc\u015f xarici siyas\u0259ti v\u0259 bu siyas\u0259tin arxas\u0131nda dayanan g\u00fccl\u00fc, m\u0259ntiqli irad\u0259nin n\u0259tic\u0259sind\u0259 ba\u015f verdi&#8221;.<\/p>\n<p>Deputat qeyd edib ki, Az\u0259rbaycan\u0131n xarici siyas\u0259tinin q\u0259l\u0259b\u0259l\u0259r seriyas\u0131 davam edir:<\/p>\n<p>&#8220;D\u00fc\u015f\u00fcn\u00fcr\u0259m ki, biz yax\u0131n g\u0259l\u0259c\u0259kd\u0259 Erm\u0259nistana vurulan n\u00f6vb\u0259ti sars\u0131d\u0131c\u0131 z\u0259rb\u0259l\u0259rin \u015fahidi olaca\u011f\u0131q&#8221;.<\/p>\n<p>Mill\u0259t v\u0259kili, h\u0259m\u00e7inin bildirib ki, Erm\u0259nistan d\u00fc\u015fd\u00fcy\u00fc u\u011fursuz v\u0259ziyy\u0259td\u0259n \u00e7\u0131xmaq \u00fc\u00e7\u00fcn yollar axtar\u0131r.<\/p>\n","protected":false},"excerpt":{"rendered":"<p>Erm\u0259nistan i\u015f\u011fal alt\u0131nda saxlad\u0131\u011f\u0131 Az\u0259rbaycan\u0131n Da\u011fl\u0131q Qaraba\u011f b\u00f6lg\u0259sind\u0259 qondarma &#8220;se\u00e7kil\u0259r&#8221; ke\u00e7irm\u0259kl\u0259 Az\u0259rbaycan t\u0259r\u0259find\u0259n bu il \u0259rzind\u0259 ikinci sars\u0131d\u0131c\u0131 z\u0259rb\u0259 alm\u0131\u015f oldu. Qondarma &#8220;se\u00e7kil\u0259r&#8221; bir daha g\u00f6st\u0259rdi ki, bu qanunsuz xunta rejimini he\u00e7 kim tan\u0131m\u0131r. ARANTV.AZ x\u0259b\u0259r verir ki, bunu\u00a0Trend-\u0259 Milli M\u0259clisin deputat\u0131, Az\u0259rbaycan\u0131n Da\u011fl\u0131q Qaraba\u011f b\u00f6lg\u0259sinin az\u0259rbaycanl\u0131 icmas\u0131n\u0131n r\u0259hb\u0259ri Tural G\u0259nc\u0259liyev deyib. T.G\u0259nc\u0259liyev bildirib ki, bu ilin fevral ay\u0131nda M\u00fcnxen T\u0259hl\u00fck\u0259sizlik Konfrans\u0131 \u00e7\u0259r\u00e7iv\u0259sind\u0259 Az\u0259rbaycan v\u0259 Erm\u0259nistan r\u0259hb\u0259rl\u0259ri aras\u0131nda canl\u0131 efird\u0259 ke\u00e7iril\u0259n debat zaman\u0131 Prezident \u0130lham \u018fliyev b\u00fct\u00fcn aspektl\u0259r \u00fczr\u0259 Da\u011fl\u0131q Qaraba\u011f\u0131n Az\u0259rbaycan\u0131n tarixi torpaqlar\u0131 oldu\u011funu v\u0259 30 il\u0259 yax\u0131nd\u0131r ki,&hellip;<\/p>\n","protected":false},"author":2,"featured_media":151149,"comment_status":"closed","ping_status":"closed","sticky":false,"template":"","format":"standard","meta":{"om_disable_all_campaigns":false,"_monsterinsights_skip_tracking":false,"_monsterinsights_sitenote_active":false,"_monsterinsights_sitenote_note":"","_monsterinsights_sitenote_category":0},"categories":[4],"tags":[],"aioseo_notices":[],"gutentor_comment":0,"rttpg_featured_image_url":{"full":["https:\/\/arantv.az\/wp-content\/uploads\/2020\/04\/842182.jpg",800,600,false],"landscape":["https:\/\/arantv.az\/wp-content\/uploads\/2020\/04\/842182.jpg",800,600,false],"portraits":["https:\/\/arantv.az\/wp-content\/uploads\/2020\/04\/842182.jpg",800,600,false],"thumbnail":["https:\/\/arantv.az\/wp-content\/uploads\/2020\/04\/842182-150x150.jpg",150,150,true],"medium":["https:\/\/arantv.az\/wp-content\/uploads\/2020\/04\/842182-300x225.jpg",300,225,true],"large":["https:\/\/arantv.az\/wp-content\/uploads\/2020\/04\/842182.jpg",640,480,false],"1536x1536":["https:\/\/arantv.az\/wp-content\/uploads\/2020\/04\/842182.jpg",800,600,false],"2048x2048":["https:\/\/arantv.az\/wp-content\/uploads\/2020\/04\/842182.jpg",800,600,false],"post-thumbnail":["https:\/\/arantv.az\/wp-content\/uploads\/2020\/04\/842182-240x172.jpg",240,172,true],"advps-thumb-one":["https:\/\/arantv.az\/wp-content\/uploads\/2020\/04\/842182.jpg",800,600,false]},"rttpg_author":{"display_name":"V\u00fcsal Rafiqo\u011flu","author_link":"https:\/\/arantv.az\/?author=2"},"rttpg_comment":0,"rttpg_category":"<a href=\"https:\/\/arantv.az\/?cat=4\" rel=\"category\">Siyas\u0259t<\/a>","rttpg_excerpt":"Erm\u0259nistan i\u015f\u011fal alt\u0131nda saxlad\u0131\u011f\u0131 Az\u0259rbaycan\u0131n Da\u011fl\u0131q Qaraba\u011f b\u00f6lg\u0259sind\u0259 qondarma &#8220;se\u00e7kil\u0259r&#8221; ke\u00e7irm\u0259kl\u0259 Az\u0259rbaycan t\u0259r\u0259find\u0259n bu il \u0259rzind\u0259 ikinci sars\u0131d\u0131c\u0131 z\u0259rb\u0259 alm\u0131\u015f oldu. Qondarma &#8220;se\u00e7kil\u0259r&#8221; bir daha g\u00f6st\u0259rdi ki, bu qanunsuz xunta rejimini he\u00e7 kim tan\u0131m\u0131r. ARANTV.AZ x\u0259b\u0259r verir ki, bunu\u00a0Trend-\u0259 Milli M\u0259clisin deputat\u0131, Az\u0259rbaycan\u0131n Da\u011fl\u0131q Qaraba\u011f b\u00f6lg\u0259sinin az\u0259rbaycanl\u0131 icmas\u0131n\u0131n r\u0259hb\u0259ri Tural G\u0259nc\u0259liyev deyib. T.G\u0259nc\u0259liyev bildirib ki,&hellip;","_links":{"self":[{"href":"https:\/\/arantv.az\/index.php?rest_route=\/wp\/v2\/posts\/151148"}],"collection":[{"href":"https:\/\/arantv.az\/index.php?rest_route=\/wp\/v2\/posts"}],"about":[{"href":"https:\/\/arantv.az\/index.php?rest_route=\/wp\/v2\/types\/post"}],"author":[{"embeddable":true,"href":"https:\/\/arantv.az\/index.php?rest_route=\/wp\/v2\/users\/2"}],"replies":[{"embeddable":true,"href":"https:\/\/arantv.az\/index.php?rest_route=%2Fwp%2Fv2%2Fcomments&post=151148"}],"version-history":[{"count":0,"href":"https:\/\/arantv.az\/index.php?rest_route=\/wp\/v2\/posts\/151148\/revisions"}],"wp:featuredmedia":[{"embeddable":true,"href":"https:\/\/arantv.az\/index.php?rest_route=\/wp\/v2\/media\/151149"}],"wp:attachment":[{"href":"https:\/\/arantv.az\/index.php?rest_route=%2Fwp%2Fv2%2Fmedia&parent=151148"}],"wp:term":[{"taxonomy":"category","embeddable":true,"href":"https:\/\/arantv.az\/index.php?rest_route=%2Fwp%2Fv2%2Fcategories&post=151148"},{"taxonomy":"post_tag","embeddable":true,"href":"https:\/\/arantv.az\/index.php?rest_route=%2Fwp%2Fv2%2Ftags&post=151148"}],"curies":[{"name":"wp","href":"https:\/\/api.w.org\/{rel}","templated":true}]}}