{"id":151156,"date":"2020-04-15T12:03:59","date_gmt":"2020-04-15T09:03:59","guid":{"rendered":"http:\/\/arantv.az\/?p=151156"},"modified":"2020-04-15T12:03:59","modified_gmt":"2020-04-15T09:03:59","slug":"az%c9%99rbaycan-hec-kimd%c9%99n-asili-deyil-olk%c9%99mizin-iqtisadi-qudr%c9%99ti-%c9%99halinin-saglamligini-etibarli-s%c9%99kild%c9%99-qorumaga-imkan-verir","status":"publish","type":"post","link":"https:\/\/arantv.az\/?p=151156","title":{"rendered":"&#8220;Az\u0259rbaycan he\u00e7 kimd\u0259n as\u0131l\u0131 deyil, \u00f6lk\u0259mizin iqtisadi q\u00fcdr\u0259ti \u0259halinin sa\u011flaml\u0131\u011f\u0131n\u0131 etibarl\u0131 \u015f\u0259kild\u0259 qoruma\u011fa imkan verir&#8221;"},"content":{"rendered":"<blockquote><p><strong><em>Az\u0259rbaycan he\u00e7 kimd\u0259n as\u0131l\u0131 deyil, \u00f6lk\u0259mizin iqtisadi q\u00fcdr\u0259ti \u0259halinin sa\u011flaml\u0131\u011f\u0131n\u0131 etibarl\u0131 \u015f\u0259kild\u0259 qoruma\u011fa imkan verir. Prezident \u0130lham \u018fliyev t\u0259r\u0259find\u0259n d\u00fczg\u00fcn v\u0259 vaxt\u0131nda g\u00f6r\u00fclm\u00fc\u015f qabaqlay\u0131c\u0131 t\u0259dbirl\u0259r n\u0259tic\u0259sind\u0259 koronavirus pandemiyas\u0131n\u0131n \u00f6lk\u0259mizd\u0259 geni\u015f yay\u0131lmas\u0131n\u0131n qar\u015f\u0131s\u0131n\u0131 almaq v\u0259 v\u0259ziyy\u0259ti n\u0259zar\u0259t alt\u0131nda saxlamaq m\u00fcmk\u00fcn oldu.<\/em><\/strong><\/p><\/blockquote>\n<p>ARANTV.AZ x\u0259b\u0259r verir ki, bunu\u00a0<a href=\"https:\/\/az.trend.az\/\" target=\"_blank\" rel=\"noopener\">Trend<\/a>-\u0259 Milli M\u0259clisin Elm v\u0259 t\u0259hsil komit\u0259sinin s\u0259dri B\u0259xtiyar \u018fliyev deyib.<\/p>\n<p>B.\u018fliyev vur\u011fulay\u0131b ki, d\u00f6vl\u0259t ba\u015f\u00e7\u0131s\u0131 t\u0259r\u0259find\u0259n verilmi\u015f f\u0259rman v\u0259 s\u0259r\u0259ncamlar koronavirus pandemiyas\u0131n\u0131n \u0259haliy\u0259 v\u0259 biznes subyektl\u0259rin\u0259 t\u0259sirinin minimuma endirilm\u0259sin\u0259 \u015f\u0259rait yarad\u0131r:<\/p>\n<p>&#8220;\u018fhalinin sosial m\u00fcdafi\u0259sinin g\u00fccl\u0259ndirilm\u0259sin\u0259 y\u00f6n\u0259lmi\u015f operativ t\u0259dbirl\u0259r, biznesin qorunmas\u0131, ki\u00e7ik v\u0259 orta sahibkarlara maliyy\u0259 yard\u0131m\u0131n\u0131n edilm\u0259si, eyni zamanda i\u015f yerl\u0259rinin saxlan\u0131lmas\u0131 \u00fc\u00e7\u00fcn d\u00f6vl\u0259tin d\u0259st\u0259yinin g\u00f6st\u0259rilm\u0259si v\u0259 dig\u0259r geni\u015fmiqyasl\u0131 t\u0259dbirl\u0259r d\u00fcnyada \u00f6rn\u0259k ola bil\u0259c\u0259k v\u0259 g\u00f6zl\u0259nilm\u0259z hadis\u0259l\u0259r zaman\u0131 d\u00f6vl\u0259tin, xalq\u0131n m\u0259nafeyi, milli maraqlar bax\u0131m\u0131ndan g\u00f6r\u00fcl\u0259c\u0259k t\u0259dbirl\u0259r \u00fc\u00e7\u00fcn \u0259n g\u00f6z\u0259l n\u00fcmun\u0259dir. Art\u0131q d\u00fcnyan\u0131n bir s\u0131ra \u00f6lk\u0259l\u0259ri Az\u0259rbaycan\u0131n t\u0259cr\u00fcb\u0259sind\u0259n istifad\u0259 edir&#8221;.<\/p>\n<p>Komit\u0259 s\u0259dri vur\u011fulay\u0131b ki, Az\u0259rbaycan bu t\u0259dbirl\u0259ri \u00f6z daxili imkanlar\u0131 hesab\u0131na g\u00f6r\u00fcr, he\u00e7 kimd\u0259n yard\u0131m alm\u0131r:<\/p>\n<p>&#8220;Az\u0259rbaycan he\u00e7 kimd\u0259n as\u0131l\u0131 deyil, \u00f6lk\u0259mizin iqtisadi q\u00fcdr\u0259ti \u0259halinin sa\u011flaml\u0131\u011f\u0131n\u0131 etibarl\u0131 \u015f\u0259kild\u0259 qoruma\u011fa imkan verir. Prezident \u0130lham \u018fliyevin h\u0259yata ke\u00e7irdiyi bu siyas\u0259t Az\u0259rbaycan d\u00f6vl\u0259tinin m\u00fcst\u0259qilliyini v\u0259 t\u0259hl\u00fck\u0259sizliyini, xalq\u0131n firavan h\u0259yat\u0131n\u0131 t\u0259min ed\u0259n yegan\u0259 do\u011fru siyas\u0259tdir. Biz m\u0259cburi k\u00f6\u00e7k\u00fcnl\u0259r d\u0259 bu siyas\u0259ti tam d\u0259st\u0259kl\u0259yir v\u0259 C\u0259nab Prezident\u0259 b\u00fct\u00fcn bu g\u00f6rd\u00fcy\u00fc f\u0259dakar f\u0259aliyy\u0259t\u0259 g\u00f6r\u0259 \u00f6z minn\u0259tdarl\u0131\u011f\u0131m\u0131z\u0131 bildiririk&#8221;.<\/p>\n","protected":false},"excerpt":{"rendered":"<p>Az\u0259rbaycan he\u00e7 kimd\u0259n as\u0131l\u0131 deyil, \u00f6lk\u0259mizin iqtisadi q\u00fcdr\u0259ti \u0259halinin sa\u011flaml\u0131\u011f\u0131n\u0131 etibarl\u0131 \u015f\u0259kild\u0259 qoruma\u011fa imkan verir. Prezident \u0130lham \u018fliyev t\u0259r\u0259find\u0259n d\u00fczg\u00fcn v\u0259 vaxt\u0131nda g\u00f6r\u00fclm\u00fc\u015f qabaqlay\u0131c\u0131 t\u0259dbirl\u0259r n\u0259tic\u0259sind\u0259 koronavirus pandemiyas\u0131n\u0131n \u00f6lk\u0259mizd\u0259 geni\u015f yay\u0131lmas\u0131n\u0131n qar\u015f\u0131s\u0131n\u0131 almaq v\u0259 v\u0259ziyy\u0259ti n\u0259zar\u0259t alt\u0131nda saxlamaq m\u00fcmk\u00fcn oldu. ARANTV.AZ x\u0259b\u0259r verir ki, bunu\u00a0Trend-\u0259 Milli M\u0259clisin Elm v\u0259 t\u0259hsil komit\u0259sinin s\u0259dri B\u0259xtiyar \u018fliyev deyib. B.\u018fliyev vur\u011fulay\u0131b ki, d\u00f6vl\u0259t ba\u015f\u00e7\u0131s\u0131 t\u0259r\u0259find\u0259n verilmi\u015f f\u0259rman v\u0259 s\u0259r\u0259ncamlar koronavirus pandemiyas\u0131n\u0131n \u0259haliy\u0259 v\u0259 biznes subyektl\u0259rin\u0259 t\u0259sirinin minimuma endirilm\u0259sin\u0259 \u015f\u0259rait yarad\u0131r: &#8220;\u018fhalinin sosial m\u00fcdafi\u0259sinin g\u00fccl\u0259ndirilm\u0259sin\u0259 y\u00f6n\u0259lmi\u015f operativ t\u0259dbirl\u0259r, biznesin qorunmas\u0131, ki\u00e7ik v\u0259 orta sahibkarlara maliyy\u0259&hellip;<\/p>\n","protected":false},"author":2,"featured_media":151157,"comment_status":"closed","ping_status":"closed","sticky":false,"template":"","format":"standard","meta":{"om_disable_all_campaigns":false,"_monsterinsights_skip_tracking":false,"_monsterinsights_sitenote_active":false,"_monsterinsights_sitenote_note":"","_monsterinsights_sitenote_category":0},"categories":[19],"tags":[],"aioseo_notices":[],"gutentor_comment":0,"rttpg_featured_image_url":{"full":["https:\/\/arantv.az\/wp-content\/uploads\/2020\/04\/842192.jpg",800,600,false],"landscape":["https:\/\/arantv.az\/wp-content\/uploads\/2020\/04\/842192.jpg",800,600,false],"portraits":["https:\/\/arantv.az\/wp-content\/uploads\/2020\/04\/842192.jpg",800,600,false],"thumbnail":["https:\/\/arantv.az\/wp-content\/uploads\/2020\/04\/842192-150x150.jpg",150,150,true],"medium":["https:\/\/arantv.az\/wp-content\/uploads\/2020\/04\/842192-300x225.jpg",300,225,true],"large":["https:\/\/arantv.az\/wp-content\/uploads\/2020\/04\/842192.jpg",640,480,false],"1536x1536":["https:\/\/arantv.az\/wp-content\/uploads\/2020\/04\/842192.jpg",800,600,false],"2048x2048":["https:\/\/arantv.az\/wp-content\/uploads\/2020\/04\/842192.jpg",800,600,false],"post-thumbnail":["https:\/\/arantv.az\/wp-content\/uploads\/2020\/04\/842192-240x172.jpg",240,172,true],"advps-thumb-one":["https:\/\/arantv.az\/wp-content\/uploads\/2020\/04\/842192.jpg",800,600,false]},"rttpg_author":{"display_name":"V\u00fcsal Rafiqo\u011flu","author_link":"https:\/\/arantv.az\/?author=2"},"rttpg_comment":0,"rttpg_category":"<a href=\"https:\/\/arantv.az\/?cat=19\" rel=\"category\">G\u00fcnd\u0259m<\/a>","rttpg_excerpt":"Az\u0259rbaycan he\u00e7 kimd\u0259n as\u0131l\u0131 deyil, \u00f6lk\u0259mizin iqtisadi q\u00fcdr\u0259ti \u0259halinin sa\u011flaml\u0131\u011f\u0131n\u0131 etibarl\u0131 \u015f\u0259kild\u0259 qoruma\u011fa imkan verir. Prezident \u0130lham \u018fliyev t\u0259r\u0259find\u0259n d\u00fczg\u00fcn v\u0259 vaxt\u0131nda g\u00f6r\u00fclm\u00fc\u015f qabaqlay\u0131c\u0131 t\u0259dbirl\u0259r n\u0259tic\u0259sind\u0259 koronavirus pandemiyas\u0131n\u0131n \u00f6lk\u0259mizd\u0259 geni\u015f yay\u0131lmas\u0131n\u0131n qar\u015f\u0131s\u0131n\u0131 almaq v\u0259 v\u0259ziyy\u0259ti n\u0259zar\u0259t alt\u0131nda saxlamaq m\u00fcmk\u00fcn oldu. ARANTV.AZ x\u0259b\u0259r verir ki, bunu\u00a0Trend-\u0259 Milli M\u0259clisin Elm v\u0259 t\u0259hsil komit\u0259sinin s\u0259dri B\u0259xtiyar \u018fliyev deyib.&hellip;","_links":{"self":[{"href":"https:\/\/arantv.az\/index.php?rest_route=\/wp\/v2\/posts\/151156"}],"collection":[{"href":"https:\/\/arantv.az\/index.php?rest_route=\/wp\/v2\/posts"}],"about":[{"href":"https:\/\/arantv.az\/index.php?rest_route=\/wp\/v2\/types\/post"}],"author":[{"embeddable":true,"href":"https:\/\/arantv.az\/index.php?rest_route=\/wp\/v2\/users\/2"}],"replies":[{"embeddable":true,"href":"https:\/\/arantv.az\/index.php?rest_route=%2Fwp%2Fv2%2Fcomments&post=151156"}],"version-history":[{"count":0,"href":"https:\/\/arantv.az\/index.php?rest_route=\/wp\/v2\/posts\/151156\/revisions"}],"wp:featuredmedia":[{"embeddable":true,"href":"https:\/\/arantv.az\/index.php?rest_route=\/wp\/v2\/media\/151157"}],"wp:attachment":[{"href":"https:\/\/arantv.az\/index.php?rest_route=%2Fwp%2Fv2%2Fmedia&parent=151156"}],"wp:term":[{"taxonomy":"category","embeddable":true,"href":"https:\/\/arantv.az\/index.php?rest_route=%2Fwp%2Fv2%2Fcategories&post=151156"},{"taxonomy":"post_tag","embeddable":true,"href":"https:\/\/arantv.az\/index.php?rest_route=%2Fwp%2Fv2%2Ftags&post=151156"}],"curies":[{"name":"wp","href":"https:\/\/api.w.org\/{rel}","templated":true}]}}