{"id":151160,"date":"2020-04-15T12:06:09","date_gmt":"2020-04-15T09:06:09","guid":{"rendered":"http:\/\/arantv.az\/?p=151160"},"modified":"2020-04-15T12:06:09","modified_gmt":"2020-04-15T09:06:09","slug":"dovl%c9%99t-oz-v%c9%99t%c9%99ndasinin-yanindadir","status":"publish","type":"post","link":"https:\/\/arantv.az\/?p=151160","title":{"rendered":"D\u00f6vl\u0259t \u00f6z v\u0259t\u0259nda\u015f\u0131n\u0131n yan\u0131ndad\u0131r"},"content":{"rendered":"<div>\n<p><strong>\u201cPrezident \u0130lham \u018fliyevin d\u00fcnyada t\u00fc\u011fyan ed\u0259n koronavirus pandemiyas\u0131n\u0131n Az\u0259rbaycanda geni\u015f yay\u0131lmas\u0131n\u0131n qar\u015f\u0131s\u0131n\u0131n al\u0131n\u00admas\u0131, insanlar\u0131n sa\u011flaml\u0131\u011f\u0131n\u0131n qorunmas\u0131 il\u0259 ba\u011fl\u0131 verdiyi q\u0259rarlar v\u0259t\u0259nda\u015flar\u0131m\u0131z t\u0259r\u0259find\u0259n b\u00f6y\u00fck r\u0259\u011fb\u0259tl\u0259 qar\u015f\u0131lan\u0131r . Bu t\u0259hl\u00fck\u0259li virusla ba\u011fl\u0131 v\u0259ziyy\u0259t d\u00f6vl\u0259t ba\u015f\u00e7\u0131s\u0131n\u0131n ciddi n\u0259zar\u0259ti alt\u0131ndad\u0131r v\u0259 \u0259halinin sa\u011flaml\u0131\u011f\u0131n\u0131n qorunmas\u0131 il\u0259 ba\u011fl\u0131 b\u00fct\u00fcn imkanlardan istifad\u0259 edilir, qabaqlay\u0131c\u0131 t\u0259dbirl\u0259r g\u00f6r\u00fcl\u00fcr. Bu g\u00fcn \u0259sas m\u0259s\u0259l\u0259l\u0259rd\u0259n biri d\u0259 he\u00e7 bir \u0259sas\u0131 olmayan dezinformasiyalara inanmamaqd\u0131r\u201d.<\/strong><\/p>\n<p>Bu fikri Demokratiya v\u0259 \u0130nsan Haqlar\u0131 Komit\u0259sinin s\u0259dri, h\u00fcquq \u00fczr\u0259 f\u0259ls\u0259f\u0259 doktoru \u00c7ingiz Q\u0259nizad\u0259 bildirdi.<\/p>\n<\/div>\n<p>O dedi ki, \u00f6t\u0259n ill\u0259rd\u0259 d\u0259 d\u0259f\u0259l\u0259rl\u0259 \u00f6lk\u0259d\u0259 ba\u015f ver\u0259n t\u0259bii f\u0259lak\u0259tl\u0259r zaman\u0131 d\u00f6vl\u0259t h\u0259r zaman \u00f6z v\u0259t\u0259nda\u015flar\u0131n\u0131n yan\u0131nda olub v\u0259 insanlara d\u0259y\u0259n z\u0259r\u0259ri b\u00fct\u00fcnl\u00fckl\u0259 \u00f6z \u00fcz\u0259rin\u0259 g\u00f6t\u00fcr\u00fcb. Koronavirus pandemiyas\u0131 ba\u015f qald\u0131ran g\u00fcnd\u0259n b\u0259ri d\u00f6vl\u0259t ba\u015f\u00e7\u0131m\u0131z\u0131n h\u0259yata ke\u00e7irdiyi t\u0259dbirl\u0259r, q\u0259bul etdiyi q\u0259rarlar da bunu t\u0259sdiql\u0259yir: \u201cH\u0259tta Az\u0259rbaycan\u0131n s\u0259dr \u00f6lk\u0259 kimi T\u00fcrkdilli D\u00f6vl\u0259tl\u0259rin \u018fm\u0259kda\u015fl\u0131q \u015euras\u0131n\u0131n videokonfrans vasit\u0259sil\u0259 ke\u00e7iril\u0259n f\u00f6vq\u0259lad\u0259 zirv\u0259 g\u00f6r\u00fc\u015f\u00fc d\u0259 b\u00fct\u00fcnl\u00fckl\u0259 koronavirusla m\u00fcbariz\u0259y\u0259 h\u0259sr olunmu\u015fdu. Bu t\u0259\u015f\u0259bb\u00fcs d\u0259 Az\u0259rbaycan Prezidenti, T\u00fcrkdilli D\u00f6vl\u0259tl\u0259rin \u018fm\u0259kda\u015fl\u0131q \u015euras\u0131n\u0131n s\u0259dri c\u0259nab \u0130lham \u018fliyev t\u0259r\u0259find\u0259n ir\u0259li s\u00fcr\u00fclm\u00fc\u015fd\u00fc v\u0259 t\u0259\u015fkilat\u0131n \u00fczv d\u00f6vl\u0259tl\u0259ri t\u0259r\u0259find\u0259n d\u0259st\u0259kl\u0259nmi\u015fdi\u201d. M\u00f6ht\u0259r\u0259m Prezidentimizin qeyd etdiyi kimi, T\u00fcrk \u015euras\u0131 d\u00fcnya miqyas\u0131nda ilk beyn\u0259lxalq t\u0259\u015fkilatd\u0131r ki, d\u00f6vl\u0259t ba\u015f\u00e7\u0131lar\u0131 s\u0259viyy\u0259sind\u0259 COVID-19 pandemiyas\u0131na h\u0259sr olunmu\u015f Zirv\u0259 g\u00f6r\u00fc\u015f\u00fcn\u00fc ke\u00e7irir: \u201cBu, t\u00fcrkdilli d\u00f6vl\u0259tl\u0259rin d\u00fcnya birliyind\u0259 n\u00fcmun\u0259vi s\u0259viyy\u0259d\u0259 olan h\u0259mr\u0259yliyinin bariz t\u0259zah\u00fcr\u00fcd\u00fcr. D\u00f6vl\u0259timizin ba\u015f\u00e7\u0131s\u0131 bu h\u0259mr\u0259yliyi, ilk n\u00f6vbv\u0259d\u0259, t\u00fcrkdilli xalqlar\u0131 birl\u0259\u015fdir\u0259n ortaq soyk\u00f6k, tarix, m\u0259d\u0259niyy\u0259t v\u0259 milli d\u0259y\u0259rl\u0259rl\u0259 \u0259laq\u0259l\u0259ndirdi. Dedi ki, b\u00fct\u00fcn bunlar qar\u015f\u0131l\u0131ql\u0131 s\u0259m\u0259r\u0259li f\u0259aliyy\u0259timiz \u00fc\u00e7\u00fcn m\u00fch\u00fcm \u0259sasd\u0131r\u201d.<\/p>\n<p>\u00dcmumd\u00fcnya S\u0259hiyy\u0259 T\u0259\u015fkilat\u0131n\u0131n ba\u015f direktoru, doktor Tedros Adhanom Qebreyesusun da i\u015ftirak etdiyi zirv\u0259 g\u00f6r\u00fc\u015f\u00fcnd\u0259 Prezident \u0130lham \u018fliyevin \u00e7\u0131x\u0131\u015f\u0131na m\u00fcnasib\u0259t bildir\u0259n \u00c7.Q\u0259nizad\u0259 d\u00f6vl\u0259timizin ba\u015f\u00e7\u0131s\u0131n\u0131n \u00f6lk\u0259mizd\u0259 koronavirusa qar\u015f\u0131 apar\u0131lan m\u00fcbariz\u0259 il\u0259 \u0259laq\u0259dar geni\u015f m\u0259lumat verdiyini vur\u011fulad\u0131: \u201c \u0130lk n\u00f6vb\u0259d\u0259, \u0259halinin sosial m\u00fcdafi\u0259sinin daha da g\u00fccl\u0259ndirilm\u0259si istiqam\u0259tind\u0259 g\u00f6r\u00fcl\u0259n i\u015fl\u0259r diqq\u0259t\u0259 \u00e7atd\u0131r\u0131ld\u0131. Bununla \u0259laq\u0259dar art\u0131q t\u0259dbirl\u0259r plan\u0131n\u0131n da haz\u0131rland\u0131\u011f\u0131n\u0131 bildirdi. Bu proqramlarda iqtisadi art\u0131m\u0131n davam etm\u0259sin\u0259 d\u0259st\u0259k m\u0259qs\u0259dil\u0259 f\u0259aliyy\u0259ti m\u00fcv\u0259qq\u0259ti dayand\u0131r\u0131lm\u0131\u015f sah\u0259l\u0259rd\u0259 \u00e7al\u0131\u015fan muzdlu i\u015f\u00e7il\u0259r\u0259 \u0259m\u0259khaqq\u0131 \u00f6d\u0259ni\u015fl\u0259ri v\u0259 f\u0259rdi sahibkarlara d\u0259ymi\u015f z\u0259r\u0259rin m\u00fc\u0259yy\u0259n hiss\u0259sinin d\u00f6vl\u0259t hesab\u0131na qar\u015f\u0131lanmas\u0131 \u00fc\u00e7\u00fcn maliyy\u0259 d\u0259st\u0259yinin g\u00f6st\u0259rilm\u0259si n\u0259z\u0259rd\u0259 tutulur. Art\u0131q h\u0259min istiqam\u0259td\u0259 ayr\u0131lm\u0131\u015f v\u0259saitl\u0259rin \u00fcnvanlar\u0131na \u00e7atd\u0131r\u0131lmas\u0131 prosesin\u0259 start verilib. M\u0259nd\u0259 olan m\u0259lumata g\u00f6r\u0259, qeydiyyata d\u00fc\u015fm\u00fc\u015f i\u015fsizl\u0259r \u00fc\u00e7\u00fcn art\u0131q bird\u0259f\u0259lik 190 manat \u00f6d\u0259nilm\u0259sin\u0259 ba\u015flan\u0131l\u0131b. Bu vaxta q\u0259d\u0259r 55 min i\u015fsiz bu imkandan yararlan\u0131b\u201d.<\/p>\n<p>H\u00fcquq m\u00fcdafi\u0259\u00e7isi bildirdi ki, \u00f6lk\u0259miz t\u0259kc\u0259 \u00f6z v\u0259t\u0259nda\u015flar\u0131n\u0131n deyil, d\u00fcnyadak\u0131 b\u00fct\u00fcn insanlar\u0131n bu virusdan qorunmas\u0131na \u00f6z d\u0259st\u0259yini \u0259sirg\u0259mir. M\u0259hz bu m\u0259qs\u0259dl\u0259 \u00dcmumd\u00fcnya S\u0259hiyy\u0259 T\u0259\u015fkilat\u0131na 5 milyon dollar ian\u0259 verilib: \u201cVideokonfransda \u00e7\u0131x\u0131\u015f ed\u0259n \u00dcST-\u00fcn ba\u015f direktoru, doktor Tedros Adhanom Qebreyesus bu humanist add\u0131ma g\u00f6r\u0259 \u00f6lk\u0259 Prezidentin\u0259, Az\u0259rbaycan h\u00f6kum\u0259tin\u0259 t\u0259\u015f\u0259kk\u00fcr etdi\u201d. Komit\u0259 s\u0259dri vur\u011fulad\u0131 ki, koronavirusla ba\u011fl\u0131 m\u00fcbariz\u0259d\u0259 h\u0259r bir v\u0259t\u0259nda\u015f\u0131n \u00fcz\u0259rin\u0259 m\u00fch\u00fcm m\u0259suliyy\u0259t d\u00fc\u015f\u00fcr. \u00c7\u00fcnki bu virusa qar\u015f\u0131 m\u00fcbariz\u0259 \u00fcmummilli, d\u00f6vl\u0259t t\u0259hl\u00fck\u0259sizliyi il\u0259 ba\u011fl\u0131 olan m\u0259s\u0259l\u0259dir. O, d\u00f6vl\u0259timizin bu t\u0259hl\u00fck\u0259d\u0259n d\u0259 aln\u0131a\u00e7\u0131q, \u00fcz\u00fca\u011f \u00e7\u0131xaca\u011f\u0131na \u0259minliyini bildirdi.<\/p>\n<p><strong><em>S\u00f6hb\u0259ti q\u0259l\u0259m\u0259 ald\u0131:<\/em><\/strong><br \/>\n<strong><em>\u018fliqism\u0259t B\u018fD\u018fLOV,<\/em><\/strong><br \/>\n<strong><em>\u201cXalq q\u0259zeti\u201d<\/em><\/strong><\/p>\n","protected":false},"excerpt":{"rendered":"<p>\u201cPrezident \u0130lham \u018fliyevin d\u00fcnyada t\u00fc\u011fyan ed\u0259n koronavirus pandemiyas\u0131n\u0131n Az\u0259rbaycanda geni\u015f yay\u0131lmas\u0131n\u0131n qar\u015f\u0131s\u0131n\u0131n al\u0131n\u00admas\u0131, insanlar\u0131n sa\u011flaml\u0131\u011f\u0131n\u0131n qorunmas\u0131 il\u0259 ba\u011fl\u0131 verdiyi q\u0259rarlar v\u0259t\u0259nda\u015flar\u0131m\u0131z t\u0259r\u0259find\u0259n b\u00f6y\u00fck r\u0259\u011fb\u0259tl\u0259 qar\u015f\u0131lan\u0131r . Bu t\u0259hl\u00fck\u0259li virusla ba\u011fl\u0131 v\u0259ziyy\u0259t d\u00f6vl\u0259t ba\u015f\u00e7\u0131s\u0131n\u0131n ciddi n\u0259zar\u0259ti alt\u0131ndad\u0131r v\u0259 \u0259halinin sa\u011flaml\u0131\u011f\u0131n\u0131n qorunmas\u0131 il\u0259 ba\u011fl\u0131 b\u00fct\u00fcn imkanlardan istifad\u0259 edilir, qabaqlay\u0131c\u0131 t\u0259dbirl\u0259r g\u00f6r\u00fcl\u00fcr. Bu g\u00fcn \u0259sas m\u0259s\u0259l\u0259l\u0259rd\u0259n biri d\u0259 he\u00e7 bir \u0259sas\u0131 olmayan dezinformasiyalara inanmamaqd\u0131r\u201d. Bu fikri Demokratiya v\u0259 \u0130nsan Haqlar\u0131 Komit\u0259sinin s\u0259dri, h\u00fcquq \u00fczr\u0259 f\u0259ls\u0259f\u0259 doktoru \u00c7ingiz Q\u0259nizad\u0259 bildirdi. O dedi ki, \u00f6t\u0259n ill\u0259rd\u0259 d\u0259 d\u0259f\u0259l\u0259rl\u0259 \u00f6lk\u0259d\u0259 ba\u015f ver\u0259n t\u0259bii f\u0259lak\u0259tl\u0259r zaman\u0131 d\u00f6vl\u0259t&hellip;<\/p>\n","protected":false},"author":2,"featured_media":151161,"comment_status":"closed","ping_status":"closed","sticky":false,"template":"","format":"standard","meta":{"om_disable_all_campaigns":false,"_monsterinsights_skip_tracking":false,"_monsterinsights_sitenote_active":false,"_monsterinsights_sitenote_note":"","_monsterinsights_sitenote_category":0},"categories":[19],"tags":[],"aioseo_notices":[],"gutentor_comment":0,"rttpg_featured_image_url":{"full":["https:\/\/arantv.az\/wp-content\/uploads\/2020\/04\/496a1ccee128975a1c4886b44fd3e3e4.jpg",450,300,false],"landscape":["https:\/\/arantv.az\/wp-content\/uploads\/2020\/04\/496a1ccee128975a1c4886b44fd3e3e4.jpg",450,300,false],"portraits":["https:\/\/arantv.az\/wp-content\/uploads\/2020\/04\/496a1ccee128975a1c4886b44fd3e3e4.jpg",450,300,false],"thumbnail":["https:\/\/arantv.az\/wp-content\/uploads\/2020\/04\/496a1ccee128975a1c4886b44fd3e3e4-150x150.jpg",150,150,true],"medium":["https:\/\/arantv.az\/wp-content\/uploads\/2020\/04\/496a1ccee128975a1c4886b44fd3e3e4-300x200.jpg",300,200,true],"large":["https:\/\/arantv.az\/wp-content\/uploads\/2020\/04\/496a1ccee128975a1c4886b44fd3e3e4.jpg",450,300,false],"1536x1536":["https:\/\/arantv.az\/wp-content\/uploads\/2020\/04\/496a1ccee128975a1c4886b44fd3e3e4.jpg",450,300,false],"2048x2048":["https:\/\/arantv.az\/wp-content\/uploads\/2020\/04\/496a1ccee128975a1c4886b44fd3e3e4.jpg",450,300,false],"post-thumbnail":["https:\/\/arantv.az\/wp-content\/uploads\/2020\/04\/496a1ccee128975a1c4886b44fd3e3e4-240x172.jpg",240,172,true],"advps-thumb-one":["https:\/\/arantv.az\/wp-content\/uploads\/2020\/04\/496a1ccee128975a1c4886b44fd3e3e4.jpg",450,300,false]},"rttpg_author":{"display_name":"V\u00fcsal Rafiqo\u011flu","author_link":"https:\/\/arantv.az\/?author=2"},"rttpg_comment":0,"rttpg_category":"<a href=\"https:\/\/arantv.az\/?cat=19\" rel=\"category\">G\u00fcnd\u0259m<\/a>","rttpg_excerpt":"\u201cPrezident \u0130lham \u018fliyevin d\u00fcnyada t\u00fc\u011fyan ed\u0259n koronavirus pandemiyas\u0131n\u0131n Az\u0259rbaycanda geni\u015f yay\u0131lmas\u0131n\u0131n qar\u015f\u0131s\u0131n\u0131n al\u0131n\u00admas\u0131, insanlar\u0131n sa\u011flaml\u0131\u011f\u0131n\u0131n qorunmas\u0131 il\u0259 ba\u011fl\u0131 verdiyi q\u0259rarlar v\u0259t\u0259nda\u015flar\u0131m\u0131z t\u0259r\u0259find\u0259n b\u00f6y\u00fck r\u0259\u011fb\u0259tl\u0259 qar\u015f\u0131lan\u0131r . Bu t\u0259hl\u00fck\u0259li virusla ba\u011fl\u0131 v\u0259ziyy\u0259t d\u00f6vl\u0259t ba\u015f\u00e7\u0131s\u0131n\u0131n ciddi n\u0259zar\u0259ti alt\u0131ndad\u0131r v\u0259 \u0259halinin sa\u011flaml\u0131\u011f\u0131n\u0131n qorunmas\u0131 il\u0259 ba\u011fl\u0131 b\u00fct\u00fcn imkanlardan istifad\u0259 edilir, qabaqlay\u0131c\u0131 t\u0259dbirl\u0259r g\u00f6r\u00fcl\u00fcr. Bu g\u00fcn \u0259sas m\u0259s\u0259l\u0259l\u0259rd\u0259n biri d\u0259&hellip;","_links":{"self":[{"href":"https:\/\/arantv.az\/index.php?rest_route=\/wp\/v2\/posts\/151160"}],"collection":[{"href":"https:\/\/arantv.az\/index.php?rest_route=\/wp\/v2\/posts"}],"about":[{"href":"https:\/\/arantv.az\/index.php?rest_route=\/wp\/v2\/types\/post"}],"author":[{"embeddable":true,"href":"https:\/\/arantv.az\/index.php?rest_route=\/wp\/v2\/users\/2"}],"replies":[{"embeddable":true,"href":"https:\/\/arantv.az\/index.php?rest_route=%2Fwp%2Fv2%2Fcomments&post=151160"}],"version-history":[{"count":0,"href":"https:\/\/arantv.az\/index.php?rest_route=\/wp\/v2\/posts\/151160\/revisions"}],"wp:featuredmedia":[{"embeddable":true,"href":"https:\/\/arantv.az\/index.php?rest_route=\/wp\/v2\/media\/151161"}],"wp:attachment":[{"href":"https:\/\/arantv.az\/index.php?rest_route=%2Fwp%2Fv2%2Fmedia&parent=151160"}],"wp:term":[{"taxonomy":"category","embeddable":true,"href":"https:\/\/arantv.az\/index.php?rest_route=%2Fwp%2Fv2%2Fcategories&post=151160"},{"taxonomy":"post_tag","embeddable":true,"href":"https:\/\/arantv.az\/index.php?rest_route=%2Fwp%2Fv2%2Ftags&post=151160"}],"curies":[{"name":"wp","href":"https:\/\/api.w.org\/{rel}","templated":true}]}}