{"id":151176,"date":"2020-04-15T13:01:20","date_gmt":"2020-04-15T10:01:20","guid":{"rendered":"http:\/\/arantv.az\/?p=151176"},"modified":"2020-04-15T13:01:20","modified_gmt":"2020-04-15T10:01:20","slug":"s%c9%99m%c9%99d-seyidov-aspa-h%c9%99mm%c9%99ruz%c9%99cil%c9%99ri-dagliq-qarabagda-kecirilmis-qondarma-seckil%c9%99ri-tanimir","status":"publish","type":"post","link":"https:\/\/arantv.az\/?p=151176","title":{"rendered":"S\u0259m\u0259d Seyidov: \u201cA\u015ePA h\u0259mm\u0259ruz\u0259\u00e7il\u0259ri Da\u011fl\u0131q Qaraba\u011fda ke\u00e7irilmi\u015f qondarma \u201cse\u00e7kil\u0259r&#8221;i tan\u0131m\u0131r\u201d"},"content":{"rendered":"<p>\u201cA\u015ePA h\u0259mm\u0259ruz\u0259\u00e7il\u0259ri Da\u011fl\u0131q Qaraba\u011fda ke\u00e7irilmi\u015f qondarma \u201cse\u00e7kil\u0259r\u201di tan\u0131mad\u0131qlar\u0131n\u0131 bildiribl\u0259r&#8221;.<\/p>\n<p>APA-n\u0131n m\u0259lumat\u0131na g\u00f6r\u0259, bunu Milli M\u0259clisin Beyn\u0259lxalq m\u00fcnasib\u0259tl\u0259r v\u0259 parlamentl\u0259raras\u0131 \u0259laq\u0259l\u0259r komit\u0259sinin s\u0259dri, Avropa \u015euras\u0131 Parlament Assambleyas\u0131nda (A\u015ePA) Az\u0259rbaycan n\u00fcmay\u0259nd\u0259 hey\u0259tinin r\u0259hb\u0259ri S\u0259m\u0259d Seyidov deyib.<\/p>\n<p>\u201cM\u0259lum oldu\u011fu kimi, haz\u0131rk\u0131 d\u00f6vrd\u0259 ham\u0131m\u0131z \u00fc\u00e7\u00fcn beyn\u0259lxalq \u0259laq\u0259l\u0259rin h\u0259yata ke\u00e7irilm\u0259si o q\u0259d\u0259r d\u0259 asan deyil. \u00c7\u00fcnki d\u00fcnyada ba\u015f ver\u0259n hadis\u0259l\u0259r, x\u00fcsusil\u0259 koronavirus pandemiyas\u0131 il\u0259 \u0259laq\u0259dar h\u0259yat t\u0259rzimizin d\u0259yi\u015fm\u0259si tamamil\u0259 yeni reall\u0131qlar\u0131n g\u00fcnd\u0259m\u0259 g\u0259tirilm\u0259sini \u015f\u0259rtl\u0259ndirib. Bu n\u00f6qteyi-n\u0259z\u0259rd\u0259n, beyn\u0259lxalq t\u0259\u015fkilatlar da k\u0259narda qalmay\u0131b. Bildiyiniz kimi, beyn\u0259lxalq t\u0259\u015fkilatlar\u0131n bir qismi art\u0131q f\u0259aliyy\u0259tl\u0259rini tam, b\u0259zil\u0259ri is\u0259 qism\u0259n dayand\u0131r\u0131b.<\/p>\n<div id=\"AdviadNativeVideo0\" class=\"AdviadNativeVideo\">\n<div id=\"NMCallButton-box\">\n<div class=\"NMCall-left\"><\/div>\n<div>\u00a0Beyn\u0259lxalq t\u0259\u015fkilatlarda i\u015fin n\u0259 vaxt normal \u015f\u0259kild\u0259 b\u0259rpa olunaca\u011f\u0131 h\u0259l\u0259 bilinmir. Ancaq buna baxmayaraq, bizim \u00fc\u00e7\u00fcn Az\u0259rbaycan Prezidenti \u0130lham \u018fliyevin alt\u0131nc\u0131 \u00e7a\u011f\u0131r\u0131\u015f Milli M\u0259clisin ilk iclas\u0131ndak\u0131 nitqi, x\u00fcsusil\u0259 d\u0259 xarici siyas\u0259tin apar\u0131lmas\u0131 prinsipl\u0259ri il\u0259 ba\u011fl\u0131 fikirl\u0259ri \u0259sasd\u0131r. Beyn\u0259lxalq m\u00fcnasib\u0259tl\u0259rin faktiki onlayn rejim\u0259 ke\u00e7diyi indiki v\u0259ziyy\u0259td\u0259 d\u0259 biz \u00f6z f\u0259aliyy\u0259timizi davam etdiririk. X\u00fcsusil\u0259, bu f\u0259aliyy\u0259t ona g\u00f6r\u0259 vacibdir ki, b\u0259zi q\u00fcvv\u0259l\u0259r h\u0259tta bel\u0259 bir v\u0259ziyy\u0259td\u0259n istifad\u0259 ed\u0259 v\u0259 Az\u0259rbaycana qar\u015f\u0131 h\u0259r hans\u0131 t\u0259xribatla m\u0259\u015f\u011ful ola bil\u0259rl\u0259r. Bildiyiniz kimi, bir ne\u00e7\u0259 g\u00fcn \u0259vv\u0259l Avropa \u015euras\u0131 Parlament Assambleyas\u0131n\u0131n h\u0259mm\u0259ruz\u0259\u00e7il\u0259rinin subyektivlikl\u0259 dolu v\u0259 \u0259m\u0259kda\u015fl\u0131qdan uzaq m\u00f6vqeyi il\u0259 \u0259laq\u0259dar A\u015ePA-n\u0131n prezidentin\u0259 v\u0259 h\u0259mm\u0259ruz\u0259\u00e7il\u0259rin \u00f6zl\u0259rin\u0259 k\u0259skin m\u0259ktub g\u00f6nd\u0259rmi\u015fdik. M\u0259ktubda qeyd edilib ki, bu c\u00fcr \u0259m\u0259kda\u015fl\u0131q m\u00fcmk\u00fcn deyil, ikit\u0259r\u0259fli \u0259laq\u0259l\u0259r, ilk n\u00f6vb\u0259d\u0259, bir-birimizl\u0259 m\u0259sl\u0259h\u0259tl\u0259\u015fm\u0259, fikir m\u00fcbadil\u0259si, dialoq yaradan add\u0131mlarla m\u00fc\u015fayi\u0259t olunmal\u0131d\u0131r. X\u00fcsusil\u0259 vur\u011fulan\u0131b ki, A\u015ePA Da\u011fl\u0131q Qaraba\u011f probleminin h\u0259lli il\u0259 birba\u015fa m\u0259\u015f\u011ful olmur v\u0259 bu mandat AT\u018fT-in Minsk qrupundad\u0131r, Avropa \u015euras\u0131 v\u0259 onun Parlament Assambleyas\u0131 m\u0259s\u0259l\u0259 il\u0259 ba\u011fl\u0131 m\u00fcnasib\u0259ti 2005-ci ild\u0259 q\u0259bul etdiyi 1416 n\u00f6mr\u0259li q\u0259tnam\u0259d\u0259 birm\u0259nal\u0131 \u015f\u0259kild\u0259 bildirib\u201d, &#8211; dey\u0259 S.Seyidov vur\u011fulay\u0131b.<\/div>\n<\/div>\n<\/div>\n<p>D\u00fcn\u0259n ax\u015fam A\u015ePA Monitorinq Komit\u0259sinin Az\u0259rbaycan \u00fczr\u0259 h\u0259mm\u0259ruz\u0259\u00e7il\u0259ri Stefan \u015eennak v\u0259 Rocer Qeyld\u0259n m\u0259ktub ald\u0131\u011f\u0131n\u0131 diqq\u0259t\u0259 \u00e7atd\u0131ran S\u0259m\u0259d Seyidov deyib ki, h\u0259min m\u0259ktubda Az\u0259rbaycan\u0131n i\u015f\u011fal olunmu\u015f Da\u011fl\u0131q Qaraba\u011f b\u00f6lg\u0259sind\u0259 mart\u0131n 31-d\u0259 ke\u00e7irilmi\u015f qondarma \u201cse\u00e7kil\u0259r\u201dl\u0259 ba\u011fl\u0131 h\u0259mm\u0259ruz\u0259\u00e7il\u0259rin b\u0259yanat\u0131 \u0259ks olunub: &#8220;B\u0259yanatda h\u0259mm\u0259ruz\u0259\u00e7il\u0259r A\u015ePA-n\u0131n 1416 sayl\u0131 q\u0259tnam\u0259sini tam \u015f\u0259kild\u0259 d\u0259st\u0259kl\u0259yir v\u0259 eyni m\u00f6vqed\u0259n \u00e7\u0131x\u0131\u015f ed\u0259r\u0259k Da\u011fl\u0131q Qaraba\u011f kimi qeyri-qanuni bir qurumu tan\u0131mad\u0131qlar\u0131n\u0131 bildirirl\u0259r. Bundan ba\u015fqa, h\u0259mm\u0259ruz\u0259\u00e7il\u0259r AT\u018fT-in Minsk qrupunun 31 mart tarixli b\u0259yanat\u0131n\u0131 tam \u015f\u0259kild\u0259 d\u0259st\u0259kl\u0259dikl\u0259rini vur\u011fulayaraq ona qo\u015fulduqlar\u0131n\u0131 bildirirl\u0259r. M\u0259lum oldu\u011fu kimi, AT\u018fT-in Minsk qrupu Da\u011fl\u0131q Qaraba\u011fda ke\u00e7irilmi\u015f \u201cse\u00e7kil\u0259r\u201din tan\u0131nmamas\u0131 v\u0259 h\u0259min se\u00e7kil\u0259rin \u00fcmumi regiona x\u0259l\u0259l g\u0259tirm\u0259si il\u0259 ba\u011fl\u0131 b\u0259yanat yayd\u0131lar. A\u015ePA Monitorinq komit\u0259sinin bel\u0259 bir b\u0259yanat\u0131 bizim \u00fc\u00e7\u00fcn vacibdir. \u00c7\u00fcnki bir \u00e7ox hallarda biz g\u00f6r\u00fcr\u00fck ki, b\u0259z\u0259n bu m\u0259ruz\u0259\u00e7il\u0259r insan haqlar\u0131 il\u0259 ba\u011fl\u0131 m\u0259s\u0259l\u0259l\u0259ri qald\u0131r\u0131rlar, ancaq Az\u0259rbaycan torpaqlar\u0131n\u0131n i\u015f\u011fal\u0131 n\u0259tic\u0259sind\u0259 bir milyondan \u00e7ox qa\u00e7q\u0131n v\u0259 m\u0259cburi k\u00f6\u00e7k\u00fcn\u00fcn insan haqlar\u0131n\u0131n pozulmas\u0131 m\u0259s\u0259l\u0259sind\u0259 hans\u0131sa b\u0259han\u0259l\u0259r ortaya qoyaraq fikir bildirmirl\u0259r. Hesab edir\u0259m ki, Az\u0259rbaycan\u0131n konkret v\u0259 a\u00e7\u0131q m\u00fcnasib\u0259ti, d\u00f6vl\u0259timizin ba\u015f\u00e7\u0131s\u0131 t\u0259r\u0259find\u0259n biz\u0259 t\u00f6vsiy\u0259 olundu\u011fu kimi, milli maraqlar\u0131m\u0131za uy\u011fun siyas\u0259tin y\u00fcr\u00fcd\u00fclm\u0259si, el\u0259c\u0259 d\u0259 bizim A\u015ePA prezidentin\u0259 \u00fcnvanlad\u0131\u011f\u0131m\u0131z m\u0259ktubda \u0259ks olunan fikirl\u0259r m\u0259hz h\u0259mm\u0259ruz\u0259\u00e7il\u0259rin bel\u0259 bir reaksiyas\u0131na \u0259sas yaratd\u0131. \u0130kincisi, A\u015ePA-n\u0131n prezidenti d\u0259 biz\u0259 bu yax\u0131nlarda \u00fcnvanlad\u0131\u011f\u0131 m\u0259ktubda m\u0259ruz\u0259\u00e7il\u0259rin Az\u0259rbaycan n\u00fcmay\u0259nd\u0259 hey\u0259ti, Az\u0259rbaycan\u0131n d\u00f6vl\u0259t v\u0259 h\u00f6kum\u0259t r\u0259smil\u0259ri il\u0259 \u0259m\u0259kda\u015fl\u0131\u011f\u0131n\u0131n konstruktiv \u015f\u0259kild\u0259 t\u0259\u015fkil olunmas\u0131n\u0131 \u0259laq\u0259l\u0259rin inki\u015faf\u0131 \u00fc\u00e7\u00fcn \u0259n \u0259sas m\u0259qamlardan biri kimi qiym\u0259tl\u0259ndirib. Hesab edir\u0259m ki, A\u015ePA-n\u0131n yeni prezidentinin bu fikri d\u0259st\u0259kl\u0259nm\u0259lidir.<\/p>\n<p>Bir s\u00f6zl\u0259, Az\u0259rbaycan \u00fczr\u0259 h\u0259mm\u0259ruz\u0259\u00e7il\u0259rin g\u00f6nd\u0259rdikl\u0259ri m\u0259ktub, h\u0259min m\u0259ktubda Da\u011fl\u0131q Qaraba\u011f\u0131n m\u00fcst\u0259qil qurum kimi tan\u0131nmamas\u0131, i\u015f\u011fal\u00e7\u0131 rejimin qeyri-legitim olmas\u0131, AT\u018fT-in Minsk qrupunun b\u0259yanat\u0131na tam d\u0259st\u0259k verilm\u0259si il\u0259 ba\u011fl\u0131 ifad\u0259 olunan m\u00f6vqe bizim konkret, a\u00e7\u0131q, s\u0259mimi v\u0259 s\u0259rt m\u00f6vqeyimizin n\u0259tic\u0259sidir\u201d.<\/p>\n<p>Qeyd ed\u0259k ki, bir \u00e7ox d\u00f6vl\u0259tl\u0259r, beyn\u0259lxalq v\u0259 regional t\u0259\u015fkilatlar, o c\u00fcml\u0259d\u0259n AT\u018fT, Avropa \u0130ttifaq\u0131, Avropa Parlamenti, \u0130slam \u018fm\u0259kda\u015fl\u0131q T\u0259\u015fkilat\u0131, NATO, AT\u018fT Parlament Assambleyas\u0131, T\u00fcrkdilli D\u00f6vl\u0259tl\u0259rin \u018fm\u0259kda\u015fl\u0131q \u015euras\u0131, GUAM, indi d\u0259 A\u015ePA Da\u011fl\u0131q Qaraba\u011fda ke\u00e7iril\u0259n \u201cse\u00e7kil\u0259r\u201din qeyri-qanuni v\u0259 qeyri-legitim hesab olundu\u011funu bildiribl\u0259r. H\u0259min d\u00f6vl\u0259tl\u0259r v\u0259 t\u0259\u015fkilatlar bu \u201cse\u00e7kil\u0259r\u201di he\u00e7 bir halda tan\u0131mad\u0131qlar\u0131n\u0131 b\u0259yan edibl\u0259r. Bununla da, Erm\u0259nistan\u0131n n\u00f6vb\u0259ti se\u00e7ki \u015fousu yenid\u0259n iflasa u\u011fray\u0131b.<\/p>\n","protected":false},"excerpt":{"rendered":"<p>\u201cA\u015ePA h\u0259mm\u0259ruz\u0259\u00e7il\u0259ri Da\u011fl\u0131q Qaraba\u011fda ke\u00e7irilmi\u015f qondarma \u201cse\u00e7kil\u0259r\u201di tan\u0131mad\u0131qlar\u0131n\u0131 bildiribl\u0259r&#8221;. APA-n\u0131n m\u0259lumat\u0131na g\u00f6r\u0259, bunu Milli M\u0259clisin Beyn\u0259lxalq m\u00fcnasib\u0259tl\u0259r v\u0259 parlamentl\u0259raras\u0131 \u0259laq\u0259l\u0259r komit\u0259sinin s\u0259dri, Avropa \u015euras\u0131 Parlament Assambleyas\u0131nda (A\u015ePA) Az\u0259rbaycan n\u00fcmay\u0259nd\u0259 hey\u0259tinin r\u0259hb\u0259ri S\u0259m\u0259d Seyidov deyib. \u201cM\u0259lum oldu\u011fu kimi, haz\u0131rk\u0131 d\u00f6vrd\u0259 ham\u0131m\u0131z \u00fc\u00e7\u00fcn beyn\u0259lxalq \u0259laq\u0259l\u0259rin h\u0259yata ke\u00e7irilm\u0259si o q\u0259d\u0259r d\u0259 asan deyil. \u00c7\u00fcnki d\u00fcnyada ba\u015f ver\u0259n hadis\u0259l\u0259r, x\u00fcsusil\u0259 koronavirus pandemiyas\u0131 il\u0259 \u0259laq\u0259dar h\u0259yat t\u0259rzimizin d\u0259yi\u015fm\u0259si tamamil\u0259 yeni reall\u0131qlar\u0131n g\u00fcnd\u0259m\u0259 g\u0259tirilm\u0259sini \u015f\u0259rtl\u0259ndirib. Bu n\u00f6qteyi-n\u0259z\u0259rd\u0259n, beyn\u0259lxalq t\u0259\u015fkilatlar da k\u0259narda qalmay\u0131b. Bildiyiniz kimi, beyn\u0259lxalq t\u0259\u015fkilatlar\u0131n bir qismi art\u0131q f\u0259aliyy\u0259tl\u0259rini tam, b\u0259zil\u0259ri is\u0259 qism\u0259n dayand\u0131r\u0131b. \u00a0Beyn\u0259lxalq&hellip;<\/p>\n","protected":false},"author":2,"featured_media":151177,"comment_status":"closed","ping_status":"closed","sticky":false,"template":"","format":"standard","meta":{"om_disable_all_campaigns":false,"_monsterinsights_skip_tracking":false,"_monsterinsights_sitenote_active":false,"_monsterinsights_sitenote_note":"","_monsterinsights_sitenote_category":0},"categories":[19],"tags":[],"aioseo_notices":[],"gutentor_comment":0,"rttpg_featured_image_url":{"full":["https:\/\/arantv.az\/wp-content\/uploads\/2020\/04\/semed.jpg",620,413,false],"landscape":["https:\/\/arantv.az\/wp-content\/uploads\/2020\/04\/semed.jpg",620,413,false],"portraits":["https:\/\/arantv.az\/wp-content\/uploads\/2020\/04\/semed.jpg",620,413,false],"thumbnail":["https:\/\/arantv.az\/wp-content\/uploads\/2020\/04\/semed-150x150.jpg",150,150,true],"medium":["https:\/\/arantv.az\/wp-content\/uploads\/2020\/04\/semed-300x200.jpg",300,200,true],"large":["https:\/\/arantv.az\/wp-content\/uploads\/2020\/04\/semed.jpg",620,413,false],"1536x1536":["https:\/\/arantv.az\/wp-content\/uploads\/2020\/04\/semed.jpg",620,413,false],"2048x2048":["https:\/\/arantv.az\/wp-content\/uploads\/2020\/04\/semed.jpg",620,413,false],"post-thumbnail":["https:\/\/arantv.az\/wp-content\/uploads\/2020\/04\/semed-240x172.jpg",240,172,true],"advps-thumb-one":["https:\/\/arantv.az\/wp-content\/uploads\/2020\/04\/semed.jpg",620,413,false]},"rttpg_author":{"display_name":"V\u00fcsal Rafiqo\u011flu","author_link":"https:\/\/arantv.az\/?author=2"},"rttpg_comment":0,"rttpg_category":"<a href=\"https:\/\/arantv.az\/?cat=19\" rel=\"category\">G\u00fcnd\u0259m<\/a>","rttpg_excerpt":"\u201cA\u015ePA h\u0259mm\u0259ruz\u0259\u00e7il\u0259ri Da\u011fl\u0131q Qaraba\u011fda ke\u00e7irilmi\u015f qondarma \u201cse\u00e7kil\u0259r\u201di tan\u0131mad\u0131qlar\u0131n\u0131 bildiribl\u0259r&#8221;. APA-n\u0131n m\u0259lumat\u0131na g\u00f6r\u0259, bunu Milli M\u0259clisin Beyn\u0259lxalq m\u00fcnasib\u0259tl\u0259r v\u0259 parlamentl\u0259raras\u0131 \u0259laq\u0259l\u0259r komit\u0259sinin s\u0259dri, Avropa \u015euras\u0131 Parlament Assambleyas\u0131nda (A\u015ePA) Az\u0259rbaycan n\u00fcmay\u0259nd\u0259 hey\u0259tinin r\u0259hb\u0259ri S\u0259m\u0259d Seyidov deyib. \u201cM\u0259lum oldu\u011fu kimi, haz\u0131rk\u0131 d\u00f6vrd\u0259 ham\u0131m\u0131z \u00fc\u00e7\u00fcn beyn\u0259lxalq \u0259laq\u0259l\u0259rin h\u0259yata ke\u00e7irilm\u0259si o q\u0259d\u0259r d\u0259 asan deyil. \u00c7\u00fcnki d\u00fcnyada ba\u015f ver\u0259n hadis\u0259l\u0259r,&hellip;","_links":{"self":[{"href":"https:\/\/arantv.az\/index.php?rest_route=\/wp\/v2\/posts\/151176"}],"collection":[{"href":"https:\/\/arantv.az\/index.php?rest_route=\/wp\/v2\/posts"}],"about":[{"href":"https:\/\/arantv.az\/index.php?rest_route=\/wp\/v2\/types\/post"}],"author":[{"embeddable":true,"href":"https:\/\/arantv.az\/index.php?rest_route=\/wp\/v2\/users\/2"}],"replies":[{"embeddable":true,"href":"https:\/\/arantv.az\/index.php?rest_route=%2Fwp%2Fv2%2Fcomments&post=151176"}],"version-history":[{"count":0,"href":"https:\/\/arantv.az\/index.php?rest_route=\/wp\/v2\/posts\/151176\/revisions"}],"wp:featuredmedia":[{"embeddable":true,"href":"https:\/\/arantv.az\/index.php?rest_route=\/wp\/v2\/media\/151177"}],"wp:attachment":[{"href":"https:\/\/arantv.az\/index.php?rest_route=%2Fwp%2Fv2%2Fmedia&parent=151176"}],"wp:term":[{"taxonomy":"category","embeddable":true,"href":"https:\/\/arantv.az\/index.php?rest_route=%2Fwp%2Fv2%2Fcategories&post=151176"},{"taxonomy":"post_tag","embeddable":true,"href":"https:\/\/arantv.az\/index.php?rest_route=%2Fwp%2Fv2%2Ftags&post=151176"}],"curies":[{"name":"wp","href":"https:\/\/api.w.org\/{rel}","templated":true}]}}