{"id":151185,"date":"2020-04-15T13:04:11","date_gmt":"2020-04-15T10:04:11","guid":{"rendered":"http:\/\/arantv.az\/?p=151185"},"modified":"2020-04-15T13:04:11","modified_gmt":"2020-04-15T10:04:11","slug":"bu-olk%c9%99d%c9%99-usaq-bagcalari-v%c9%99-m%c9%99kt%c9%99bl%c9%99r-acilir","status":"publish","type":"post","link":"https:\/\/arantv.az\/?p=151185","title":{"rendered":"Bu \u00f6lk\u0259d\u0259 u\u015faq ba\u011f\u00e7alar\u0131 v\u0259 m\u0259kt\u0259bl\u0259r a\u00e7\u0131l\u0131r"},"content":{"rendered":"<p>Danimarkada d\u00f6rd h\u0259ft\u0259lik fasil\u0259d\u0259n sonra \u2013 aprelin 15-d\u0259 ki\u00e7ik ya\u015fl\u0131 u\u015faqlar \u00fc\u00e7\u00fcn ba\u011f\u00e7alar v\u0259 m\u0259kt\u0259bl\u0259r a\u00e7\u0131l\u0131b.<\/p>\n<p>Bu bar\u0259d\u0259 \u201cSveriges Radio\u201d m\u0259lumat yay\u0131b.<\/p>\n<p>Yetkinlik ya\u015f\u0131na \u00e7atmayanlar\u0131 yeni bir reall\u0131q g\u00f6zl\u0259yir: r\u0259smil\u0259r onlar\u0131n k\u00fc\u00e7\u0259d\u0259 m\u00fcmk\u00fcn q\u0259d\u0259r \u00e7ox vaxt ke\u00e7irm\u0259l\u0259rini, t\u0259hsil m\u00fc\u0259ssis\u0259sinin t\u0259mizliyini v\u0259 gigiyena t\u0259l\u0259bl\u0259rinin art\u0131r\u0131lmas\u0131n\u0131 t\u0259l\u0259b edirl\u0259r. U\u015faqlar yaln\u0131z ki\u00e7ik qruplarda oynamal\u0131, sinif otaqlar\u0131nda m\u0259saf\u0259ni g\u00f6zl\u0259m\u0259lidirl\u0259r.<\/p>\n<p>M\u0259nb\u0259 bildirir ki, b\u0259zi valideynl\u0259r koronavirus infeksiyas\u0131na yoluxmadan qorxaraq \u015fagirdl\u0259ri m\u0259kt\u0259b\u0259 yollamaqdan imtina edibl\u0259r<\/p>\n","protected":false},"excerpt":{"rendered":"<p>Danimarkada d\u00f6rd h\u0259ft\u0259lik fasil\u0259d\u0259n sonra \u2013 aprelin 15-d\u0259 ki\u00e7ik ya\u015fl\u0131 u\u015faqlar \u00fc\u00e7\u00fcn ba\u011f\u00e7alar v\u0259 m\u0259kt\u0259bl\u0259r a\u00e7\u0131l\u0131b. Bu bar\u0259d\u0259 \u201cSveriges Radio\u201d m\u0259lumat yay\u0131b. Yetkinlik ya\u015f\u0131na \u00e7atmayanlar\u0131 yeni bir reall\u0131q g\u00f6zl\u0259yir: r\u0259smil\u0259r onlar\u0131n k\u00fc\u00e7\u0259d\u0259 m\u00fcmk\u00fcn q\u0259d\u0259r \u00e7ox vaxt ke\u00e7irm\u0259l\u0259rini, t\u0259hsil m\u00fc\u0259ssis\u0259sinin t\u0259mizliyini v\u0259 gigiyena t\u0259l\u0259bl\u0259rinin art\u0131r\u0131lmas\u0131n\u0131 t\u0259l\u0259b edirl\u0259r. U\u015faqlar yaln\u0131z ki\u00e7ik qruplarda oynamal\u0131, sinif otaqlar\u0131nda m\u0259saf\u0259ni g\u00f6zl\u0259m\u0259lidirl\u0259r. M\u0259nb\u0259 bildirir ki, b\u0259zi valideynl\u0259r koronavirus infeksiyas\u0131na yoluxmadan qorxaraq \u015fagirdl\u0259ri m\u0259kt\u0259b\u0259 yollamaqdan imtina edibl\u0259r<\/p>\n","protected":false},"author":2,"featured_media":151186,"comment_status":"closed","ping_status":"closed","sticky":false,"template":"","format":"standard","meta":{"om_disable_all_campaigns":false,"_monsterinsights_skip_tracking":false,"_monsterinsights_sitenote_active":false,"_monsterinsights_sitenote_note":"","_monsterinsights_sitenote_category":0},"categories":[7],"tags":[],"aioseo_notices":[],"gutentor_comment":0,"rttpg_featured_image_url":{"full":["https:\/\/arantv.az\/wp-content\/uploads\/2020\/04\/dani.jpg",620,413,false],"landscape":["https:\/\/arantv.az\/wp-content\/uploads\/2020\/04\/dani.jpg",620,413,false],"portraits":["https:\/\/arantv.az\/wp-content\/uploads\/2020\/04\/dani.jpg",620,413,false],"thumbnail":["https:\/\/arantv.az\/wp-content\/uploads\/2020\/04\/dani-150x150.jpg",150,150,true],"medium":["https:\/\/arantv.az\/wp-content\/uploads\/2020\/04\/dani-300x200.jpg",300,200,true],"large":["https:\/\/arantv.az\/wp-content\/uploads\/2020\/04\/dani.jpg",620,413,false],"1536x1536":["https:\/\/arantv.az\/wp-content\/uploads\/2020\/04\/dani.jpg",620,413,false],"2048x2048":["https:\/\/arantv.az\/wp-content\/uploads\/2020\/04\/dani.jpg",620,413,false],"post-thumbnail":["https:\/\/arantv.az\/wp-content\/uploads\/2020\/04\/dani-240x172.jpg",240,172,true],"advps-thumb-one":["https:\/\/arantv.az\/wp-content\/uploads\/2020\/04\/dani.jpg",620,413,false]},"rttpg_author":{"display_name":"V\u00fcsal Rafiqo\u011flu","author_link":"https:\/\/arantv.az\/?author=2"},"rttpg_comment":0,"rttpg_category":"<a href=\"https:\/\/arantv.az\/?cat=7\" rel=\"category\">D\u00fcnya<\/a>","rttpg_excerpt":"Danimarkada d\u00f6rd h\u0259ft\u0259lik fasil\u0259d\u0259n sonra \u2013 aprelin 15-d\u0259 ki\u00e7ik ya\u015fl\u0131 u\u015faqlar \u00fc\u00e7\u00fcn ba\u011f\u00e7alar v\u0259 m\u0259kt\u0259bl\u0259r a\u00e7\u0131l\u0131b. Bu bar\u0259d\u0259 \u201cSveriges Radio\u201d m\u0259lumat yay\u0131b. Yetkinlik ya\u015f\u0131na \u00e7atmayanlar\u0131 yeni bir reall\u0131q g\u00f6zl\u0259yir: r\u0259smil\u0259r onlar\u0131n k\u00fc\u00e7\u0259d\u0259 m\u00fcmk\u00fcn q\u0259d\u0259r \u00e7ox vaxt ke\u00e7irm\u0259l\u0259rini, t\u0259hsil m\u00fc\u0259ssis\u0259sinin t\u0259mizliyini v\u0259 gigiyena t\u0259l\u0259bl\u0259rinin art\u0131r\u0131lmas\u0131n\u0131 t\u0259l\u0259b edirl\u0259r. U\u015faqlar yaln\u0131z ki\u00e7ik qruplarda oynamal\u0131, sinif otaqlar\u0131nda m\u0259saf\u0259ni g\u00f6zl\u0259m\u0259lidirl\u0259r.&hellip;","_links":{"self":[{"href":"https:\/\/arantv.az\/index.php?rest_route=\/wp\/v2\/posts\/151185"}],"collection":[{"href":"https:\/\/arantv.az\/index.php?rest_route=\/wp\/v2\/posts"}],"about":[{"href":"https:\/\/arantv.az\/index.php?rest_route=\/wp\/v2\/types\/post"}],"author":[{"embeddable":true,"href":"https:\/\/arantv.az\/index.php?rest_route=\/wp\/v2\/users\/2"}],"replies":[{"embeddable":true,"href":"https:\/\/arantv.az\/index.php?rest_route=%2Fwp%2Fv2%2Fcomments&post=151185"}],"version-history":[{"count":0,"href":"https:\/\/arantv.az\/index.php?rest_route=\/wp\/v2\/posts\/151185\/revisions"}],"wp:featuredmedia":[{"embeddable":true,"href":"https:\/\/arantv.az\/index.php?rest_route=\/wp\/v2\/media\/151186"}],"wp:attachment":[{"href":"https:\/\/arantv.az\/index.php?rest_route=%2Fwp%2Fv2%2Fmedia&parent=151185"}],"wp:term":[{"taxonomy":"category","embeddable":true,"href":"https:\/\/arantv.az\/index.php?rest_route=%2Fwp%2Fv2%2Fcategories&post=151185"},{"taxonomy":"post_tag","embeddable":true,"href":"https:\/\/arantv.az\/index.php?rest_route=%2Fwp%2Fv2%2Ftags&post=151185"}],"curies":[{"name":"wp","href":"https:\/\/api.w.org\/{rel}","templated":true}]}}