{"id":151193,"date":"2020-04-15T13:07:06","date_gmt":"2020-04-15T10:07:06","guid":{"rendered":"http:\/\/arantv.az\/?p=151193"},"modified":"2020-04-15T13:07:06","modified_gmt":"2020-04-15T10:07:06","slug":"pandemiya-v%c9%99ziyy%c9%99tind%c9%99n-s%c9%99r%c9%99fl%c9%99-cixmaq-bir-daha-gost%c9%99r%c9%99c%c9%99k-ki-butun-addimlar-dusunulmus-v%c9%99-xalqin-dovl%c9%99tin-maraqlarina-uygundur","status":"publish","type":"post","link":"https:\/\/arantv.az\/?p=151193","title":{"rendered":"&#8220;Pandemiya v\u0259ziyy\u0259tind\u0259n \u015f\u0259r\u0259fl\u0259 \u00e7\u0131xmaq bir daha g\u00f6st\u0259r\u0259c\u0259k ki, b\u00fct\u00fcn add\u0131mlar d\u00fc\u015f\u00fcn\u00fclm\u00fc\u015f v\u0259 xalq\u0131n, d\u00f6vl\u0259tin maraqlar\u0131na uy\u011fundur&#8221;"},"content":{"rendered":"<blockquote><p><strong><em>Az\u0259rbaycan xalq\u0131 \u0259mindir ki, Az\u0259rbaycan h\u00f6kum\u0259ti bundan sonrak\u0131 d\u00f6vrd\u0259 koronavirus pandemiyas\u0131 il\u0259 \u0259laq\u0259dar \u0259n d\u00fczg\u00fcn q\u0259rarlar\u0131 ver\u0259c\u0259k. Bu v\u0259ziyy\u0259td\u0259n \u015f\u0259r\u0259fl\u0259 \u00e7\u0131xmaq bir daha g\u00f6st\u0259r\u0259c\u0259k ki, b\u00fct\u00fcn add\u0131mlar d\u00fc\u015f\u00fcn\u00fclm\u00fc\u015f add\u0131mlard\u0131r v\u0259 xalq\u0131n, d\u00f6vl\u0259tin maraqlar\u0131na uy\u011fundur.<\/em><\/strong><\/p><\/blockquote>\n<p>ARANTV.AZ x\u0259b\u0259r verir ki, bunu\u00a0<a href=\"https:\/\/az.trend.az\/\" target=\"_blank\" rel=\"noopener\">Trend<\/a>-\u0259 a\u00e7\u0131qlamas\u0131nda Milli M\u0259clisin deputat\u0131 \u015eahin \u0130smay\u0131lov deyib.<\/p>\n<p>Onun s\u00f6zl\u0259rin\u0259 g\u00f6r\u0259, 2020-ci ilin birinci r\u00fcb\u00fcn\u00fcn sosial-iqtisadi yekunlar\u0131na h\u0259sr olunan videokonfransda Prezident \u0130lham \u018fliyev geni\u015f \u015f\u0259kild\u0259 cari ild\u0259 \u0259ld\u0259 olunan iqtisadi, sosial, siyasi u\u011furlar, o c\u00fcml\u0259d\u0259n koronavirusla ba\u011fl\u0131 m\u00f6vcud v\u0259ziyy\u0259t v\u0259 ilin sonuna q\u0259d\u0259r h\u0259yata ke\u00e7iril\u0259c\u0259k proqramlar v\u0259 islahat bar\u0259sind\u0259 h\u0259r bir sad\u0259 Az\u0259rbaycan v\u0259t\u0259nda\u015f\u0131n\u0131 maraqland\u0131ran m\u0259s\u0259l\u0259l\u0259r bar\u0259sind\u0259 geni\u015f m\u0259lumat verdi.<\/p>\n<p>\u015e.\u0130smay\u0131lov bildirib ki, pandemiya d\u00f6vr\u00fcnd\u0259 m\u00fcasir texnoloji imkanlardan istifad\u0259 ed\u0259r\u0259k \u0259halini maraqland\u0131ran m\u0259s\u0259l\u0259l\u0259rl\u0259 ba\u011fl\u0131 bel\u0259 bir toplant\u0131n\u0131n ke\u00e7irilm\u0259si, \u00f6t\u0259n d\u00f6vr\u00fcn t\u0259hlili v\u0259 g\u0259l\u0259c\u0259kd\u0259 g\u00f6r\u00fcl\u0259c\u0259k i\u015fl\u0259rl\u0259 ba\u011fl\u0131 d\u0259qiq m\u0259lumatlar\u0131n verilm\u0259si h\u0259m Az\u0259rbaycan xalq\u0131na v\u0259 d\u00f6vl\u0259tin\u0259 olan sevgi, h\u0259m d\u0259 \u0259sl liderlik g\u00f6st\u0259ricisidir:<\/p>\n<p>&#8220;He\u00e7 bir \u00e7\u0259tin v\u0259ziyy\u0259t Az\u0259rbaycan Prezidentini \u00f6z i\u015find\u0259n ay\u0131rm\u0131r, \u0259ksin\u0259 o, daim \u00f6z i\u015finin ba\u015f\u0131nda, xalq\u0131n yan\u0131ndad\u0131r. \u00d6lk\u0259 ba\u015f\u00e7\u0131s\u0131n\u0131n bu m\u00f6vqeyi Az\u0259rbaycan xalq\u0131 t\u0259r\u0259find\u0259n y\u00fcks\u0259k qiym\u0259tl\u0259ndirilir v\u0259 xalq-iqtidar birliyini daha da m\u00f6hk\u0259ml\u0259ndirir. C\u0259nab Prezidentin d\u0259 qeyd etdiyi kimi, 2020-ci ilin ilk \u00fc\u00e7 ay\u0131nda inki\u015faf v\u0259 t\u0259r\u0259qqi m\u00fc\u015fahid\u0259 olunub. Apar\u0131lan islahatlar \u00f6z m\u00fcsb\u0259t n\u0259tic\u0259sini m\u00fcxt\u0259lif sah\u0259l\u0259rd\u0259 g\u00f6st\u0259rib&#8221;.<\/p>\n<p>Deputat vur\u011fulay\u0131b ki, koronavirus pandemiyas\u0131 d\u00fcnya iqtisadiyyat\u0131 \u00fc\u00e7\u00fcn b\u00f6y\u00fck probleml\u0259r yaratd\u0131\u011f\u0131 kimi, t\u0259bii olaraq Az\u0259rbaycan\u0131n iqtisadi inki\u015faf\u0131na da \u00f6z t\u0259sirini g\u00f6st\u0259rdi:<\/p>\n<p>&#8220;\u00d6lk\u0259mizd\u0259 qabaqlay\u0131c\u0131 t\u0259dbirl\u0259r v\u0259 d\u00fc\u015f\u00fcn\u00fclm\u00fc\u015f siyas\u0259t n\u0259tic\u0259sind\u0259 v\u0259ziyy\u0259t n\u0259zar\u0259td\u0259 saxlan\u0131ld\u0131. Koronavirusla m\u00fcbariz\u0259 sah\u0259sind\u0259 sistemli i\u015f quruldu, d\u00fc\u015f\u00fcn\u00fclm\u00fc\u015f add\u0131mlar at\u0131ld\u0131. M\u0259hz bunun n\u0259tic\u0259sidir ki, Az\u0259rbaycanda v\u0259ziyy\u0259t n\u0259zar\u0259t alt\u0131ndad\u0131r. \u00d6lk\u0259mizd\u0259 koronavirusla ba\u011fl\u0131 h\u0259yata ke\u00e7iril\u0259n t\u0259dbirl\u0259r n\u0259tic\u0259sind\u0259 biz bu pandemiyadan minimum itkil\u0259rl\u0259 \u00e7\u0131xa bil\u0259c\u0259yik. Art\u0131q Az\u0259rbaycan\u0131n t\u0259cr\u00fcb\u0259si dig\u0259r d\u00f6vl\u0259tl\u0259r t\u0259r\u0259dind\u0259n d\u0259 \u00f6yr\u0259nilir. C\u0259nab Prezidentin burada s\u00f6yl\u0259diyi &#8220;Az\u0259rbaycan hakimiyy\u0259ti \u00fc\u00e7\u00fcn \u0259sas m\u0259s\u0259l\u0259 v\u0259t\u0259nda\u015flar\u0131n sa\u011flaml\u0131\u011f\u0131, insanlar\u0131m\u0131z\u0131n h\u0259yat\u0131d\u0131r&#8221; fikiri Az\u0259rbaycan xalq\u0131na veril\u0259n d\u0259y\u0259rin g\u00f6st\u0259ricisidir&#8221;.<\/p>\n<p>\u015e.\u0130smay\u0131lovun s\u00f6zl\u0259rin\u0259 g\u00f6r\u0259, Az\u0259rbaycan xalq\u0131 \u0259mindir ki, Az\u0259rbaycan h\u00f6kum\u0259ti bundan sonrak\u0131 d\u00f6vrd\u0259 koronavirus pandemiyas\u0131 il\u0259 \u0259laq\u0259dar \u0259n d\u00fczg\u00fcn q\u0259rarlar\u0131 ver\u0259c\u0259k:<\/p>\n<p>&#8220;C\u0259nab Prezidentin d\u0259 dediyi kimi, \u0259sas m\u0259s\u0259l\u0259 v\u0259t\u0259nda\u015flar\u0131n sa\u011flaml\u0131\u011f\u0131, onlar\u0131n h\u0259yat\u0131d\u0131r. M\u00f6vcud v\u0259ziyy\u0259td\u0259n \u0259ziyy\u0259t \u00e7\u0259k\u0259n v\u0259t\u0259nda\u015flar\u0131n probleml\u0259rinin h\u0259lli istiqam\u0259tind\u0259 d\u00f6vl\u0259t b\u00fcdc\u0259sind\u0259n kifay\u0259t q\u0259d\u0259r v\u0259sait ayr\u0131l\u0131b. 600 mind\u0259n \u00e7ox insan d\u00f6vl\u0259t t\u0259r\u0259find\u0259n d\u0259st\u0259kl\u0259 t\u0259min edilir, onlar\u0131n maa\u015flar\u0131n\u0131n \u0259h\u0259miyy\u0259tli hiss\u0259si d\u00f6vl\u0259t t\u0259r\u0259find\u0259n \u00f6d\u0259nilir. V\u0259t\u0259nda\u015flar\u0131n qay\u011f\u0131lar\u0131 daim d\u00f6vl\u0259tin diqq\u0259tind\u0259dir&#8221;.<\/p>\n<p>Deputat, h\u0259m\u00e7inin &#8220;5-ci kolon&#8221;un n\u00fcmay\u0259nd\u0259l\u0259rinin koronavirus pandemiyas\u0131 d\u00f6vr\u00fcnd\u0259 d\u0259 \u00f6z \u0259m\u0259ll\u0259rind\u0259n \u0259l \u00e7\u0259km\u0259diyini diqq\u0259t\u0259 \u00e7atd\u0131r\u0131b:<\/p>\n<p>&#8220;Bu d\u00fc\u015f\u0259rg\u0259d\u0259 c\u0259ml\u0259\u015f\u0259n insanlar uzun ill\u0259rdir ki, iqtidara qar\u015f\u0131 yox, d\u00f6vl\u0259timiz\u0259, xalq\u0131m\u0131za qar\u015f\u0131 \u00e7irkin m\u00fcbariz\u0259 apar\u0131rlar. Onlar\u0131n \u0259sas m\u0259qs\u0259di v\u0259ziyy\u0259ti g\u0259rginl\u0259\u015fdirm\u0259kdir. He\u00e7 bir sosial bazas\u0131 olmayan bu insanlar\u0131n yeri tarixin tullant\u0131 qutusudur. Az\u0259rbaycan xalq\u0131 onlara \u00f6z yerl\u0259rini g\u00f6st\u0259rib v\u0259 bundan sonra da g\u00f6st\u0259r\u0259c\u0259k. Az\u0259rbaycan\u0131n yeni siyasi konfiqurasiyas\u0131nda marginal qrupla\u015fmaya yer yoxdur v\u0259 olmamal\u0131d\u0131r. \u0130ndi \u0259sas m\u0259s\u0259l\u0259 birlik olmaq v\u0259 \u00f6lk\u0259 ba\u015f\u00e7\u0131s\u0131n\u0131n \u0259traf\u0131nda daha da s\u0131x birl\u0259\u015fm\u0259kdir. \u00c7\u00fcnki biz birlikd\u0259 g\u00fccl\u00fcy\u00fck. Bizim \u00f6lk\u0259mizi bizd\u0259n \u00e7ox he\u00e7 kim sev\u0259 bilm\u0259z&#8221;.<\/p>\n","protected":false},"excerpt":{"rendered":"<p>Az\u0259rbaycan xalq\u0131 \u0259mindir ki, Az\u0259rbaycan h\u00f6kum\u0259ti bundan sonrak\u0131 d\u00f6vrd\u0259 koronavirus pandemiyas\u0131 il\u0259 \u0259laq\u0259dar \u0259n d\u00fczg\u00fcn q\u0259rarlar\u0131 ver\u0259c\u0259k. Bu v\u0259ziyy\u0259td\u0259n \u015f\u0259r\u0259fl\u0259 \u00e7\u0131xmaq bir daha g\u00f6st\u0259r\u0259c\u0259k ki, b\u00fct\u00fcn add\u0131mlar d\u00fc\u015f\u00fcn\u00fclm\u00fc\u015f add\u0131mlard\u0131r v\u0259 xalq\u0131n, d\u00f6vl\u0259tin maraqlar\u0131na uy\u011fundur. ARANTV.AZ x\u0259b\u0259r verir ki, bunu\u00a0Trend-\u0259 a\u00e7\u0131qlamas\u0131nda Milli M\u0259clisin deputat\u0131 \u015eahin \u0130smay\u0131lov deyib. Onun s\u00f6zl\u0259rin\u0259 g\u00f6r\u0259, 2020-ci ilin birinci r\u00fcb\u00fcn\u00fcn sosial-iqtisadi yekunlar\u0131na h\u0259sr olunan videokonfransda Prezident \u0130lham \u018fliyev geni\u015f \u015f\u0259kild\u0259 cari ild\u0259 \u0259ld\u0259 olunan iqtisadi, sosial, siyasi u\u011furlar, o c\u00fcml\u0259d\u0259n koronavirusla ba\u011fl\u0131 m\u00f6vcud v\u0259ziyy\u0259t v\u0259 ilin sonuna q\u0259d\u0259r h\u0259yata ke\u00e7iril\u0259c\u0259k proqramlar v\u0259 islahat bar\u0259sind\u0259 h\u0259r bir sad\u0259&hellip;<\/p>\n","protected":false},"author":2,"featured_media":151194,"comment_status":"closed","ping_status":"closed","sticky":false,"template":"","format":"standard","meta":{"om_disable_all_campaigns":false,"_monsterinsights_skip_tracking":false,"_monsterinsights_sitenote_active":false,"_monsterinsights_sitenote_note":"","_monsterinsights_sitenote_category":0},"categories":[19],"tags":[],"aioseo_notices":[],"gutentor_comment":0,"rttpg_featured_image_url":{"full":["https:\/\/arantv.az\/wp-content\/uploads\/2020\/04\/842227.jpg",800,600,false],"landscape":["https:\/\/arantv.az\/wp-content\/uploads\/2020\/04\/842227.jpg",800,600,false],"portraits":["https:\/\/arantv.az\/wp-content\/uploads\/2020\/04\/842227.jpg",800,600,false],"thumbnail":["https:\/\/arantv.az\/wp-content\/uploads\/2020\/04\/842227-150x150.jpg",150,150,true],"medium":["https:\/\/arantv.az\/wp-content\/uploads\/2020\/04\/842227-300x225.jpg",300,225,true],"large":["https:\/\/arantv.az\/wp-content\/uploads\/2020\/04\/842227.jpg",640,480,false],"1536x1536":["https:\/\/arantv.az\/wp-content\/uploads\/2020\/04\/842227.jpg",800,600,false],"2048x2048":["https:\/\/arantv.az\/wp-content\/uploads\/2020\/04\/842227.jpg",800,600,false],"post-thumbnail":["https:\/\/arantv.az\/wp-content\/uploads\/2020\/04\/842227-240x172.jpg",240,172,true],"advps-thumb-one":["https:\/\/arantv.az\/wp-content\/uploads\/2020\/04\/842227.jpg",800,600,false]},"rttpg_author":{"display_name":"V\u00fcsal Rafiqo\u011flu","author_link":"https:\/\/arantv.az\/?author=2"},"rttpg_comment":0,"rttpg_category":"<a href=\"https:\/\/arantv.az\/?cat=19\" rel=\"category\">G\u00fcnd\u0259m<\/a>","rttpg_excerpt":"Az\u0259rbaycan xalq\u0131 \u0259mindir ki, Az\u0259rbaycan h\u00f6kum\u0259ti bundan sonrak\u0131 d\u00f6vrd\u0259 koronavirus pandemiyas\u0131 il\u0259 \u0259laq\u0259dar \u0259n d\u00fczg\u00fcn q\u0259rarlar\u0131 ver\u0259c\u0259k. Bu v\u0259ziyy\u0259td\u0259n \u015f\u0259r\u0259fl\u0259 \u00e7\u0131xmaq bir daha g\u00f6st\u0259r\u0259c\u0259k ki, b\u00fct\u00fcn add\u0131mlar d\u00fc\u015f\u00fcn\u00fclm\u00fc\u015f add\u0131mlard\u0131r v\u0259 xalq\u0131n, d\u00f6vl\u0259tin maraqlar\u0131na uy\u011fundur. ARANTV.AZ x\u0259b\u0259r verir ki, bunu\u00a0Trend-\u0259 a\u00e7\u0131qlamas\u0131nda Milli M\u0259clisin deputat\u0131 \u015eahin \u0130smay\u0131lov deyib. Onun s\u00f6zl\u0259rin\u0259 g\u00f6r\u0259, 2020-ci ilin birinci r\u00fcb\u00fcn\u00fcn sosial-iqtisadi yekunlar\u0131na&hellip;","_links":{"self":[{"href":"https:\/\/arantv.az\/index.php?rest_route=\/wp\/v2\/posts\/151193"}],"collection":[{"href":"https:\/\/arantv.az\/index.php?rest_route=\/wp\/v2\/posts"}],"about":[{"href":"https:\/\/arantv.az\/index.php?rest_route=\/wp\/v2\/types\/post"}],"author":[{"embeddable":true,"href":"https:\/\/arantv.az\/index.php?rest_route=\/wp\/v2\/users\/2"}],"replies":[{"embeddable":true,"href":"https:\/\/arantv.az\/index.php?rest_route=%2Fwp%2Fv2%2Fcomments&post=151193"}],"version-history":[{"count":0,"href":"https:\/\/arantv.az\/index.php?rest_route=\/wp\/v2\/posts\/151193\/revisions"}],"wp:featuredmedia":[{"embeddable":true,"href":"https:\/\/arantv.az\/index.php?rest_route=\/wp\/v2\/media\/151194"}],"wp:attachment":[{"href":"https:\/\/arantv.az\/index.php?rest_route=%2Fwp%2Fv2%2Fmedia&parent=151193"}],"wp:term":[{"taxonomy":"category","embeddable":true,"href":"https:\/\/arantv.az\/index.php?rest_route=%2Fwp%2Fv2%2Fcategories&post=151193"},{"taxonomy":"post_tag","embeddable":true,"href":"https:\/\/arantv.az\/index.php?rest_route=%2Fwp%2Fv2%2Ftags&post=151193"}],"curies":[{"name":"wp","href":"https:\/\/api.w.org\/{rel}","templated":true}]}}