{"id":151197,"date":"2020-04-15T13:08:59","date_gmt":"2020-04-15T10:08:59","guid":{"rendered":"http:\/\/arantv.az\/?p=151197"},"modified":"2020-04-15T13:08:59","modified_gmt":"2020-04-15T10:08:59","slug":"din-ot%c9%99n-gun-karantin-rejimini-pozan-26-n%c9%99f%c9%99r-h%c9%99bs-olunub","status":"publish","type":"post","link":"https:\/\/arantv.az\/?p=151197","title":{"rendered":"D\u0130N: \u00d6t\u0259n g\u00fcn karantin rejimini pozan 26 n\u0259f\u0259r h\u0259bs olunub"},"content":{"rendered":"<p><strong>\u00d6t\u0259n 2 g\u00fcnd\u0259 x\u00fcsusi karantin rejimini pozduqlar\u0131na g\u00f6r\u0259 1 cinay\u0259t i\u015fi \u00fczr\u0259 3 n\u0259f\u0259r bar\u0259sind\u0259 h\u0259bs-q\u0259timkan t\u0259dbiri se\u00e7ilib, 26 n\u0259f\u0259r inzibati qaydada h\u0259bs olunub, 7314 n\u0259f\u0259r\u0259 is\u0259 inzibati c\u0259rim\u0259 t\u0259tbiq edilib.<\/strong><\/p>\n<p>Daxili \u0130\u015fl\u0259r Nazirliyinin M\u0259tbuat xidm\u0259tind\u0259n veril\u0259n m\u0259lumata g\u00f6r\u0259, Respublikan\u0131n daxili i\u015fl\u0259r orqanlar\u0131n\u0131n \u0259m\u0259kda\u015flar\u0131 t\u0259r\u0259find\u0259n h\u0259yata ke\u00e7iril\u0259n n\u0259zar\u0259t t\u0259dbirl\u0259ri il\u0259 aprelin 13-d\u0259n 15-d\u0259k olan m\u00fcdd\u0259td\u0259 epidemiya \u0259leyhin\u0259 rejimi pozan 4 ia\u015f\u0259 obyektinin f\u0259aliyy\u0259t g\u00f6st\u0259rm\u0259si fakt\u0131 a\u015fkarlan\u0131b. H\u0259min obyekt sahibl\u0259rinin h\u0259r biri inzibati c\u0259rim\u0259 edilib.<\/p>\n<p>Sutka \u0259rzind\u0259 respublikan\u0131n \u015f\u0259h\u0259r v\u0259 rayonlar\u0131nda t\u0259\u015fkil olunmu\u015f x\u00fcsusi polis postlar\u0131ndan, o c\u00fcml\u0259d\u0259n h\u0259min postlardan k\u0259narda olan ara v\u0259 k\u00f6m\u0259k\u00e7i yollardan ke\u00e7m\u0259y\u0259 c\u0259hd g\u00f6st\u0259rdikl\u0259rin\u0259 v\u0259 karantin rejimini pozduqlar\u0131na g\u00f6r\u0259 \u00fcmumilikd\u0259 7314 n\u0259f\u0259r\u0259 \u0130nzibati X\u0259talar M\u0259c\u0259ll\u0259sinin m\u00fcvafiq madd\u0259si il\u0259 c\u0259rim\u0259 t\u0259tbiq edilmi\u015f, 26 \u015f\u0259xs is\u0259 inzibati qaydada h\u0259bs olunub, 1 cinay\u0259t i\u015fi \u00fczr\u0259 3 n\u0259f\u0259r bar\u0259sind\u0259 h\u0259bs-q\u0259timkan t\u0259dbiri se\u00e7ilib.<\/p>\n<p>Eyni zamanda, koronavirus infeksiyas\u0131 il\u0259 \u0259laq\u0259dar sosial \u015f\u0259b\u0259k\u0259l\u0259rd\u0259 h\u0259qiq\u0259t\u0259 uy\u011fun olmayan m\u0259lumatlar yayd\u0131\u011f\u0131na g\u00f6r\u0259 3 n\u0259f\u0259r inzibati qaydada h\u0259bs, 3 n\u0259f\u0259r is\u0259 c\u0259rim\u0259 edilib.<\/p>\n<p>Bir daha v\u0259t\u0259nda\u015flar\u0131m\u0131z\u0131 \u015f\u0259xsi gigiyena qaydalar\u0131na \u0259m\u0259l etm\u0259y\u0259, \u00f6z\u00fcn\u00fct\u0259crid t\u0259dbirl\u0259rin\u0259 uy\u011fun davranma\u011fa, yaln\u0131z ciddi ehtiyac yarand\u0131qda evd\u0259n \u00e7\u0131xma\u011fa, dig\u0259r \u015f\u0259xsl\u0259rl\u0259 minimum kontaktda olma\u011fa, \u00fcnsiyy\u0259t zaman\u0131 2 metrlik ara m\u0259saf\u0259si saxlama\u011fa v\u0259 Nazirl\u0259r Kabineti yan\u0131nda Operativ Q\u0259rargah\u0131n b\u00fct\u00fcn t\u0259l\u0259b v\u0259 q\u0259rarlar\u0131na ciddi riay\u0259t etm\u0259y\u0259 \u00e7a\u011f\u0131r\u0131r\u0131q.<\/p>\n","protected":false},"excerpt":{"rendered":"<p>\u00d6t\u0259n 2 g\u00fcnd\u0259 x\u00fcsusi karantin rejimini pozduqlar\u0131na g\u00f6r\u0259 1 cinay\u0259t i\u015fi \u00fczr\u0259 3 n\u0259f\u0259r bar\u0259sind\u0259 h\u0259bs-q\u0259timkan t\u0259dbiri se\u00e7ilib, 26 n\u0259f\u0259r inzibati qaydada h\u0259bs olunub, 7314 n\u0259f\u0259r\u0259 is\u0259 inzibati c\u0259rim\u0259 t\u0259tbiq edilib. Daxili \u0130\u015fl\u0259r Nazirliyinin M\u0259tbuat xidm\u0259tind\u0259n veril\u0259n m\u0259lumata g\u00f6r\u0259, Respublikan\u0131n daxili i\u015fl\u0259r orqanlar\u0131n\u0131n \u0259m\u0259kda\u015flar\u0131 t\u0259r\u0259find\u0259n h\u0259yata ke\u00e7iril\u0259n n\u0259zar\u0259t t\u0259dbirl\u0259ri il\u0259 aprelin 13-d\u0259n 15-d\u0259k olan m\u00fcdd\u0259td\u0259 epidemiya \u0259leyhin\u0259 rejimi pozan 4 ia\u015f\u0259 obyektinin f\u0259aliyy\u0259t g\u00f6st\u0259rm\u0259si fakt\u0131 a\u015fkarlan\u0131b. H\u0259min obyekt sahibl\u0259rinin h\u0259r biri inzibati c\u0259rim\u0259 edilib. Sutka \u0259rzind\u0259 respublikan\u0131n \u015f\u0259h\u0259r v\u0259 rayonlar\u0131nda t\u0259\u015fkil olunmu\u015f x\u00fcsusi polis postlar\u0131ndan, o c\u00fcml\u0259d\u0259n h\u0259min postlardan k\u0259narda&hellip;<\/p>\n","protected":false},"author":2,"featured_media":151198,"comment_status":"closed","ping_status":"closed","sticky":false,"template":"","format":"standard","meta":{"om_disable_all_campaigns":false,"_monsterinsights_skip_tracking":false,"_monsterinsights_sitenote_active":false,"_monsterinsights_sitenote_note":"","_monsterinsights_sitenote_category":0},"categories":[19],"tags":[],"aioseo_notices":[],"gutentor_comment":0,"rttpg_featured_image_url":{"full":["https:\/\/arantv.az\/wp-content\/uploads\/2020\/04\/daxili_isler_nazirliyi_004.jpg",482,361,false],"landscape":["https:\/\/arantv.az\/wp-content\/uploads\/2020\/04\/daxili_isler_nazirliyi_004.jpg",482,361,false],"portraits":["https:\/\/arantv.az\/wp-content\/uploads\/2020\/04\/daxili_isler_nazirliyi_004.jpg",482,361,false],"thumbnail":["https:\/\/arantv.az\/wp-content\/uploads\/2020\/04\/daxili_isler_nazirliyi_004-150x150.jpg",150,150,true],"medium":["https:\/\/arantv.az\/wp-content\/uploads\/2020\/04\/daxili_isler_nazirliyi_004-300x225.jpg",300,225,true],"large":["https:\/\/arantv.az\/wp-content\/uploads\/2020\/04\/daxili_isler_nazirliyi_004.jpg",482,361,false],"1536x1536":["https:\/\/arantv.az\/wp-content\/uploads\/2020\/04\/daxili_isler_nazirliyi_004.jpg",482,361,false],"2048x2048":["https:\/\/arantv.az\/wp-content\/uploads\/2020\/04\/daxili_isler_nazirliyi_004.jpg",482,361,false],"post-thumbnail":["https:\/\/arantv.az\/wp-content\/uploads\/2020\/04\/daxili_isler_nazirliyi_004-240x172.jpg",240,172,true],"advps-thumb-one":["https:\/\/arantv.az\/wp-content\/uploads\/2020\/04\/daxili_isler_nazirliyi_004.jpg",482,361,false]},"rttpg_author":{"display_name":"V\u00fcsal Rafiqo\u011flu","author_link":"https:\/\/arantv.az\/?author=2"},"rttpg_comment":0,"rttpg_category":"<a href=\"https:\/\/arantv.az\/?cat=19\" rel=\"category\">G\u00fcnd\u0259m<\/a>","rttpg_excerpt":"\u00d6t\u0259n 2 g\u00fcnd\u0259 x\u00fcsusi karantin rejimini pozduqlar\u0131na g\u00f6r\u0259 1 cinay\u0259t i\u015fi \u00fczr\u0259 3 n\u0259f\u0259r bar\u0259sind\u0259 h\u0259bs-q\u0259timkan t\u0259dbiri se\u00e7ilib, 26 n\u0259f\u0259r inzibati qaydada h\u0259bs olunub, 7314 n\u0259f\u0259r\u0259 is\u0259 inzibati c\u0259rim\u0259 t\u0259tbiq edilib. Daxili \u0130\u015fl\u0259r Nazirliyinin M\u0259tbuat xidm\u0259tind\u0259n veril\u0259n m\u0259lumata g\u00f6r\u0259, Respublikan\u0131n daxili i\u015fl\u0259r orqanlar\u0131n\u0131n \u0259m\u0259kda\u015flar\u0131 t\u0259r\u0259find\u0259n h\u0259yata ke\u00e7iril\u0259n n\u0259zar\u0259t t\u0259dbirl\u0259ri il\u0259 aprelin 13-d\u0259n 15-d\u0259k olan m\u00fcdd\u0259td\u0259&hellip;","_links":{"self":[{"href":"https:\/\/arantv.az\/index.php?rest_route=\/wp\/v2\/posts\/151197"}],"collection":[{"href":"https:\/\/arantv.az\/index.php?rest_route=\/wp\/v2\/posts"}],"about":[{"href":"https:\/\/arantv.az\/index.php?rest_route=\/wp\/v2\/types\/post"}],"author":[{"embeddable":true,"href":"https:\/\/arantv.az\/index.php?rest_route=\/wp\/v2\/users\/2"}],"replies":[{"embeddable":true,"href":"https:\/\/arantv.az\/index.php?rest_route=%2Fwp%2Fv2%2Fcomments&post=151197"}],"version-history":[{"count":0,"href":"https:\/\/arantv.az\/index.php?rest_route=\/wp\/v2\/posts\/151197\/revisions"}],"wp:featuredmedia":[{"embeddable":true,"href":"https:\/\/arantv.az\/index.php?rest_route=\/wp\/v2\/media\/151198"}],"wp:attachment":[{"href":"https:\/\/arantv.az\/index.php?rest_route=%2Fwp%2Fv2%2Fmedia&parent=151197"}],"wp:term":[{"taxonomy":"category","embeddable":true,"href":"https:\/\/arantv.az\/index.php?rest_route=%2Fwp%2Fv2%2Fcategories&post=151197"},{"taxonomy":"post_tag","embeddable":true,"href":"https:\/\/arantv.az\/index.php?rest_route=%2Fwp%2Fv2%2Ftags&post=151197"}],"curies":[{"name":"wp","href":"https:\/\/api.w.org\/{rel}","templated":true}]}}