{"id":151205,"date":"2020-04-15T13:57:05","date_gmt":"2020-04-15T10:57:05","guid":{"rendered":"http:\/\/arantv.az\/?p=151205"},"modified":"2020-04-15T13:57:05","modified_gmt":"2020-04-15T10:57:05","slug":"ilham-%c9%99liyev-sahin-mustafayev%c9%99-yeni-v%c9%99zif%c9%99-verdi","status":"publish","type":"post","link":"https:\/\/arantv.az\/?p=151205","title":{"rendered":"\u0130lham \u018fliyev \u015eahin Mustafayev\u0259 yeni v\u0259zif\u0259 verdi"},"content":{"rendered":"<p>Prezident\u00a0\u0130lham \u018fliyev su ehtiyatlar\u0131ndan s\u0259m\u0259r\u0259li istifad\u0259nin t\u0259min edilm\u0259si il\u0259 ba\u011fl\u0131 t\u0259dbirl\u0259r haqq\u0131nda s\u0259r\u0259ncam imzalay\u0131b.<\/p>\n<p>Bununla ba\u011fl\u0131\u00a0<a href=\"https:\/\/azertag.az\/xeber\/Su_ehtiyatlarindan_semereli_istifadenin_temin_edilmesi_ile_bagli_tedbirler_haqqindaAzerbaycan_Respublikasi_Prezidentinin_Serencami-1463163\" target=\"_blank\" rel=\"noopener\">AZ\u018fRTAC<\/a>\u00a0m\u0259lumat yay\u0131b.<\/p>\n<p>S\u0259r\u0259ncama \u0259sas\u0259n, \u00f6lk\u0259 \u0259razisind\u0259 su ehtiyatlar\u0131ndan s\u0259m\u0259r\u0259li istifad\u0259nin t\u0259min edilm\u0259si, su t\u0259s\u0259rr\u00fcfat\u0131n\u0131n idar\u0259 olunmas\u0131n\u0131n t\u0259kmill\u0259\u015fdirilm\u0259si v\u0259 bu sah\u0259d\u0259 f\u0259aliyy\u0259tin \u0259laq\u0259l\u0259ndirilm\u0259si m\u0259qs\u0259dil\u0259 a\u015fa\u011f\u0131dak\u0131 t\u0259rkibd\u0259 Komissiya yarad\u0131l\u0131b:<\/p>\n<div id=\"AdviadNativeVideo0\" class=\"AdviadNativeVideo\"><\/div>\n<p><strong>Komissiyan\u0131n s\u0259dri<\/strong><\/p>\n<p>\u015eahin Mustafayev \u2013 Az\u0259rbaycan Respublikas\u0131 Ba\u015f Nazirinin m\u00fcavini<\/p>\n<p><strong>Komissiyan\u0131n \u00fczvl\u0259ri<\/strong><\/p>\n<p>Az\u0259rbaycan Respublikas\u0131n\u0131n Ekologiya v\u0259 T\u0259bii S\u0259rv\u0259tl\u0259r naziri<\/p>\n<p>Az\u0259rbaycan Respublikas\u0131n\u0131n \u0130qtisadiyyat naziri<\/p>\n<p>Az\u0259rbaycan Respublikas\u0131n\u0131n K\u0259nd T\u0259s\u0259rr\u00fcfat\u0131 naziri<\/p>\n<p>Az\u0259rbaycan Respublikas\u0131n\u0131n Maliyy\u0259 naziri<\/p>\n<p>Az\u0259rbaycan Meliorasiya v\u0259 Su T\u0259s\u0259rr\u00fcfat\u0131 A\u00e7\u0131q S\u0259hmdar C\u0259miyy\u0259tinin s\u0259dri<\/p>\n<p>\u201cAz\u0259rsu\u201d A\u00e7\u0131q S\u0259hmdar C\u0259miyy\u0259tinin s\u0259dri<\/p>\n<p>\u201cAz\u0259renerji\u201d A\u00e7\u0131q S\u0259hmdar C\u0259miyy\u0259tinin prezidenti<\/p>\n<p>Az\u0259rbaycan Respublikas\u0131 F\u00f6vq\u0259lad\u0259 Hallar Nazirliyinin Su Ehtiyatlar\u0131 D\u00f6vl\u0259t Agentliyinin r\u0259isi.<\/p>\n<p>Komissiya su ehtiyatlar\u0131ndan istifad\u0259 v\u0259 su t\u0259s\u0259rr\u00fcfat\u0131n\u0131n idar\u0259 olunmas\u0131 sah\u0259sind\u0259 m\u00f6vcud v\u0259ziyy\u0259ti t\u0259hlil, su ehtiyatlar\u0131ndan istifad\u0259d\u0259 s\u0259m\u0259r\u0259liliyin art\u0131r\u0131lmas\u0131n\u0131, u\u00e7otun v\u0259 idar\u0259etm\u0259nin t\u0259kmill\u0259\u015fdirilm\u0259sini v\u0259 bu sah\u0259d\u0259 operativ \u0259laq\u0259l\u0259ndirm\u0259ni, el\u0259c\u0259 d\u0259 veril\u0259n tap\u015f\u0131r\u0131qlar\u0131n icras\u0131 \u00fc\u00e7\u00fcn m\u00fcvafiq d\u00f6vl\u0259t orqanlar\u0131n\u0131n (qurumlar\u0131n\u0131n), elmi m\u00fc\u0259ssis\u0259l\u0259rin (t\u0259\u015fkilatlar\u0131n), ixtisasl\u0131 m\u00fct\u0259x\u0259ssisl\u0259rin, habel\u0259 beyn\u0259lxalq ekspertl\u0259rin c\u0259lb olunmas\u0131n\u0131 t\u0259min etm\u0259lidir.<\/p>\n<p>Komissiya g\u00f6r\u00fcl\u0259n i\u015fl\u0259r bar\u0259d\u0259 h\u0259r alt\u0131 aydan bir Prezident\u0259 m\u0259lumat t\u0259qdim etm\u0259lidir.<\/p>\n","protected":false},"excerpt":{"rendered":"<p>Prezident\u00a0\u0130lham \u018fliyev su ehtiyatlar\u0131ndan s\u0259m\u0259r\u0259li istifad\u0259nin t\u0259min edilm\u0259si il\u0259 ba\u011fl\u0131 t\u0259dbirl\u0259r haqq\u0131nda s\u0259r\u0259ncam imzalay\u0131b. Bununla ba\u011fl\u0131\u00a0AZ\u018fRTAC\u00a0m\u0259lumat yay\u0131b. S\u0259r\u0259ncama \u0259sas\u0259n, \u00f6lk\u0259 \u0259razisind\u0259 su ehtiyatlar\u0131ndan s\u0259m\u0259r\u0259li istifad\u0259nin t\u0259min edilm\u0259si, su t\u0259s\u0259rr\u00fcfat\u0131n\u0131n idar\u0259 olunmas\u0131n\u0131n t\u0259kmill\u0259\u015fdirilm\u0259si v\u0259 bu sah\u0259d\u0259 f\u0259aliyy\u0259tin \u0259laq\u0259l\u0259ndirilm\u0259si m\u0259qs\u0259dil\u0259 a\u015fa\u011f\u0131dak\u0131 t\u0259rkibd\u0259 Komissiya yarad\u0131l\u0131b: Komissiyan\u0131n s\u0259dri \u015eahin Mustafayev \u2013 Az\u0259rbaycan Respublikas\u0131 Ba\u015f Nazirinin m\u00fcavini Komissiyan\u0131n \u00fczvl\u0259ri Az\u0259rbaycan Respublikas\u0131n\u0131n Ekologiya v\u0259 T\u0259bii S\u0259rv\u0259tl\u0259r naziri Az\u0259rbaycan Respublikas\u0131n\u0131n \u0130qtisadiyyat naziri Az\u0259rbaycan Respublikas\u0131n\u0131n K\u0259nd T\u0259s\u0259rr\u00fcfat\u0131 naziri Az\u0259rbaycan Respublikas\u0131n\u0131n Maliyy\u0259 naziri Az\u0259rbaycan Meliorasiya v\u0259 Su T\u0259s\u0259rr\u00fcfat\u0131 A\u00e7\u0131q S\u0259hmdar C\u0259miyy\u0259tinin s\u0259dri \u201cAz\u0259rsu\u201d A\u00e7\u0131q S\u0259hmdar C\u0259miyy\u0259tinin s\u0259dri \u201cAz\u0259renerji\u201d A\u00e7\u0131q&hellip;<\/p>\n","protected":false},"author":2,"featured_media":151206,"comment_status":"closed","ping_status":"closed","sticky":false,"template":"","format":"standard","meta":{"om_disable_all_campaigns":false,"_monsterinsights_skip_tracking":false,"_monsterinsights_sitenote_active":false,"_monsterinsights_sitenote_note":"","_monsterinsights_sitenote_category":0},"categories":[1],"tags":[],"aioseo_notices":[],"gutentor_comment":0,"rttpg_featured_image_url":{"full":["https:\/\/arantv.az\/wp-content\/uploads\/2020\/04\/ilham_aliyev_2020_002-1-1-1.jpg",620,426,false],"landscape":["https:\/\/arantv.az\/wp-content\/uploads\/2020\/04\/ilham_aliyev_2020_002-1-1-1.jpg",620,426,false],"portraits":["https:\/\/arantv.az\/wp-content\/uploads\/2020\/04\/ilham_aliyev_2020_002-1-1-1.jpg",620,426,false],"thumbnail":["https:\/\/arantv.az\/wp-content\/uploads\/2020\/04\/ilham_aliyev_2020_002-1-1-1-150x150.jpg",150,150,true],"medium":["https:\/\/arantv.az\/wp-content\/uploads\/2020\/04\/ilham_aliyev_2020_002-1-1-1-300x206.jpg",300,206,true],"large":["https:\/\/arantv.az\/wp-content\/uploads\/2020\/04\/ilham_aliyev_2020_002-1-1-1.jpg",620,426,false],"1536x1536":["https:\/\/arantv.az\/wp-content\/uploads\/2020\/04\/ilham_aliyev_2020_002-1-1-1.jpg",620,426,false],"2048x2048":["https:\/\/arantv.az\/wp-content\/uploads\/2020\/04\/ilham_aliyev_2020_002-1-1-1.jpg",620,426,false],"post-thumbnail":["https:\/\/arantv.az\/wp-content\/uploads\/2020\/04\/ilham_aliyev_2020_002-1-1-1-240x172.jpg",240,172,true],"advps-thumb-one":["https:\/\/arantv.az\/wp-content\/uploads\/2020\/04\/ilham_aliyev_2020_002-1-1-1.jpg",620,426,false]},"rttpg_author":{"display_name":"V\u00fcsal Rafiqo\u011flu","author_link":"https:\/\/arantv.az\/?author=2"},"rttpg_comment":0,"rttpg_category":"<a href=\"https:\/\/arantv.az\/?cat=1\" rel=\"category\">C\u0259miyy\u0259t<\/a>","rttpg_excerpt":"Prezident\u00a0\u0130lham \u018fliyev su ehtiyatlar\u0131ndan s\u0259m\u0259r\u0259li istifad\u0259nin t\u0259min edilm\u0259si il\u0259 ba\u011fl\u0131 t\u0259dbirl\u0259r haqq\u0131nda s\u0259r\u0259ncam imzalay\u0131b. Bununla ba\u011fl\u0131\u00a0AZ\u018fRTAC\u00a0m\u0259lumat yay\u0131b. S\u0259r\u0259ncama \u0259sas\u0259n, \u00f6lk\u0259 \u0259razisind\u0259 su ehtiyatlar\u0131ndan s\u0259m\u0259r\u0259li istifad\u0259nin t\u0259min edilm\u0259si, su t\u0259s\u0259rr\u00fcfat\u0131n\u0131n idar\u0259 olunmas\u0131n\u0131n t\u0259kmill\u0259\u015fdirilm\u0259si v\u0259 bu sah\u0259d\u0259 f\u0259aliyy\u0259tin \u0259laq\u0259l\u0259ndirilm\u0259si m\u0259qs\u0259dil\u0259 a\u015fa\u011f\u0131dak\u0131 t\u0259rkibd\u0259 Komissiya yarad\u0131l\u0131b: Komissiyan\u0131n s\u0259dri \u015eahin Mustafayev \u2013 Az\u0259rbaycan Respublikas\u0131 Ba\u015f Nazirinin m\u00fcavini Komissiyan\u0131n \u00fczvl\u0259ri Az\u0259rbaycan&hellip;","_links":{"self":[{"href":"https:\/\/arantv.az\/index.php?rest_route=\/wp\/v2\/posts\/151205"}],"collection":[{"href":"https:\/\/arantv.az\/index.php?rest_route=\/wp\/v2\/posts"}],"about":[{"href":"https:\/\/arantv.az\/index.php?rest_route=\/wp\/v2\/types\/post"}],"author":[{"embeddable":true,"href":"https:\/\/arantv.az\/index.php?rest_route=\/wp\/v2\/users\/2"}],"replies":[{"embeddable":true,"href":"https:\/\/arantv.az\/index.php?rest_route=%2Fwp%2Fv2%2Fcomments&post=151205"}],"version-history":[{"count":0,"href":"https:\/\/arantv.az\/index.php?rest_route=\/wp\/v2\/posts\/151205\/revisions"}],"wp:featuredmedia":[{"embeddable":true,"href":"https:\/\/arantv.az\/index.php?rest_route=\/wp\/v2\/media\/151206"}],"wp:attachment":[{"href":"https:\/\/arantv.az\/index.php?rest_route=%2Fwp%2Fv2%2Fmedia&parent=151205"}],"wp:term":[{"taxonomy":"category","embeddable":true,"href":"https:\/\/arantv.az\/index.php?rest_route=%2Fwp%2Fv2%2Fcategories&post=151205"},{"taxonomy":"post_tag","embeddable":true,"href":"https:\/\/arantv.az\/index.php?rest_route=%2Fwp%2Fv2%2Ftags&post=151205"}],"curies":[{"name":"wp","href":"https:\/\/api.w.org\/{rel}","templated":true}]}}