{"id":151213,"date":"2020-04-15T13:59:10","date_gmt":"2020-04-15T10:59:10","guid":{"rendered":"http:\/\/arantv.az\/?p=151213"},"modified":"2020-04-15T13:59:10","modified_gmt":"2020-04-15T10:59:10","slug":"bir-s%c9%99klin-tarixc%c9%99si-qurb%c9%99tin-k%c9%99d%c9%99rli-uzu-foto","status":"publish","type":"post","link":"https:\/\/arantv.az\/?p=151213","title":{"rendered":"Bir \u015f\u0259klin tarix\u00e7\u0259si: Q\u00fcrb\u0259tin k\u0259d\u0259rli \u00fcz\u00fc &#8211; FOTO"},"content":{"rendered":"<p>M\u00fchacir\u0259td\u0259 \u00e7ap olunan \u201c\u0130stiqlal\u201d q\u0259zetinin 10 fevral 1934-c\u00fc il tarixli, 52-ci say\u0131nda \u201cBa\u015f m\u00fch\u0259rririmiz 50 ya\u015f\u0131nda\u201d ba\u015fl\u0131ql\u0131 x\u0259b\u0259r d\u0259rc edilib. X\u0259b\u0259rd\u0259 yanvar ay\u0131n\u0131n 31-d\u0259 \u201cM\u00fcsavat\u201d firq\u0259si v\u0259 Milli Az\u0259rbaycan M\u0259rk\u0259zinin r\u0259isi, q\u0259zetin ba\u015f redaktoru M\u0259h\u0259mm\u0259d\u0259min R\u0259sulzad\u0259nin 50 ya\u015f\u0131n\u0131 tamamlad\u0131\u011f\u0131 qeyd olunub.<\/p>\n<p>Bu m\u00fcnasib\u0259tl\u0259 onun az\u0259rbaycanl\u0131 \u0259qid\u0259da\u015flar\u0131 il\u0259 yana\u015f\u0131, \u015eimali Qafqazdan, G\u00fcrc\u00fcstandan v\u0259 \u0130dil-Ural b\u00f6lg\u0259sind\u0259n olan dostlar\u0131n\u0131n i\u015ftirak\u0131 il\u0259 y\u0131\u011f\u0131ncaq ke\u00e7irilib, nitql\u0259r s\u00f6yl\u0259nilib.<\/p>\n<p>D\u00fcnyan\u0131n m\u00fcxt\u0259lif b\u00f6lg\u0259l\u0259rind\u0259n t\u0259brik m\u0259ktublar\u0131 alan M.R\u0259sulzad\u0259y\u0259 istiqlal m\u00fcbariz\u0259sini u\u011furla ba\u015fa vurmas\u0131 arzulan\u0131b.<\/p>\n<p><img src=\"https:\/\/cdn.oxu.az\/uploads\/W1siZiIsIjIwMjAvMDQvMTUvMTMvMzEvMTYvNTcyNDJkMGYtMzkyNi00ZDRmLThjMzYtZDBlYWI4YWIzM2U1LzIwMi3EsHN0aWtsYWwtMTkzNF8uanBnIl0sWyJwIiwiZW5jb2RlIiwianBnIiwiLXF1YWxpdHkgODAiXSxbInAiLCJ0aHVtYiIsIjU5MHg1OTBcdTAwM2UiXV0?sha=05900de87d12ae84\" alt=\"\" \/><\/p>\n<p>19 ya\u015f\u0131nda siyasi f\u0259aliyy\u0259t\u0259 ba\u015flayan, 34 ya\u015f\u0131nda Az\u0259rbaycan C\u00fcmhuriyy\u0259tinin istiqlal\u0131n\u0131 elan ed\u0259n M\u0259h\u0259mm\u0259d\u0259min R\u0259sulzad\u0259 50 ya\u015f\u0131na \u00e7atd\u0131\u011f\u0131 zaman art\u0131q b\u00f6y\u00fck m\u00fcbariz\u0259 yolu ke\u00e7mi\u015fdi. H\u0259min g\u00fcn \u00e7\u0259kil\u0259n foto\u015f\u0259kill\u0259r arxivimizd\u0259 olmasa da, o d\u00f6n\u0259m\u0259 aid nadir \u015f\u0259kill\u0259rd\u0259n biri \u015f\u0259xsi kolleksiyam\u0131zda m\u00f6vcuddur.<\/p>\n<p><img src=\"https:\/\/cdn.oxu.az\/uploads\/W1siZiIsIjIwMjAvMDQvMTUvMTMvMzEvMTcvOWZkYTM5ZDUtYTY5OC00YTY0LTllZjYtZDhhNjBkNjA0MzdkL1Jhc3VsemFkZS5qcGciXSxbInAiLCJlbmNvZGUiLCJqcGciLCItcXVhbGl0eSA4MCJdLFsicCIsInRodW1iIiwiNTkweDU5MFx1MDAzZSJdXQ?sha=94b7415d05380866\" alt=\"\" \/><\/p>\n<p>Bu foto\u015f\u0259kil qrafik dizayner R\u0259sul H\u0259s\u0259n t\u0259r\u0259find\u0259n r\u0259ngl\u0259ndirilib v\u0259 ictimaiyy\u0259t\u0259 t\u0259qdim edilib. Bu, R\u0259sul H\u0259s\u0259nl\u0259 ortaq bir ne\u00e7\u0259 i\u015fimizd\u0259n biridir.<\/p>\n<p>Ki\u00e7ik \u00f6l\u00e7\u00fcd\u0259 olan bu foto\u015f\u0259kild\u0259 R\u0259sulzad\u0259 t\u0259k t\u0259svir edilib. B\u00f6y\u00fck ehtimalla, bu \u015f\u0259kil hans\u0131sa v\u0259siq\u0259 \u00fc\u00e7\u00fcn v\u0259 ya jurnalda d\u0259rc etdirm\u0259k, yaxud xatir\u0259 m\u0259qs\u0259dil\u0259 \u00e7\u0259kilib. \u015e\u0259kild\u0259 R\u0259sulzad\u0259nin \u00fcz\u00fcnd\u0259 m\u00fchacir\u0259tin a\u011f\u0131r \u0259zab\u0131, yurduna olan h\u0259sr\u0259ti a\u00e7\u0131q \u015f\u0259kild\u0259 g\u00f6r\u00fcn\u00fcr. Sa\u00e7lar\u0131n\u0131n k\u0259narlar\u0131na d\u00fc\u015f\u0259n a\u011f, \u00fcz\u00fcn\u0259 g\u0259l\u0259n q\u0131r\u0131\u015flar h\u0259m d\u0259 \u00f6mr\u00fcn q\u00fcrubuna do\u011fru ilk add\u0131mlar\u0131 atd\u0131\u011f\u0131n\u0131 g\u00f6st\u0259rir.<\/p>\n<p><img src=\"https:\/\/cdn.oxu.az\/uploads\/W1siZiIsIjIwMjAvMDQvMTUvMTMvMzEvMTcvODhlZGEwMWMtYjg1MC00MWMxLWI1NjQtNzk1NmUwMGEyZjVlL1Jlc3VsemFkZSB0ZWsuanBnIl0sWyJwIiwiZW5jb2RlIiwianBnIiwiLXF1YWxpdHkgODAiXSxbInAiLCJ0aHVtYiIsIjU5MHg1OTBcdTAwM2UiXV0?sha=3f67c15fd6f8a579\" alt=\"\" \/><\/p>\n<p>M.R\u0259sulzad\u0259 bu ill\u0259rd\u0259 Avropada f\u0259aliyy\u0259t g\u00f6st\u0259rirdi. 1930-cu ild\u0259 T\u00fcrkiy\u0259d\u0259n ayr\u0131ld\u0131qdan sonra Rum\u0131niya, Pol\u015fa, Almaniya kimi d\u00f6vl\u0259tl\u0259rd\u0259 istiqlal m\u00fcbariz\u0259si apar\u0131b, el\u0259c\u0259 d\u0259, fasil\u0259siz \u015f\u0259kild\u0259 q\u0259zet v\u0259 jurnallar \u00e7ap edib.<\/p>\n<p>\u201cBildiri\u015f\u201d, \u201c\u0130stiqlal\u201d q\u0259zetl\u0259ri v\u0259 \u201cQurtulu\u015f\u201d jurnal\u0131 onun bu ya\u015f d\u00f6vr\u00fcnd\u0259 \u00e7ap etdiyi m\u0259tbu orqanlard\u0131r. H\u0259min ill\u0259rd\u0259 M.R\u0259sulzad\u0259 Az\u0259rbaycan haqq\u0131nda frans\u0131z, alman v\u0259 polyak dill\u0259rind\u0259 kitablar d\u0259rc etdirib, t\u0259msil olundu\u011fu \u201cPrometey\u201d c\u0259miyy\u0259tind\u0259 tarix, \u0259d\u0259biyyat v\u0259 siyasi m\u00fcbariz\u0259 il\u0259 ba\u011fl\u0131 m\u00fchazir\u0259l\u0259r oxuyub.<\/p>\n<p>M.R\u0259sulzad\u0259 50 ya\u015f\u0131nda m\u00fch\u00fcm bir pakta da imza at\u0131b. Bel\u0259 ki, 1934-c\u00fc il iyulun 14-d\u0259 Var\u015favada Qafqaz \u0130stiqlal Komit\u0259sin\u0259 daxil olan Az\u0259rbaycan, G\u00fcrc\u00fcstan v\u0259 \u015eimali Qafqaz milli m\u0259rk\u0259zl\u0259rinin n\u00fcmay\u0259nd\u0259l\u0259ri t\u0259r\u0259find\u0259n Qafqaz Konfederasiyas\u0131 Pakt\u0131 imzalan\u0131b. T\u0259r\u0259fl\u0259r onu Qafqaz Kreml \u0259sar\u0259tind\u0259n azad edildikd\u0259n d\u0259rhal sonra yaratma\u011f\u0131 \u00f6hd\u0259l\u0259rin\u0259 g\u00f6t\u00fcr\u00fcbl\u0259r.<\/p>\n<p>S\u0259n\u0259di Az\u0259rbaycan ad\u0131ndan M.R\u0259sulzad\u0259 v\u0259 \u018f.Top\u00e7uba\u015f\u0131, G\u00fcrc\u00fcstan ad\u0131ndan N.Jordaniya v\u0259 A.\u00c7xenkeli, \u015eimali Qafqaz ad\u0131ndan M.Q.Sun\u015f, \u0130.\u00c7ulik v\u0259 T.\u015eakman imzalay\u0131blar. Bu s\u0259n\u0259dd\u0259 \u0259sas m\u0259qs\u0259d Qafqaz bol\u015fevik i\u015f\u011fal\u0131ndan azad edildikd\u0259n sonra b\u00f6lg\u0259nin konfederasiya \u015f\u0259klind\u0259 idar\u0259 olunmas\u0131 idi.<\/p>\n<p>Pakt\u0131n dig\u0259r \u00f6n\u0259mli t\u0259r\u0259fi o idi ki, m\u00fchacir\u0259td\u0259 M.R\u0259sulzad\u0259 il\u0259 \u018flim\u0259rdan b\u0259y Top\u00e7uba\u015f\u0131\u00a0aras\u0131nda olan fikir ayr\u0131l\u0131qlar\u0131na son qoyulub, bu s\u0259n\u0259d el\u0259 h\u0259min il v\u0259fat ed\u0259c\u0259k Top\u00e7uba\u015f\u0131n\u0131n Az\u0259rbaycan, Qafqaz v\u0259 \u00fcmumiyy\u0259tl\u0259, Rusiya m\u00fcs\u0259lmanlar\u0131 qar\u015f\u0131s\u0131nda son m\u00fch\u00fcm v\u0259zif\u0259si olub.<\/p>\n<p>M.R\u0259sulzad\u0259 polyak \u0259silli xan\u0131m\u0131 Leyla (\u0259sl ad\u0131 Vanda) il\u0259 d\u0259 bu ill\u0259rd\u0259 tan\u0131\u015f olub. Leyla xan\u0131m 1885-ci ild\u0259 Var\u015favada do\u011fulub. Orada universiteti bitirib. Ruslarla m\u00fcbariz\u0259 aparan m\u0259\u015fhur polyak ail\u0259l\u0259rind\u0259n birin\u0259 m\u0259nsubdur.<\/p>\n<p>M.R\u0259sulzad\u0259nin v\u0259fat\u0131na q\u0259d\u0259r onun yan\u0131nda olub, d\u0259fnind\u0259 i\u015ftirak ed\u0259n yegan\u0259 qad\u0131n idi&#8230; H\u0259r ikisi Ankarada Milli Kitabxanada \u00e7al\u0131\u015f\u0131b, birlikd\u0259 \u00e7\u0259kilmi\u015f bir ne\u00e7\u0259 foto\u015f\u0259kill\u0259ri g\u00fcn\u00fcm\u00fcz\u0259 g\u0259lib \u00e7at\u0131b&#8230;<\/p>\n<p><strong>Dilq\u0259m \u018fhm\u0259d<br \/>\n<em>Ara\u015fd\u0131rma\u00e7\u0131-jurnalist<\/em><\/strong><\/p>\n","protected":false},"excerpt":{"rendered":"<p>M\u00fchacir\u0259td\u0259 \u00e7ap olunan \u201c\u0130stiqlal\u201d q\u0259zetinin 10 fevral 1934-c\u00fc il tarixli, 52-ci say\u0131nda \u201cBa\u015f m\u00fch\u0259rririmiz 50 ya\u015f\u0131nda\u201d ba\u015fl\u0131ql\u0131 x\u0259b\u0259r d\u0259rc edilib. X\u0259b\u0259rd\u0259 yanvar ay\u0131n\u0131n 31-d\u0259 \u201cM\u00fcsavat\u201d firq\u0259si v\u0259 Milli Az\u0259rbaycan M\u0259rk\u0259zinin r\u0259isi, q\u0259zetin ba\u015f redaktoru M\u0259h\u0259mm\u0259d\u0259min R\u0259sulzad\u0259nin 50 ya\u015f\u0131n\u0131 tamamlad\u0131\u011f\u0131 qeyd olunub. Bu m\u00fcnasib\u0259tl\u0259 onun az\u0259rbaycanl\u0131 \u0259qid\u0259da\u015flar\u0131 il\u0259 yana\u015f\u0131, \u015eimali Qafqazdan, G\u00fcrc\u00fcstandan v\u0259 \u0130dil-Ural b\u00f6lg\u0259sind\u0259n olan dostlar\u0131n\u0131n i\u015ftirak\u0131 il\u0259 y\u0131\u011f\u0131ncaq ke\u00e7irilib, nitql\u0259r s\u00f6yl\u0259nilib. D\u00fcnyan\u0131n m\u00fcxt\u0259lif b\u00f6lg\u0259l\u0259rind\u0259n t\u0259brik m\u0259ktublar\u0131 alan M.R\u0259sulzad\u0259y\u0259 istiqlal m\u00fcbariz\u0259sini u\u011furla ba\u015fa vurmas\u0131 arzulan\u0131b. 19 ya\u015f\u0131nda siyasi f\u0259aliyy\u0259t\u0259 ba\u015flayan, 34 ya\u015f\u0131nda Az\u0259rbaycan C\u00fcmhuriyy\u0259tinin istiqlal\u0131n\u0131 elan ed\u0259n M\u0259h\u0259mm\u0259d\u0259min R\u0259sulzad\u0259 50&hellip;<\/p>\n","protected":false},"author":2,"featured_media":151214,"comment_status":"closed","ping_status":"closed","sticky":false,"template":"","format":"standard","meta":{"om_disable_all_campaigns":false,"_monsterinsights_skip_tracking":false,"_monsterinsights_sitenote_active":false,"_monsterinsights_sitenote_note":"","_monsterinsights_sitenote_category":0},"categories":[24],"tags":[],"aioseo_notices":[],"gutentor_comment":0,"rttpg_featured_image_url":{"full":["https:\/\/arantv.az\/wp-content\/uploads\/2020\/04\/FotoJet-5.jpg",620,463,false],"landscape":["https:\/\/arantv.az\/wp-content\/uploads\/2020\/04\/FotoJet-5.jpg",620,463,false],"portraits":["https:\/\/arantv.az\/wp-content\/uploads\/2020\/04\/FotoJet-5.jpg",620,463,false],"thumbnail":["https:\/\/arantv.az\/wp-content\/uploads\/2020\/04\/FotoJet-5-150x150.jpg",150,150,true],"medium":["https:\/\/arantv.az\/wp-content\/uploads\/2020\/04\/FotoJet-5-300x224.jpg",300,224,true],"large":["https:\/\/arantv.az\/wp-content\/uploads\/2020\/04\/FotoJet-5.jpg",620,463,false],"1536x1536":["https:\/\/arantv.az\/wp-content\/uploads\/2020\/04\/FotoJet-5.jpg",620,463,false],"2048x2048":["https:\/\/arantv.az\/wp-content\/uploads\/2020\/04\/FotoJet-5.jpg",620,463,false],"post-thumbnail":["https:\/\/arantv.az\/wp-content\/uploads\/2020\/04\/FotoJet-5-240x172.jpg",240,172,true],"advps-thumb-one":["https:\/\/arantv.az\/wp-content\/uploads\/2020\/04\/FotoJet-5.jpg",620,463,false]},"rttpg_author":{"display_name":"V\u00fcsal Rafiqo\u011flu","author_link":"https:\/\/arantv.az\/?author=2"},"rttpg_comment":0,"rttpg_category":"<a href=\"https:\/\/arantv.az\/?cat=24\" rel=\"category\">Maraql\u0131<\/a>","rttpg_excerpt":"M\u00fchacir\u0259td\u0259 \u00e7ap olunan \u201c\u0130stiqlal\u201d q\u0259zetinin 10 fevral 1934-c\u00fc il tarixli, 52-ci say\u0131nda \u201cBa\u015f m\u00fch\u0259rririmiz 50 ya\u015f\u0131nda\u201d ba\u015fl\u0131ql\u0131 x\u0259b\u0259r d\u0259rc edilib. X\u0259b\u0259rd\u0259 yanvar ay\u0131n\u0131n 31-d\u0259 \u201cM\u00fcsavat\u201d firq\u0259si v\u0259 Milli Az\u0259rbaycan M\u0259rk\u0259zinin r\u0259isi, q\u0259zetin ba\u015f redaktoru M\u0259h\u0259mm\u0259d\u0259min R\u0259sulzad\u0259nin 50 ya\u015f\u0131n\u0131 tamamlad\u0131\u011f\u0131 qeyd olunub. Bu m\u00fcnasib\u0259tl\u0259 onun az\u0259rbaycanl\u0131 \u0259qid\u0259da\u015flar\u0131 il\u0259 yana\u015f\u0131, \u015eimali Qafqazdan, G\u00fcrc\u00fcstandan v\u0259 \u0130dil-Ural b\u00f6lg\u0259sind\u0259n olan&hellip;","_links":{"self":[{"href":"https:\/\/arantv.az\/index.php?rest_route=\/wp\/v2\/posts\/151213"}],"collection":[{"href":"https:\/\/arantv.az\/index.php?rest_route=\/wp\/v2\/posts"}],"about":[{"href":"https:\/\/arantv.az\/index.php?rest_route=\/wp\/v2\/types\/post"}],"author":[{"embeddable":true,"href":"https:\/\/arantv.az\/index.php?rest_route=\/wp\/v2\/users\/2"}],"replies":[{"embeddable":true,"href":"https:\/\/arantv.az\/index.php?rest_route=%2Fwp%2Fv2%2Fcomments&post=151213"}],"version-history":[{"count":0,"href":"https:\/\/arantv.az\/index.php?rest_route=\/wp\/v2\/posts\/151213\/revisions"}],"wp:featuredmedia":[{"embeddable":true,"href":"https:\/\/arantv.az\/index.php?rest_route=\/wp\/v2\/media\/151214"}],"wp:attachment":[{"href":"https:\/\/arantv.az\/index.php?rest_route=%2Fwp%2Fv2%2Fmedia&parent=151213"}],"wp:term":[{"taxonomy":"category","embeddable":true,"href":"https:\/\/arantv.az\/index.php?rest_route=%2Fwp%2Fv2%2Fcategories&post=151213"},{"taxonomy":"post_tag","embeddable":true,"href":"https:\/\/arantv.az\/index.php?rest_route=%2Fwp%2Fv2%2Ftags&post=151213"}],"curies":[{"name":"wp","href":"https:\/\/api.w.org\/{rel}","templated":true}]}}