{"id":151221,"date":"2020-04-15T14:02:30","date_gmt":"2020-04-15T11:02:30","guid":{"rendered":"http:\/\/arantv.az\/?p=151221"},"modified":"2020-04-15T14:02:30","modified_gmt":"2020-04-15T11:02:30","slug":"birinci-vitse-prezident-mehriban-%c9%99liyeva-m%c9%99shur-atakule-qull%c9%99sind%c9%99-az%c9%99rbaycan-bayraginin-isiqlandirilmasi-il%c9%99-bagli-turkiy%c9%99y%c9%99-minn%c9%99tdarligini-bildirib-fo","status":"publish","type":"post","link":"https:\/\/arantv.az\/?p=151221","title":{"rendered":"Birinci vitse-prezident Mehriban \u018fliyeva m\u0259\u015fhur Atakule q\u00fcll\u0259sind\u0259 Az\u0259rbaycan bayra\u011f\u0131n\u0131n i\u015f\u0131qland\u0131r\u0131lmas\u0131 il\u0259 ba\u011fl\u0131 T\u00fcrkiy\u0259y\u0259 minn\u0259tdarl\u0131\u011f\u0131n\u0131 bildirib &#8211; FOTO"},"content":{"rendered":"<p>Birinci vitse-prezident Mehriban \u018fliyeva\u00a0<a href=\"https:\/\/www.instagram.com\/p\/B-_04FgAWBF\/?igshid=1sovh5galyqng\" target=\"_blank\" rel=\"noopener\">r\u0259smi \u0130nstaqram s\u0259hif\u0259si<\/a>nd\u0259 T\u00fcrkiy\u0259nin paytaxt\u0131 Ankarada yerl\u0259\u015f\u0259n m\u0259\u015fhur Atakule q\u00fcll\u0259sind\u0259 Az\u0259rbaycan Respublikas\u0131n\u0131n bayra\u011f\u0131n\u0131n i\u015f\u0131qland\u0131r\u0131lmas\u0131 il\u0259 ba\u011fl\u0131 qarda\u015f \u00f6lk\u0259y\u0259 minn\u0259tdarl\u0131\u011f\u0131n\u0131 bildirib.<\/p>\n<p>ARANTV.AZ\u00a0<a href=\"https:\/\/az.trend.az\/\" target=\"_blank\" rel=\"noopener\">Trend<\/a>-\u0259 istinad\u0259n x\u0259b\u0259r verir ki, minn\u0259tdarl\u0131qla ba\u011fl\u0131 payla\u015f\u0131mda deyilir:<\/p>\n<p>&#8220;Qarda\u015f T\u00fcrkiy\u0259y\u0259 d\u0259rin minn\u0259tdarl\u0131\u011f\u0131m\u0131 bildirir\u0259m! \u00d6lk\u0259l\u0259rimiz daim bir-birinin yan\u0131ndad\u0131r &#8211; h\u0259m sevincli g\u00fcnl\u0259rd\u0259, h\u0259m \u00e7\u0259tin s\u0131naq g\u00fcnl\u0259rind\u0259. Bizim birliyimiz, bizim g\u00fcc\u00fcm\u00fcz bundad\u0131r! Xalqlar\u0131m\u0131za m\u00f6hk\u0259m cansa\u011fl\u0131\u011f\u0131, \u00f6lk\u0259l\u0259rimiz\u0259 s\u00fclh v\u0259 \u0259min-amanl\u0131q arzulay\u0131ram! Qoy Uca Tanr\u0131 d\u00fcnyam\u0131z\u0131 qorusun!<\/p>\n","protected":false},"excerpt":{"rendered":"<p>Birinci vitse-prezident Mehriban \u018fliyeva\u00a0r\u0259smi \u0130nstaqram s\u0259hif\u0259sind\u0259 T\u00fcrkiy\u0259nin paytaxt\u0131 Ankarada yerl\u0259\u015f\u0259n m\u0259\u015fhur Atakule q\u00fcll\u0259sind\u0259 Az\u0259rbaycan Respublikas\u0131n\u0131n bayra\u011f\u0131n\u0131n i\u015f\u0131qland\u0131r\u0131lmas\u0131 il\u0259 ba\u011fl\u0131 qarda\u015f \u00f6lk\u0259y\u0259 minn\u0259tdarl\u0131\u011f\u0131n\u0131 bildirib. ARANTV.AZ\u00a0Trend-\u0259 istinad\u0259n x\u0259b\u0259r verir ki, minn\u0259tdarl\u0131qla ba\u011fl\u0131 payla\u015f\u0131mda deyilir: &#8220;Qarda\u015f T\u00fcrkiy\u0259y\u0259 d\u0259rin minn\u0259tdarl\u0131\u011f\u0131m\u0131 bildirir\u0259m! \u00d6lk\u0259l\u0259rimiz daim bir-birinin yan\u0131ndad\u0131r &#8211; h\u0259m sevincli g\u00fcnl\u0259rd\u0259, h\u0259m \u00e7\u0259tin s\u0131naq g\u00fcnl\u0259rind\u0259. Bizim birliyimiz, bizim g\u00fcc\u00fcm\u00fcz bundad\u0131r! Xalqlar\u0131m\u0131za m\u00f6hk\u0259m cansa\u011fl\u0131\u011f\u0131, \u00f6lk\u0259l\u0259rimiz\u0259 s\u00fclh v\u0259 \u0259min-amanl\u0131q arzulay\u0131ram! Qoy Uca Tanr\u0131 d\u00fcnyam\u0131z\u0131 qorusun!<\/p>\n","protected":false},"author":2,"featured_media":151222,"comment_status":"closed","ping_status":"closed","sticky":false,"template":"","format":"standard","meta":{"om_disable_all_campaigns":false,"_monsterinsights_skip_tracking":false,"_monsterinsights_sitenote_active":false,"_monsterinsights_sitenote_note":"","_monsterinsights_sitenote_category":0},"categories":[1],"tags":[],"aioseo_notices":[],"gutentor_comment":0,"rttpg_featured_image_url":{"full":["https:\/\/arantv.az\/wp-content\/uploads\/2020\/04\/mehriban_eliyeva_025.jpg",800,600,false],"landscape":["https:\/\/arantv.az\/wp-content\/uploads\/2020\/04\/mehriban_eliyeva_025.jpg",800,600,false],"portraits":["https:\/\/arantv.az\/wp-content\/uploads\/2020\/04\/mehriban_eliyeva_025.jpg",800,600,false],"thumbnail":["https:\/\/arantv.az\/wp-content\/uploads\/2020\/04\/mehriban_eliyeva_025-150x150.jpg",150,150,true],"medium":["https:\/\/arantv.az\/wp-content\/uploads\/2020\/04\/mehriban_eliyeva_025-300x225.jpg",300,225,true],"large":["https:\/\/arantv.az\/wp-content\/uploads\/2020\/04\/mehriban_eliyeva_025.jpg",640,480,false],"1536x1536":["https:\/\/arantv.az\/wp-content\/uploads\/2020\/04\/mehriban_eliyeva_025.jpg",800,600,false],"2048x2048":["https:\/\/arantv.az\/wp-content\/uploads\/2020\/04\/mehriban_eliyeva_025.jpg",800,600,false],"post-thumbnail":["https:\/\/arantv.az\/wp-content\/uploads\/2020\/04\/mehriban_eliyeva_025-240x172.jpg",240,172,true],"advps-thumb-one":["https:\/\/arantv.az\/wp-content\/uploads\/2020\/04\/mehriban_eliyeva_025.jpg",800,600,false]},"rttpg_author":{"display_name":"V\u00fcsal Rafiqo\u011flu","author_link":"https:\/\/arantv.az\/?author=2"},"rttpg_comment":0,"rttpg_category":"<a href=\"https:\/\/arantv.az\/?cat=1\" rel=\"category\">C\u0259miyy\u0259t<\/a>","rttpg_excerpt":"Birinci vitse-prezident Mehriban \u018fliyeva\u00a0r\u0259smi \u0130nstaqram s\u0259hif\u0259sind\u0259 T\u00fcrkiy\u0259nin paytaxt\u0131 Ankarada yerl\u0259\u015f\u0259n m\u0259\u015fhur Atakule q\u00fcll\u0259sind\u0259 Az\u0259rbaycan Respublikas\u0131n\u0131n bayra\u011f\u0131n\u0131n i\u015f\u0131qland\u0131r\u0131lmas\u0131 il\u0259 ba\u011fl\u0131 qarda\u015f \u00f6lk\u0259y\u0259 minn\u0259tdarl\u0131\u011f\u0131n\u0131 bildirib. ARANTV.AZ\u00a0Trend-\u0259 istinad\u0259n x\u0259b\u0259r verir ki, minn\u0259tdarl\u0131qla ba\u011fl\u0131 payla\u015f\u0131mda deyilir: &#8220;Qarda\u015f T\u00fcrkiy\u0259y\u0259 d\u0259rin minn\u0259tdarl\u0131\u011f\u0131m\u0131 bildirir\u0259m! \u00d6lk\u0259l\u0259rimiz daim bir-birinin yan\u0131ndad\u0131r &#8211; h\u0259m sevincli g\u00fcnl\u0259rd\u0259, h\u0259m \u00e7\u0259tin s\u0131naq g\u00fcnl\u0259rind\u0259. Bizim birliyimiz, bizim g\u00fcc\u00fcm\u00fcz bundad\u0131r! Xalqlar\u0131m\u0131za&hellip;","_links":{"self":[{"href":"https:\/\/arantv.az\/index.php?rest_route=\/wp\/v2\/posts\/151221"}],"collection":[{"href":"https:\/\/arantv.az\/index.php?rest_route=\/wp\/v2\/posts"}],"about":[{"href":"https:\/\/arantv.az\/index.php?rest_route=\/wp\/v2\/types\/post"}],"author":[{"embeddable":true,"href":"https:\/\/arantv.az\/index.php?rest_route=\/wp\/v2\/users\/2"}],"replies":[{"embeddable":true,"href":"https:\/\/arantv.az\/index.php?rest_route=%2Fwp%2Fv2%2Fcomments&post=151221"}],"version-history":[{"count":0,"href":"https:\/\/arantv.az\/index.php?rest_route=\/wp\/v2\/posts\/151221\/revisions"}],"wp:featuredmedia":[{"embeddable":true,"href":"https:\/\/arantv.az\/index.php?rest_route=\/wp\/v2\/media\/151222"}],"wp:attachment":[{"href":"https:\/\/arantv.az\/index.php?rest_route=%2Fwp%2Fv2%2Fmedia&parent=151221"}],"wp:term":[{"taxonomy":"category","embeddable":true,"href":"https:\/\/arantv.az\/index.php?rest_route=%2Fwp%2Fv2%2Fcategories&post=151221"},{"taxonomy":"post_tag","embeddable":true,"href":"https:\/\/arantv.az\/index.php?rest_route=%2Fwp%2Fv2%2Ftags&post=151221"}],"curies":[{"name":"wp","href":"https:\/\/api.w.org\/{rel}","templated":true}]}}