{"id":151225,"date":"2020-04-15T14:03:53","date_gmt":"2020-04-15T11:03:53","guid":{"rendered":"http:\/\/arantv.az\/?p=151225"},"modified":"2020-04-15T14:03:53","modified_gmt":"2020-04-15T11:03:53","slug":"prezident-ilham-%c9%99liyevin-duzgun-xarici-siyas%c9%99ti-n%c9%99tic%c9%99sind%c9%99-dagliq-qarabagda-keciril%c9%99n-qondarma-seckil%c9%99rin-n%c9%99tic%c9%99l%c9%99rini-hec-kim-q%c9%99bul-etm","status":"publish","type":"post","link":"https:\/\/arantv.az\/?p=151225","title":{"rendered":"&#8220;Prezident \u0130lham \u018fliyevin d\u00fczg\u00fcn xarici siyas\u0259ti n\u0259tic\u0259sind\u0259 Da\u011fl\u0131q Qaraba\u011fda ke\u00e7iril\u0259n qondarma &#8220;se\u00e7kil\u0259r&#8221;in n\u0259tic\u0259l\u0259rini he\u00e7 kim q\u0259bul etm\u0259di&#8221;"},"content":{"rendered":"<blockquote><p><em><strong>Prezident \u0130lham \u018fliyevin d\u00fczg\u00fcn xarici siyas\u0259ti n\u0259tic\u0259sind\u0259 Da\u011fl\u0131q Qaraba\u011fda ke\u00e7iril\u0259n qondarma &#8220;se\u00e7kil\u0259r&#8221;in n\u0259tic\u0259l\u0259rini he\u00e7 kim q\u0259bul etm\u0259di.<\/strong><\/em><\/p><\/blockquote>\n<p>ARANTV.AZ x\u0259b\u0259r verir ki, bunu\u00a0<a href=\"https:\/\/az.trend.az\/\" target=\"_blank\" rel=\"noopener\">Trend<\/a>-\u0259 a\u00e7\u0131qlamas\u0131nda Milli M\u0259clisin deputat\u0131 Arzu Na\u011f\u0131yev deyib.<\/p>\n<p>Onun s\u00f6zl\u0259rin\u0259 g\u00f6r\u0259, Da\u011fl\u0131q Qaraba\u011f m\u00fcnaqi\u015f\u0259sind\u0259 erm\u0259nil\u0259r yen\u0259 d\u0259 \u00f6z m\u0259nfur siyas\u0259tini yeritm\u0259kd\u0259 davam edirl\u0259r:<\/p>\n<p>&#8220;Bu il Erm\u0259nistan i\u015f\u011fal olunmu\u015f Da\u011fl\u0131q Qaraba\u011fda qondarma &#8220;se\u00e7kil\u0259r&#8221; ke\u00e7irdi, bu &#8220;se\u00e7kil\u0259r&#8221;in n\u0259tic\u0259l\u0259ri he\u00e7 bir beyn\u0259lxalq qurum t\u0259r\u0259find\u0259n tan\u0131nmad\u0131. Bu da Az\u0259rbaycan diplomatiyas\u0131n\u0131n n\u00f6vb\u0259ti u\u011furu v\u0259 Az\u0259rbaycan Prezidentinin y\u00fcr\u00fctd\u00fcy\u00fc xarici siyas\u0259tin n\u0259tic\u0259sidir. Prezident \u0130lham \u018fliyevin d\u00fczg\u00fcn xarici siyas\u0259ti n\u0259tic\u0259sind\u0259 Da\u011fl\u0131q Qaraba\u011fda qondarma &#8220;se\u00e7kil\u0259r&#8221;in n\u0259tic\u0259l\u0259rini he\u00e7 kim q\u0259bul etm\u0259di. \u018ffsuslar olsun ki, b\u0259zi beyn\u0259lxalq qurumlar yen\u0259 d\u0259 \u00f6z ikili standartlar\u0131ndan \u0259l \u00e7\u0259kmirl\u0259r. Avropa \u015euras\u0131 Parlament Assambleyas\u0131 i\u015f\u011fal olunmu\u015f Da\u011fl\u0131q Qaraba\u011fda ke\u00e7iril\u0259n qondarma &#8220;se\u00e7kil\u0259r&#8221; il\u0259 ba\u011fl\u0131 h\u0259r hans\u0131sa b\u0259yanat verm\u0259di. Onlar\u0131n b\u0259yanat\u0131 \u0259h\u0259miyy\u0259t k\u0259sb etmir, bir ka\u011f\u0131z par\u00e7as\u0131ndan f\u0259rql\u0259nmir. Avropa \u015euras\u0131nda c\u0259ml\u0259\u015f\u0259n anti-Az\u0259rbaycan, erm\u0259nip\u0259r\u0259st q\u00fcvv\u0259l\u0259r Az\u0259rbaycana d\u00fc\u015fm\u0259n g\u00f6z\u00fc il\u0259 bax\u0131rlar&#8221;.<\/p>\n<p>Deputat bildirib ki, 2020-ci ild\u0259 Az\u0259rbaycan\u0131n xarici v\u0259 daxili siyas\u0259tind\u0259 \u0259sas prioritet m\u0259s\u0259l\u0259 Da\u011fl\u0131q Qaraba\u011f m\u00fcnaqi\u015f\u0259sinin h\u0259lli m\u0259s\u0259l\u0259sidir.<\/p>\n<p>A.Na\u011f\u0131yev, h\u0259m\u00e7inin qeyd edib ki, 2020-ci ilin birinci r\u00fcb\u00fcn\u00fcn sosial-iqtisadi yekunlar\u0131na h\u0259sr olunan videokonfransda Prezident \u0130lham \u018fliyev \u00e7ox m\u00fch\u00fcm m\u0259s\u0259l\u0259l\u0259r\u0259 toxunub v\u0259 \u00e7\u0131x\u0131\u015f\u0131nda m\u00fcvafiq istiqam\u0259tl\u0259rd\u0259 t\u00f6vsiy\u0259l\u0259rini verib:<\/p>\n<p>&#8220;Az\u0259rbaycan \u00fc\u00e7\u00fcn 2020-ci il \u00fcmumilikd\u0259 u\u011furla ba\u015flay\u0131b, haz\u0131rda da islahatlar davam edir. Qeyd etm\u0259k laz\u0131md\u0131r ki, koronavirus pandemiyas\u0131 il\u0259 \u0259laq\u0259dar b\u00fct\u00fcn d\u00fcnya iqtisadiyyat\u0131 t\u0259n\u0259zz\u00fcl\u0259 u\u011frad\u0131. Bu proses Az\u0259rbaycandan yan ke\u00e7\u0259 bilm\u0259zdi. Neftin qiym\u0259tinin k\u0259skin azalmas\u0131 v\u0259 dig\u0259r m\u0259s\u0259l\u0259l\u0259r tam olmasa da, dolay\u0131 yolla Az\u0259rbaycan iqtisadiyyat\u0131na t\u0259sirsiz \u00f6t\u00fc\u015fm\u0259di. Bu prosesd\u0259 da\u015f\u0131nmalarla ba\u011fl\u0131 problemimiz olmasa da, iqtisadiyyatda b\u0259zi t\u0259sirl\u0259r m\u00fc\u015fahid\u0259 olundu&#8221;.<\/p>\n<p>Deputat\u0131n s\u00f6zl\u0259rin\u0259 g\u00f6r\u0259, Az\u0259rbaycan h\u00f6kum\u0259ti koronavirusla ba\u011fl\u0131 vaxt\u0131nda v\u0259 z\u0259ruri qabaqlay\u0131c\u0131 t\u0259dbirl\u0259r h\u0259yata ke\u00e7irdi v\u0259 bu sah\u0259d\u0259 \u00e7ox m\u00fcsb\u0259t n\u0259tic\u0259l\u0259r \u0259ld\u0259 olundu:<\/p>\n<p>&#8220;T\u0259bii ki, bu, pandemiyan\u0131n pik n\u00f6qt\u0259si deyil. Bu m\u00fcdd\u0259t \u0259rzind\u0259 Az\u0259rbaycan h\u00f6kum\u0259tinin b\u00fct\u00fcn laz\u0131mi t\u0259dbirl\u0259ri bu prosesd\u0259n az itki il\u0259 \u00e7\u0131xma\u011fa hesablan\u0131b. Az\u0259rbaycan v\u0259t\u0259nda\u015f\u0131n\u0131n sa\u011flaml\u0131\u011f\u0131, \u00f6lk\u0259 \u0259halisinin rifah\u0131 qar\u015f\u0131ya qoyulan \u0259n m\u00fch\u00fcm m\u0259s\u0259l\u0259l\u0259rdir. Koronavirus pandemiyas\u0131n\u0131n art\u0131q t\u0259hl\u00fck\u0259 t\u00f6r\u0259tm\u0259diyin\u0259 \u0259minlik yarand\u0131qdan sonra yum\u015falma add\u0131mlar\u0131n\u0131n at\u0131lmas\u0131 m\u00fcmk\u00fcnd\u00fcr. M\u0259lum m\u0259s\u0259l\u0259dir ki, Az\u0259rbaycan bu prosesd\u0259 \u00f6z g\u00fcc\u00fcn\u0259 arxaland\u0131. \u018fvv\u0259lc\u0259d\u0259n apar\u0131lan islahatlar, b\u00fcdc\u0259d\u0259 yarad\u0131lan imkanlar n\u0259tic\u0259sind\u0259 Az\u0259rbaycan he\u00e7 bir k\u0259nar yard\u0131m olmadan, \u00f6z resurslar\u0131ndan istifad\u0259 etm\u0259y\u0259 ba\u015flad\u0131&#8221;.<\/p>\n<p>Prezident \u0130lham \u018fliyevin prioritet t\u0259\u015fkil etm\u0259y\u0259n x\u0259rcl\u0259r bar\u0259d\u0259 fikirl\u0259rin\u0259 m\u00fcnasib\u0259t bildir\u0259n A.Na\u011f\u0131yev deyib ki, d\u00f6vl\u0259t ba\u015f\u00e7\u0131s\u0131 bu istiqam\u0259td\u0259 d\u0259 ixtisarlar\u0131n olaca\u011f\u0131n\u0131 istisna etm\u0259yib:<\/p>\n<p>&#8220;H\u0259m xarici investisiya, h\u0259m d\u0259 dig\u0259r m\u0259s\u0259l\u0259l\u0259rd\u0259 bu m\u00fcmk\u00fcnd\u00fcr. Bu g\u00fcn xarici investisiyalara yenid\u0259n bax\u0131lmal\u0131d\u0131r. Az\u0259rbaycan iqtisadiyyat\u0131nda m\u00fcasir texnologiyalardan istifad\u0259 ed\u0259r\u0259k yeni g\u0259lir m\u0259nb\u0259l\u0259ri a\u015fkarlamaq da m\u00fch\u00fcm m\u0259s\u0259l\u0259dir. M\u0259lum m\u0259s\u0259l\u0259dir ki, \u00f6t\u0259n il b\u00fcdc\u0259y\u0259 proqnozdan \u0259lav\u0259 daxilolmalar olub. \u018fsas m\u0259qam ondan ibar\u0259tdir ki, bu v\u0259ziyy\u0259td\u0259 \u0259ziyy\u0259t \u00e7\u0259k\u0259n v\u0259t\u0259nda\u015flar\u0131n probleml\u0259ri h\u0259ll olunma\u011fa ba\u015flay\u0131b. T\u0259xmin\u0259n 600 mind\u0259n art\u0131q v\u0259t\u0259nda\u015f d\u00f6vl\u0259t d\u0259st\u0259yind\u0259n yararland\u0131. Bundan ba\u015fqa, sosial yard\u0131m alan ail\u0259l\u0259rin say\u0131 70 mind\u0259n \u00e7oxdur. C\u0259nab Prezident bir daha vur\u011fulad\u0131 ki, 2020-ci il islahatlar\u0131n davam\u0131 ili olacaq, demokratik inki\u015faf istiqam\u0259tind\u0259 \u00f6n\u0259mli add\u0131mlar at\u0131lacaq. Siyasi islahatlar, eyni zamanda qanunverici orqanlardak\u0131 islahatlar\u0131n \u0259h\u0259miyy\u0259ti art\u0131q g\u00f6z qaba\u011f\u0131ndad\u0131r&#8221;.<\/p>\n<p>A.Na\u011f\u0131yev \u0259lav\u0259 edib ki, bu prosesd\u0259 h\u0259r \u015feyin pisini g\u00f6rm\u0259y\u0259 \u00e7al\u0131\u015fan anti-milli q\u00fcvv\u0259l\u0259r d\u0259 var:<\/p>\n<p>&#8220;Onlar\u0131 n\u0259 m\u00fcxalif\u0259t, n\u0259 d\u0259 iqtidara qar\u015f\u0131 q\u00fcvv\u0259 adland\u0131rmaq olar. Onlar b\u00fct\u00f6vl\u00fckd\u0259 d\u00f6vl\u0259t v\u0259 d\u00f6vl\u0259t\u00e7iliy\u0259 qar\u015f\u0131d\u0131r. D\u00fc\u015f\u00fcn\u00fcr\u0259m ki, Az\u0259rbaycan xalq\u0131 da bunu d\u0259rk edir. Az\u0259rbaycan\u0131n 2020-ci ild\u0259 beyn\u0259lxalq u\u011furlar\u0131 da az olmay\u0131b. C\u0259nab Prezident bu istiqam\u0259td\u0259 d\u0259 \u00e7ox m\u00fch\u00fcm add\u0131mlar at\u0131b v\u0259 u\u011furlu n\u0259tic\u0259l\u0259r \u0259ld\u0259 olunub. Bu add\u0131mlardan sonra Az\u0259rbaycana s\u0259rmay\u0259 qoyulu\u015fu \u00e7oxal\u0131b, b\u00f6y\u00fck \u015firk\u0259tl\u0259rin Az\u0259rbaycana mara\u011f\u0131 art\u0131b. Hesab edir\u0259m ki, bu ilin sonuna q\u0259d\u0259r sosial sah\u0259d\u0259 he\u00e7 bir proqram ixtisar olunmayacaq. Bu istiqam\u0259td\u0259 d\u0259 \u00e7ox m\u00fch\u00fcm add\u0131mlar at\u0131lacaq, s\u0259rmay\u0259 qoyulu\u015flar\u0131 davam etdiril\u0259c\u0259k, orta \u0259m\u0259k haqq\u0131 v\u0259 inflyasiyan\u0131n t\u0259nziml\u0259nm\u0259si m\u0259s\u0259l\u0259l\u0259ri diqq\u0259td\u0259 saxlan\u0131lacaq. \u00dcmumilikd\u0259, bu ilin \u00fc\u00e7 ay\u0131n\u0131n yekunlar\u0131 t\u0259qdir\u0259layiq v\u0259 m\u00fcsb\u0259t tendensiyal\u0131 hesabat idi&#8221;.<\/p>\n","protected":false},"excerpt":{"rendered":"<p>Prezident \u0130lham \u018fliyevin d\u00fczg\u00fcn xarici siyas\u0259ti n\u0259tic\u0259sind\u0259 Da\u011fl\u0131q Qaraba\u011fda ke\u00e7iril\u0259n qondarma &#8220;se\u00e7kil\u0259r&#8221;in n\u0259tic\u0259l\u0259rini he\u00e7 kim q\u0259bul etm\u0259di. ARANTV.AZ x\u0259b\u0259r verir ki, bunu\u00a0Trend-\u0259 a\u00e7\u0131qlamas\u0131nda Milli M\u0259clisin deputat\u0131 Arzu Na\u011f\u0131yev deyib. Onun s\u00f6zl\u0259rin\u0259 g\u00f6r\u0259, Da\u011fl\u0131q Qaraba\u011f m\u00fcnaqi\u015f\u0259sind\u0259 erm\u0259nil\u0259r yen\u0259 d\u0259 \u00f6z m\u0259nfur siyas\u0259tini yeritm\u0259kd\u0259 davam edirl\u0259r: &#8220;Bu il Erm\u0259nistan i\u015f\u011fal olunmu\u015f Da\u011fl\u0131q Qaraba\u011fda qondarma &#8220;se\u00e7kil\u0259r&#8221; ke\u00e7irdi, bu &#8220;se\u00e7kil\u0259r&#8221;in n\u0259tic\u0259l\u0259ri he\u00e7 bir beyn\u0259lxalq qurum t\u0259r\u0259find\u0259n tan\u0131nmad\u0131. Bu da Az\u0259rbaycan diplomatiyas\u0131n\u0131n n\u00f6vb\u0259ti u\u011furu v\u0259 Az\u0259rbaycan Prezidentinin y\u00fcr\u00fctd\u00fcy\u00fc xarici siyas\u0259tin n\u0259tic\u0259sidir. Prezident \u0130lham \u018fliyevin d\u00fczg\u00fcn xarici siyas\u0259ti n\u0259tic\u0259sind\u0259 Da\u011fl\u0131q Qaraba\u011fda qondarma &#8220;se\u00e7kil\u0259r&#8221;in n\u0259tic\u0259l\u0259rini he\u00e7 kim&hellip;<\/p>\n","protected":false},"author":2,"featured_media":151226,"comment_status":"closed","ping_status":"closed","sticky":false,"template":"","format":"standard","meta":{"om_disable_all_campaigns":false,"_monsterinsights_skip_tracking":false,"_monsterinsights_sitenote_active":false,"_monsterinsights_sitenote_note":"","_monsterinsights_sitenote_category":0},"categories":[19],"tags":[],"aioseo_notices":[],"gutentor_comment":0,"rttpg_featured_image_url":{"full":["https:\/\/arantv.az\/wp-content\/uploads\/2020\/04\/842242.jpg",800,600,false],"landscape":["https:\/\/arantv.az\/wp-content\/uploads\/2020\/04\/842242.jpg",800,600,false],"portraits":["https:\/\/arantv.az\/wp-content\/uploads\/2020\/04\/842242.jpg",800,600,false],"thumbnail":["https:\/\/arantv.az\/wp-content\/uploads\/2020\/04\/842242-150x150.jpg",150,150,true],"medium":["https:\/\/arantv.az\/wp-content\/uploads\/2020\/04\/842242-300x225.jpg",300,225,true],"large":["https:\/\/arantv.az\/wp-content\/uploads\/2020\/04\/842242.jpg",640,480,false],"1536x1536":["https:\/\/arantv.az\/wp-content\/uploads\/2020\/04\/842242.jpg",800,600,false],"2048x2048":["https:\/\/arantv.az\/wp-content\/uploads\/2020\/04\/842242.jpg",800,600,false],"post-thumbnail":["https:\/\/arantv.az\/wp-content\/uploads\/2020\/04\/842242-240x172.jpg",240,172,true],"advps-thumb-one":["https:\/\/arantv.az\/wp-content\/uploads\/2020\/04\/842242.jpg",800,600,false]},"rttpg_author":{"display_name":"V\u00fcsal Rafiqo\u011flu","author_link":"https:\/\/arantv.az\/?author=2"},"rttpg_comment":0,"rttpg_category":"<a href=\"https:\/\/arantv.az\/?cat=19\" rel=\"category\">G\u00fcnd\u0259m<\/a>","rttpg_excerpt":"Prezident \u0130lham \u018fliyevin d\u00fczg\u00fcn xarici siyas\u0259ti n\u0259tic\u0259sind\u0259 Da\u011fl\u0131q Qaraba\u011fda ke\u00e7iril\u0259n qondarma &#8220;se\u00e7kil\u0259r&#8221;in n\u0259tic\u0259l\u0259rini he\u00e7 kim q\u0259bul etm\u0259di. ARANTV.AZ x\u0259b\u0259r verir ki, bunu\u00a0Trend-\u0259 a\u00e7\u0131qlamas\u0131nda Milli M\u0259clisin deputat\u0131 Arzu Na\u011f\u0131yev deyib. Onun s\u00f6zl\u0259rin\u0259 g\u00f6r\u0259, Da\u011fl\u0131q Qaraba\u011f m\u00fcnaqi\u015f\u0259sind\u0259 erm\u0259nil\u0259r yen\u0259 d\u0259 \u00f6z m\u0259nfur siyas\u0259tini yeritm\u0259kd\u0259 davam edirl\u0259r: &#8220;Bu il Erm\u0259nistan i\u015f\u011fal olunmu\u015f Da\u011fl\u0131q Qaraba\u011fda qondarma &#8220;se\u00e7kil\u0259r&#8221; ke\u00e7irdi, bu&hellip;","_links":{"self":[{"href":"https:\/\/arantv.az\/index.php?rest_route=\/wp\/v2\/posts\/151225"}],"collection":[{"href":"https:\/\/arantv.az\/index.php?rest_route=\/wp\/v2\/posts"}],"about":[{"href":"https:\/\/arantv.az\/index.php?rest_route=\/wp\/v2\/types\/post"}],"author":[{"embeddable":true,"href":"https:\/\/arantv.az\/index.php?rest_route=\/wp\/v2\/users\/2"}],"replies":[{"embeddable":true,"href":"https:\/\/arantv.az\/index.php?rest_route=%2Fwp%2Fv2%2Fcomments&post=151225"}],"version-history":[{"count":0,"href":"https:\/\/arantv.az\/index.php?rest_route=\/wp\/v2\/posts\/151225\/revisions"}],"wp:featuredmedia":[{"embeddable":true,"href":"https:\/\/arantv.az\/index.php?rest_route=\/wp\/v2\/media\/151226"}],"wp:attachment":[{"href":"https:\/\/arantv.az\/index.php?rest_route=%2Fwp%2Fv2%2Fmedia&parent=151225"}],"wp:term":[{"taxonomy":"category","embeddable":true,"href":"https:\/\/arantv.az\/index.php?rest_route=%2Fwp%2Fv2%2Fcategories&post=151225"},{"taxonomy":"post_tag","embeddable":true,"href":"https:\/\/arantv.az\/index.php?rest_route=%2Fwp%2Fv2%2Ftags&post=151225"}],"curies":[{"name":"wp","href":"https:\/\/api.w.org\/{rel}","templated":true}]}}