{"id":151234,"date":"2020-04-15T18:19:02","date_gmt":"2020-04-15T15:19:02","guid":{"rendered":"http:\/\/arantv.az\/?p=151234"},"modified":"2020-04-15T18:19:02","modified_gmt":"2020-04-15T15:19:02","slug":"az%c9%99rbaycan-v%c9%99-gurcustan-prezidentl%c9%99ri-arasinda-videogorus-olub-foto","status":"publish","type":"post","link":"https:\/\/arantv.az\/?p=151234","title":{"rendered":"Az\u0259rbaycan v\u0259 G\u00fcrc\u00fcstan prezidentl\u0259ri aras\u0131nda videog\u00f6r\u00fc\u015f olub &#8211; FOTO"},"content":{"rendered":"<article class=\"news\">\n<div class=\"news-inner\">\n<p>Aprelin 15-d\u0259 G\u00fcrc\u00fcstan t\u0259r\u0259finin t\u0259\u015f\u0259bb\u00fcs\u00fc il\u0259 G\u00fcrc\u00fcstan Prezidenti Salome Zurabi\u015fvili il\u0259 Az\u0259rbaycan Respublikas\u0131n\u0131n Prezidenti \u0130lham \u018fliyev videoba\u011flant\u0131 format\u0131nda dan\u0131\u015f\u0131blar.<\/p>\n<p>Bu bar\u0259d\u0259\u00a0<a href=\"https:\/\/azertag.az\/xeber\/Prezidentin_Metbuat_Xidmetinin_melumati-1463525?fbclid=IwAR0LhIPY6nLl2nem2JxnCjRZtYKgapZrwqA8BB9kEOCSnyoSgp8uwqYNPU0\" target=\"_blank\" rel=\"noopener\">AZ\u018fRTAC<\/a>\u00a0m\u0259lumat yay\u0131b.<\/p>\n<p>Bildirilib ki, d\u00f6v\u0259t ba\u015f\u00e7\u0131lar\u0131 qar\u015f\u0131l\u0131ql\u0131 \u0259laq\u0259l\u0259rin v\u0259 m\u00fcxt\u0259lif sah\u0259l\u0259rd\u0259 g\u0259l\u0259c\u0259k \u0259m\u0259kda\u015fl\u0131\u011f\u0131n perspektivl\u0259rini m\u00fczakir\u0259 edibl\u0259r.<\/p>\n<p>G\u00f6r\u00fc\u015f\u00fcn tam m\u0259tnini t\u0259qdim edirik:<\/p>\n<p><strong>Prezident Salome Zurabi\u015fvili:<\/strong><\/p>\n<p>&#8211; C\u0259nab Prezident, m\u0259n Sizinl\u0259 bel\u0259 \u00e7\u0259tin bir zamanda deyil, daha yax\u015f\u0131 vaxtlarda s\u00f6hb\u0259t etm\u0259k ist\u0259rdim. \u00dcmidvaram ki, \u015f\u0259xs\u0259n Siz, ail\u0259niz, \u0259m\u0259kda\u015flar\u0131n\u0131z &#8211; ham\u0131n\u0131z yax\u015f\u0131s\u0131n\u0131z. \u00dcmid edir\u0259m ki, biz bu \u00e7\u0259tin \u015f\u0259raitd\u0259 \u0259m\u0259kda\u015fl\u0131\u011f\u0131m\u0131z\u0131 m\u00fcmk\u00fcn olan q\u0259d\u0259r tez bir zamanda davam etdir\u0259c\u0259yik.<\/p>\n<p><strong>Prezident \u0130lham \u018fliyev:<\/strong><\/p>\n<p>&#8211; T\u0259\u015f\u0259kk\u00fcr edir\u0259m, xan\u0131m Prezident. Sizi g\u00f6rm\u0259y\u0259 \u00e7ox \u015fadam. \u018flb\u0259tt\u0259 ki, bu c\u00fcr \u00fcnsiyy\u0259t qurmaq \u00e7ox qeyri-adidir. Lakin bu, zaman\u0131n \u00f6z\u0259lliyidir. \u0130ndi biz\u0259 bir-birimizi g\u00f6rm\u0259y\u0259 v\u0259 bir-birimizl\u0259 s\u00f6hb\u0259t etm\u0259y\u0259 imkan ver\u0259n yeni texnologiyalar\u0131n olmas\u0131 \u00e7ox yax\u015f\u0131 bir hald\u0131r. \u018fm\u0259kda\u015fl\u0131\u011f\u0131n\u0131za g\u00f6r\u0259 Siz\u0259 t\u0259\u015f\u0259kk\u00fcr edir\u0259m. M\u0259n \u00f6lk\u0259miz\u0259 Sizin \u00e7ox u\u011furlu r\u0259smi s\u0259f\u0259rinizi xat\u0131rlay\u0131ram.<\/p>\n<p>G\u00fcrc\u00fcstan Prezidenti d\u00fcn\u0259n G\u00fcrc\u00fcstana g\u00f6st\u0259ril\u0259n h\u0259mr\u0259yliyin ifad\u0259sin\u0259 g\u00f6r\u0259 minn\u0259tdarl\u0131\u011f\u0131n\u0131 bildirdi. Prezident \u0130lham \u018fliyev h\u0259r zaman oldu\u011fu kimi koronavirus pandemiyas\u0131 \u015f\u0259raitind\u0259 d\u0259 \u00f6lk\u0259l\u0259rimiz v\u0259 xalqlar\u0131m\u0131z\u0131n bir-birinin yan\u0131nda olaraq h\u0259mr\u0259ylik n\u00fcmayi\u015f etdirm\u0259sinin \u00f6n\u0259mini bildirdi. D\u00f6vl\u0259t ba\u015f\u00e7\u0131lar\u0131 koronavirus pandemiyas\u0131 il\u0259 m\u00fcbariz\u0259 sah\u0259sind\u0259 h\u0259yata ke\u00e7iril\u0259n t\u0259bdirl\u0259r v\u0259 bu istiqam\u0259td\u0259 g\u00f6r\u00fcl\u0259c\u0259k i\u015fl\u0259r \u0259traf\u0131nda fikir m\u00fcbadil\u0259si apard\u0131lar.<\/p>\n<p>S\u00f6hb\u0259t zaman\u0131 Az\u0259rbaycanla G\u00fcrc\u00fcstan\u0131n beyn\u0259lxalq tranzit d\u0259hlizinin \u00f6n\u0259mli i\u015ftirak\u00e7\u0131lar\u0131 oldu\u011fu bildiril\u0259r\u0259k, ticar\u0259t \u0259laq\u0259l\u0259rinin, tranzit-n\u0259qliyyat sah\u0259sind\u0259 i\u015fl\u0259rin davam etdirilm\u0259sinin vacibliyi vur\u011fuland\u0131.<\/p>\n<p>D\u00f6vl\u0259t ba\u015f\u00e7\u0131lar\u0131 iqtisadiyyat, ticar\u0259t, n\u0259qliyyat sah\u0259l\u0259rind\u0259 g\u0259l\u0259c\u0259k \u0259m\u0259kda\u015fl\u0131\u011f\u0131n perspektivl\u0259rini d\u0259 m\u00fczakir\u0259 etdil\u0259r.<\/p>\n<div class=\"gallery\">\n<div class=\"gallery-i\"><img src=\"https:\/\/cdn.oxu.az\/uploads\/W1siZiIsIjIwMjAvMDQvMTUvMTgvMTAvMzEvZjk1NzQ0N2UtZDAxMC00M2FmLTlmNjMtM2Y0NmY2NTlkYjhlLzE1ODY5NTkxOTQ2MzI1NjYxMzE1XzEwMDB4NjY5LmpwZyJdLFsicCIsImVuY29kZSIsImpwZyIsIi1xdWFsaXR5IDgwIl0sWyJwIiwidGh1bWIiLCI1OTB4NTkwXHUwMDNlIl1d?sha=3a6c83fb46e7284b\" alt=\"\" \/><\/p>\n<div class=\"gallery-i-caption\"><\/div>\n<\/div>\n<\/div>\n<\/div>\n<\/article>\n","protected":false},"excerpt":{"rendered":"<p>Aprelin 15-d\u0259 G\u00fcrc\u00fcstan t\u0259r\u0259finin t\u0259\u015f\u0259bb\u00fcs\u00fc il\u0259 G\u00fcrc\u00fcstan Prezidenti Salome Zurabi\u015fvili il\u0259 Az\u0259rbaycan Respublikas\u0131n\u0131n Prezidenti \u0130lham \u018fliyev videoba\u011flant\u0131 format\u0131nda dan\u0131\u015f\u0131blar. Bu bar\u0259d\u0259\u00a0AZ\u018fRTAC\u00a0m\u0259lumat yay\u0131b. Bildirilib ki, d\u00f6v\u0259t ba\u015f\u00e7\u0131lar\u0131 qar\u015f\u0131l\u0131ql\u0131 \u0259laq\u0259l\u0259rin v\u0259 m\u00fcxt\u0259lif sah\u0259l\u0259rd\u0259 g\u0259l\u0259c\u0259k \u0259m\u0259kda\u015fl\u0131\u011f\u0131n perspektivl\u0259rini m\u00fczakir\u0259 edibl\u0259r. G\u00f6r\u00fc\u015f\u00fcn tam m\u0259tnini t\u0259qdim edirik: Prezident Salome Zurabi\u015fvili: &#8211; C\u0259nab Prezident, m\u0259n Sizinl\u0259 bel\u0259 \u00e7\u0259tin bir zamanda deyil, daha yax\u015f\u0131 vaxtlarda s\u00f6hb\u0259t etm\u0259k ist\u0259rdim. \u00dcmidvaram ki, \u015f\u0259xs\u0259n Siz, ail\u0259niz, \u0259m\u0259kda\u015flar\u0131n\u0131z &#8211; ham\u0131n\u0131z yax\u015f\u0131s\u0131n\u0131z. \u00dcmid edir\u0259m ki, biz bu \u00e7\u0259tin \u015f\u0259raitd\u0259 \u0259m\u0259kda\u015fl\u0131\u011f\u0131m\u0131z\u0131 m\u00fcmk\u00fcn olan q\u0259d\u0259r tez bir zamanda davam etdir\u0259c\u0259yik. Prezident \u0130lham \u018fliyev: &#8211; T\u0259\u015f\u0259kk\u00fcr&hellip;<\/p>\n","protected":false},"author":2,"featured_media":151235,"comment_status":"closed","ping_status":"closed","sticky":false,"template":"","format":"standard","meta":{"om_disable_all_campaigns":false,"_monsterinsights_skip_tracking":false,"_monsterinsights_sitenote_active":false,"_monsterinsights_sitenote_note":"","_monsterinsights_sitenote_category":0},"categories":[1],"tags":[],"aioseo_notices":[],"gutentor_comment":0,"rttpg_featured_image_url":{"full":["https:\/\/arantv.az\/wp-content\/uploads\/2020\/04\/15869591946535817106_1000x669.jpg",620,409,false],"landscape":["https:\/\/arantv.az\/wp-content\/uploads\/2020\/04\/15869591946535817106_1000x669.jpg",620,409,false],"portraits":["https:\/\/arantv.az\/wp-content\/uploads\/2020\/04\/15869591946535817106_1000x669.jpg",620,409,false],"thumbnail":["https:\/\/arantv.az\/wp-content\/uploads\/2020\/04\/15869591946535817106_1000x669-150x150.jpg",150,150,true],"medium":["https:\/\/arantv.az\/wp-content\/uploads\/2020\/04\/15869591946535817106_1000x669-300x198.jpg",300,198,true],"large":["https:\/\/arantv.az\/wp-content\/uploads\/2020\/04\/15869591946535817106_1000x669.jpg",620,409,false],"1536x1536":["https:\/\/arantv.az\/wp-content\/uploads\/2020\/04\/15869591946535817106_1000x669.jpg",620,409,false],"2048x2048":["https:\/\/arantv.az\/wp-content\/uploads\/2020\/04\/15869591946535817106_1000x669.jpg",620,409,false],"post-thumbnail":["https:\/\/arantv.az\/wp-content\/uploads\/2020\/04\/15869591946535817106_1000x669-240x172.jpg",240,172,true],"advps-thumb-one":["https:\/\/arantv.az\/wp-content\/uploads\/2020\/04\/15869591946535817106_1000x669.jpg",620,409,false]},"rttpg_author":{"display_name":"V\u00fcsal Rafiqo\u011flu","author_link":"https:\/\/arantv.az\/?author=2"},"rttpg_comment":0,"rttpg_category":"<a href=\"https:\/\/arantv.az\/?cat=1\" rel=\"category\">C\u0259miyy\u0259t<\/a>","rttpg_excerpt":"Aprelin 15-d\u0259 G\u00fcrc\u00fcstan t\u0259r\u0259finin t\u0259\u015f\u0259bb\u00fcs\u00fc il\u0259 G\u00fcrc\u00fcstan Prezidenti Salome Zurabi\u015fvili il\u0259 Az\u0259rbaycan Respublikas\u0131n\u0131n Prezidenti \u0130lham \u018fliyev videoba\u011flant\u0131 format\u0131nda dan\u0131\u015f\u0131blar. Bu bar\u0259d\u0259\u00a0AZ\u018fRTAC\u00a0m\u0259lumat yay\u0131b. Bildirilib ki, d\u00f6v\u0259t ba\u015f\u00e7\u0131lar\u0131 qar\u015f\u0131l\u0131ql\u0131 \u0259laq\u0259l\u0259rin v\u0259 m\u00fcxt\u0259lif sah\u0259l\u0259rd\u0259 g\u0259l\u0259c\u0259k \u0259m\u0259kda\u015fl\u0131\u011f\u0131n perspektivl\u0259rini m\u00fczakir\u0259 edibl\u0259r. G\u00f6r\u00fc\u015f\u00fcn tam m\u0259tnini t\u0259qdim edirik: Prezident Salome Zurabi\u015fvili: &#8211; C\u0259nab Prezident, m\u0259n Sizinl\u0259 bel\u0259 \u00e7\u0259tin bir zamanda deyil, daha&hellip;","_links":{"self":[{"href":"https:\/\/arantv.az\/index.php?rest_route=\/wp\/v2\/posts\/151234"}],"collection":[{"href":"https:\/\/arantv.az\/index.php?rest_route=\/wp\/v2\/posts"}],"about":[{"href":"https:\/\/arantv.az\/index.php?rest_route=\/wp\/v2\/types\/post"}],"author":[{"embeddable":true,"href":"https:\/\/arantv.az\/index.php?rest_route=\/wp\/v2\/users\/2"}],"replies":[{"embeddable":true,"href":"https:\/\/arantv.az\/index.php?rest_route=%2Fwp%2Fv2%2Fcomments&post=151234"}],"version-history":[{"count":0,"href":"https:\/\/arantv.az\/index.php?rest_route=\/wp\/v2\/posts\/151234\/revisions"}],"wp:featuredmedia":[{"embeddable":true,"href":"https:\/\/arantv.az\/index.php?rest_route=\/wp\/v2\/media\/151235"}],"wp:attachment":[{"href":"https:\/\/arantv.az\/index.php?rest_route=%2Fwp%2Fv2%2Fmedia&parent=151234"}],"wp:term":[{"taxonomy":"category","embeddable":true,"href":"https:\/\/arantv.az\/index.php?rest_route=%2Fwp%2Fv2%2Fcategories&post=151234"},{"taxonomy":"post_tag","embeddable":true,"href":"https:\/\/arantv.az\/index.php?rest_route=%2Fwp%2Fv2%2Ftags&post=151234"}],"curies":[{"name":"wp","href":"https:\/\/api.w.org\/{rel}","templated":true}]}}