{"id":151248,"date":"2020-04-15T18:29:48","date_gmt":"2020-04-15T15:29:48","guid":{"rendered":"http:\/\/arantv.az\/?p=151248"},"modified":"2020-04-15T18:29:48","modified_gmt":"2020-04-15T15:29:48","slug":"rob-sobhani-isgal-olunmus-dagliq-qarabagda-qondarma-seckil%c9%99rin-kecirilm%c9%99si-sulh-prosesin%c9%99-ziyan-vura-bil%c9%99r","status":"publish","type":"post","link":"https:\/\/arantv.az\/?p=151248","title":{"rendered":"Rob Sobhani: \u0130\u015f\u011fal olunmu\u015f Da\u011fl\u0131q Qaraba\u011fda qondarma &#8220;se\u00e7kil\u0259r&#8221;in ke\u00e7irilm\u0259si s\u00fclh prosesin\u0259 ziyan vura bil\u0259r"},"content":{"rendered":"<p><strong>D\u00fcnyada m\u00fc\u015fahid\u0259 olunan koronavirus b\u00f6hran\u0131 fonunda i\u015f\u011fal olunmu\u015f Da\u011fl\u0131q Qaraba\u011fda qondarma &#8220;se\u00e7kil\u0259r&#8221;in ke\u00e7irilm\u0259si q\u0259rib\u0259 v\u0259 u\u011fursuz add\u0131md\u0131r.<\/strong><\/p>\n<p>ARANTV.AZ bildirir ki, bunu\u00a0<a href=\"http:\/\/az.trend.az\/\" target=\"_blank\" rel=\"noopener\">Trend<\/a>-\u0259\u00a0amerikal\u0131 ekspert Rob Sobhani deyib.<\/p>\n<p>O bildirib ki, bu, he\u00e7 bir \u015f\u0259kild\u0259 s\u00fclh\u0259 nail olma\u011fa xidm\u0259t etmir v\u0259 h\u0259tta s\u00fclh prosesin\u0259 ziyan vura bil\u0259r: &#8220;M\u00fcnaqi\u015f\u0259l\u0259rin h\u0259llin\u0259 g\u00f6r\u0259 m\u0259suliyy\u0259t da\u015f\u0131yan beyn\u0259lxalq ictimaiyy\u0259t qondarma &#8220;se\u00e7kil\u0259r&#8221;in ke\u00e7irilm\u0259sind\u0259n m\u0259mnun olmayacaq, \u00e7\u00fcnki onlar \u0259m\u0259kda\u015fl\u0131q v\u0259 s\u00fclh\u0259 xidm\u0259t etm\u0259k niyy\u0259tind\u0259dir&#8221;.<\/p>\n<p>R.Sobhani qeyd edib ki, AT\u018fT-in Minsk qrupunun h\u0259ms\u0259drl\u0259ri bu \u015f\u0259raitd\u0259 m\u00fcnaqi\u015f\u0259nin nizamlanmas\u0131 \u00fczr\u0259 s\u0259yl\u0259ri b\u0259rpa ed\u0259 bil\u0259r:<\/p>\n<p>&#8220;Faktiki olaraq, d\u00fcnyada pandemiya il\u0259 ba\u011fl\u0131 yaranan v\u0259ziyy\u0259t g\u00f6st\u0259rir ki, d\u00fcnya liderl\u0259ri Erm\u0259nistan v\u0259 Az\u0259rbaycan aras\u0131ndak\u0131 m\u00fcnaqi\u015f\u0259 kimi probleml\u0259rin h\u0259lli \u00fc\u00e7\u00fcn \u0259m\u0259kda\u015fl\u0131q etm\u0259lidir&#8221;.<\/p>\n<p>Qeyd ed\u0259k ki, mart\u0131n 31-d\u0259 Erm\u0259nistan t\u0259r\u0259find\u0259n i\u015f\u011fal edilmi\u015f Az\u0259rbaycan \u0259razisind\u0259 &#8211; Da\u011fl\u0131q Qaraba\u011fda qondarma rejim t\u0259r\u0259find\u0259n &#8220;prezident v\u0259 parlament&#8221; se\u00e7kil\u0259ri ke\u00e7irilib.<\/p>\n<p>Erm\u0259nistan-Az\u0259rbaycan Da\u011fl\u0131q Qaraba\u011f m\u00fcnaqi\u015f\u0259si 1988-ci ild\u0259 erm\u0259nil\u0259rin Az\u0259rbaycan\u0131n tarixi torpaqlar\u0131na a\u00e7\u0131q formada \u0259razi iddialar\u0131 v\u0259 etnik z\u0259mind\u0259 t\u0259xribatlar\u0131 il\u0259 ba\u015flad\u0131. 1991-ci ilin sonlar\u0131nda Erm\u0259nistan h\u0259rbi q\u00fcvv\u0259l\u0259ri Az\u0259rbaycan s\u0259r\u00adh\u0259d\u00adl\u0259rini pozub Qaraba\u011fa daxil oldular. Erm\u0259nistan\u0131n h\u0259rbi t\u0259cav\u00fcz\u00fc n\u0259tic\u0259sind\u0259 Az\u0259rbaycan Respublikas\u0131n\u0131n 20 faiz \u0259razisi &#8211; Da\u011fl\u0131q Qaraba\u011f regionu v\u0259 ona biti\u015fik yeddi rayon &#8211; Xank\u0259ndi \u015f\u0259h\u0259ri, Xocal\u0131, \u015eu\u015fa, La\u00e7\u0131n, Xocav\u0259nd, K\u0259lb\u0259c\u0259r, A\u011fdam, F\u00fczuli, C\u0259bray\u0131l, Qubadl\u0131, Z\u0259ngilan rayonlar\u0131, h\u0259m\u00e7inin T\u0259rt\u0259r rayonunun 13, Qazax rayonunun 7, Nax\u00e7\u0131van\u0131n S\u0259d\u0259r\u0259k rayonunun is\u0259 1 k\u0259ndi Erm\u0259nistan ordusu t\u0259r\u0259find\u0259n i\u015f\u011fal olundu.<\/p>\n<p>Erm\u0259nistan-Az\u0259rbaycan Da\u011fl\u0131q Qaraba\u011f m\u00fcnaqi\u015f\u0259si n\u0259tic\u0259sind\u0259 1 milyondan art\u0131q az\u0259rbaycanl\u0131 m\u0259cburi k\u00f6\u00e7k\u00fcn v\u0259ziyy\u0259tin\u0259 d\u00fc\u015f\u00fcb, 25 mind\u0259n \u00e7ox insan h\u0259rbi \u0259m\u0259liyyatlar d\u00f6vr\u00fcnd\u0259 h\u0259lak olub, 50 min n\u0259f\u0259r \u0259lil olub. M\u00fcnaqi\u015f\u0259 n\u0259tic\u0259sind\u0259 4 min\u0259 yax\u0131n az\u0259rbaycanl\u0131 itkin d\u00fc\u015f\u00fcb, onlar\u0131n aras\u0131nda 67 u\u015faq, 265 qad\u0131n, 326 qoca olub. Bu \u015f\u0259xsl\u0259rin aqib\u0259ti bar\u0259d\u0259 h\u0259l\u0259 d\u0259 m\u0259lumat yoxdur. \u0130ki mind\u0259n \u00e7ox az\u0259rbaycanl\u0131 erm\u0259nil\u0259r t\u0259r\u0259find\u0259n \u0259sir v\u0259 girov g\u00f6t\u00fcr\u00fcl\u00fcb.<\/p>\n<p>12 may 1994-c\u00fc il tarixind\u0259 at\u0259\u015fk\u0259s\u0259 dair raz\u0131l\u0131q \u0259ld\u0259 olundu. AT\u018fM-in d\u00f6vl\u0259t v\u0259 h\u00f6kum\u0259t ba\u015f\u00e7\u0131lar\u0131n\u0131n 1994-c\u00fc il 5-6 dekabr tarixl\u0259rind\u0259 Budape\u015ftd\u0259 ke\u00e7iril\u0259n sammitind\u0259 AT\u018fM \u00e7\u0259r\u00e7iv\u0259sind\u0259 b\u00fct\u00fcn vasit\u0259\u00e7ilik s\u0259yl\u0259rinin \u0259laq\u0259l\u0259ndirilm\u0259si \u00fc\u00e7\u00fcn Minsk konfrans\u0131 h\u0259ms\u0259drlik institutunun yarad\u0131lmas\u0131 bar\u0259d\u0259 q\u0259rar q\u0259bul olundu.<\/p>\n<p>2016-c\u0131 ilin \u0259vv\u0259lind\u0259 m\u00fcnaqi\u015f\u0259nin h\u0259lli il\u0259 \u0259laq\u0259dar konkret planlar m\u00fczakir\u0259 olundu\u011fu vaxtda Erm\u0259nistan h\u0259rbi t\u0259xribata \u0259l ataraq, aprelin 2-d\u0259 qo\u015funlar\u0131n t\u0259mas x\u0259tti boyunca \u0259halinin s\u0131x m\u0259skunla\u015fd\u0131\u011f\u0131 \u0259razil\u0259ri a\u011f\u0131r silahlardan at\u0259\u015f\u0259 tutub. Erm\u0259nistan\u0131n h\u00fccumlar\u0131 n\u0259tic\u0259sind\u0259 dinc Az\u0259rbaycan \u0259halisi aras\u0131nda u\u015faqlar da daxil olmaqla 6 n\u0259f\u0259r h\u0259lak olub, 33 n\u0259f\u0259r is\u0259 a\u011f\u0131r yaralan\u0131b. \u00d6z n\u00f6vb\u0259sind\u0259, Az\u0259rbaycan Silahl\u0131 Q\u00fcvv\u0259l\u0259ri d\u00fc\u015fm\u0259n\u0259 layiqli cavab verib, \u0259ks-h\u0259ml\u0259 n\u0259tic\u0259sind\u0259 strateji \u0259h\u0259miyy\u0259tli m\u00f6vqel\u0259ri i\u015f\u011faldan azad edib. Aprel hadis\u0259l\u0259rind\u0259n sonra C\u0259bray\u0131l rayonunun Cocuq M\u0259rcanl\u0131 k\u0259ndi erm\u0259ni i\u015f\u011fal\u0131ndan tamamil\u0259 azad olunub.<\/p>\n","protected":false},"excerpt":{"rendered":"<p>D\u00fcnyada m\u00fc\u015fahid\u0259 olunan koronavirus b\u00f6hran\u0131 fonunda i\u015f\u011fal olunmu\u015f Da\u011fl\u0131q Qaraba\u011fda qondarma &#8220;se\u00e7kil\u0259r&#8221;in ke\u00e7irilm\u0259si q\u0259rib\u0259 v\u0259 u\u011fursuz add\u0131md\u0131r. ARANTV.AZ bildirir ki, bunu\u00a0Trend-\u0259\u00a0amerikal\u0131 ekspert Rob Sobhani deyib. O bildirib ki, bu, he\u00e7 bir \u015f\u0259kild\u0259 s\u00fclh\u0259 nail olma\u011fa xidm\u0259t etmir v\u0259 h\u0259tta s\u00fclh prosesin\u0259 ziyan vura bil\u0259r: &#8220;M\u00fcnaqi\u015f\u0259l\u0259rin h\u0259llin\u0259 g\u00f6r\u0259 m\u0259suliyy\u0259t da\u015f\u0131yan beyn\u0259lxalq ictimaiyy\u0259t qondarma &#8220;se\u00e7kil\u0259r&#8221;in ke\u00e7irilm\u0259sind\u0259n m\u0259mnun olmayacaq, \u00e7\u00fcnki onlar \u0259m\u0259kda\u015fl\u0131q v\u0259 s\u00fclh\u0259 xidm\u0259t etm\u0259k niyy\u0259tind\u0259dir&#8221;. R.Sobhani qeyd edib ki, AT\u018fT-in Minsk qrupunun h\u0259ms\u0259drl\u0259ri bu \u015f\u0259raitd\u0259 m\u00fcnaqi\u015f\u0259nin nizamlanmas\u0131 \u00fczr\u0259 s\u0259yl\u0259ri b\u0259rpa ed\u0259 bil\u0259r: &#8220;Faktiki olaraq, d\u00fcnyada pandemiya il\u0259 ba\u011fl\u0131 yaranan v\u0259ziyy\u0259t g\u00f6st\u0259rir&hellip;<\/p>\n","protected":false},"author":2,"featured_media":151249,"comment_status":"closed","ping_status":"closed","sticky":false,"template":"","format":"standard","meta":{"om_disable_all_campaigns":false,"_monsterinsights_skip_tracking":false,"_monsterinsights_sitenote_active":false,"_monsterinsights_sitenote_note":"","_monsterinsights_sitenote_category":0},"categories":[4],"tags":[],"aioseo_notices":[],"gutentor_comment":0,"rttpg_featured_image_url":{"full":["https:\/\/arantv.az\/wp-content\/uploads\/2020\/04\/842402.jpg",782,440,false],"landscape":["https:\/\/arantv.az\/wp-content\/uploads\/2020\/04\/842402.jpg",782,440,false],"portraits":["https:\/\/arantv.az\/wp-content\/uploads\/2020\/04\/842402.jpg",782,440,false],"thumbnail":["https:\/\/arantv.az\/wp-content\/uploads\/2020\/04\/842402-150x150.jpg",150,150,true],"medium":["https:\/\/arantv.az\/wp-content\/uploads\/2020\/04\/842402-300x169.jpg",300,169,true],"large":["https:\/\/arantv.az\/wp-content\/uploads\/2020\/04\/842402.jpg",640,360,false],"1536x1536":["https:\/\/arantv.az\/wp-content\/uploads\/2020\/04\/842402.jpg",782,440,false],"2048x2048":["https:\/\/arantv.az\/wp-content\/uploads\/2020\/04\/842402.jpg",782,440,false],"post-thumbnail":["https:\/\/arantv.az\/wp-content\/uploads\/2020\/04\/842402-240x172.jpg",240,172,true],"advps-thumb-one":["https:\/\/arantv.az\/wp-content\/uploads\/2020\/04\/842402.jpg",782,440,false]},"rttpg_author":{"display_name":"V\u00fcsal Rafiqo\u011flu","author_link":"https:\/\/arantv.az\/?author=2"},"rttpg_comment":0,"rttpg_category":"<a href=\"https:\/\/arantv.az\/?cat=4\" rel=\"category\">Siyas\u0259t<\/a>","rttpg_excerpt":"D\u00fcnyada m\u00fc\u015fahid\u0259 olunan koronavirus b\u00f6hran\u0131 fonunda i\u015f\u011fal olunmu\u015f Da\u011fl\u0131q Qaraba\u011fda qondarma &#8220;se\u00e7kil\u0259r&#8221;in ke\u00e7irilm\u0259si q\u0259rib\u0259 v\u0259 u\u011fursuz add\u0131md\u0131r. ARANTV.AZ bildirir ki, bunu\u00a0Trend-\u0259\u00a0amerikal\u0131 ekspert Rob Sobhani deyib. O bildirib ki, bu, he\u00e7 bir \u015f\u0259kild\u0259 s\u00fclh\u0259 nail olma\u011fa xidm\u0259t etmir v\u0259 h\u0259tta s\u00fclh prosesin\u0259 ziyan vura bil\u0259r: &#8220;M\u00fcnaqi\u015f\u0259l\u0259rin h\u0259llin\u0259 g\u00f6r\u0259 m\u0259suliyy\u0259t da\u015f\u0131yan beyn\u0259lxalq ictimaiyy\u0259t qondarma &#8220;se\u00e7kil\u0259r&#8221;in ke\u00e7irilm\u0259sind\u0259n m\u0259mnun&hellip;","_links":{"self":[{"href":"https:\/\/arantv.az\/index.php?rest_route=\/wp\/v2\/posts\/151248"}],"collection":[{"href":"https:\/\/arantv.az\/index.php?rest_route=\/wp\/v2\/posts"}],"about":[{"href":"https:\/\/arantv.az\/index.php?rest_route=\/wp\/v2\/types\/post"}],"author":[{"embeddable":true,"href":"https:\/\/arantv.az\/index.php?rest_route=\/wp\/v2\/users\/2"}],"replies":[{"embeddable":true,"href":"https:\/\/arantv.az\/index.php?rest_route=%2Fwp%2Fv2%2Fcomments&post=151248"}],"version-history":[{"count":0,"href":"https:\/\/arantv.az\/index.php?rest_route=\/wp\/v2\/posts\/151248\/revisions"}],"wp:featuredmedia":[{"embeddable":true,"href":"https:\/\/arantv.az\/index.php?rest_route=\/wp\/v2\/media\/151249"}],"wp:attachment":[{"href":"https:\/\/arantv.az\/index.php?rest_route=%2Fwp%2Fv2%2Fmedia&parent=151248"}],"wp:term":[{"taxonomy":"category","embeddable":true,"href":"https:\/\/arantv.az\/index.php?rest_route=%2Fwp%2Fv2%2Fcategories&post=151248"},{"taxonomy":"post_tag","embeddable":true,"href":"https:\/\/arantv.az\/index.php?rest_route=%2Fwp%2Fv2%2Ftags&post=151248"}],"curies":[{"name":"wp","href":"https:\/\/api.w.org\/{rel}","templated":true}]}}