{"id":151252,"date":"2020-04-15T18:30:48","date_gmt":"2020-04-15T15:30:48","guid":{"rendered":"http:\/\/arantv.az\/?p=151252"},"modified":"2020-04-15T18:30:48","modified_gmt":"2020-04-15T15:30:48","slug":"metyu-brayza-isgal-olunmus-dagliq-qarabagdaki-qondarma-seckil%c9%99r-danisiqlar-ucun-musb%c9%99t-muhitin-yaradilmasina-xidm%c9%99t-etmir","status":"publish","type":"post","link":"https:\/\/arantv.az\/?p=151252","title":{"rendered":"Metyu Brayza: \u0130\u015f\u011fal olunmu\u015f Da\u011fl\u0131q Qaraba\u011fdak\u0131 qondarma &#8220;se\u00e7kil\u0259r&#8221; dan\u0131\u015f\u0131qlar \u00fc\u00e7\u00fcn m\u00fcsb\u0259t m\u00fchitin yarad\u0131lmas\u0131na xidm\u0259t etmir"},"content":{"rendered":"<p><strong>\u0130\u015f\u011fal olunmu\u015f Da\u011fl\u0131q Qaraba\u011fda ke\u00e7irilmi\u015f qondarma &#8220;se\u00e7kil\u0259r&#8221; m\u00fcnaqi\u015f\u0259nin nizamlanmas\u0131 \u00fczr\u0259 dan\u0131\u015f\u0131qlar \u00fc\u00e7\u00fcn m\u00fcsb\u0259t m\u00fchitin yarad\u0131lmas\u0131na xidm\u0259t etmir.<\/strong><\/p>\n<p><strong>ARANTV.AZ<\/strong> bildirir ki, bunu\u00a0<a href=\"http:\/\/az.trend.az\/\" target=\"_blank\" rel=\"noopener\">Trend<\/a>-\u0259\u00a0AT\u018fT-in Minsk qrupunun amerikal\u0131 sabiq h\u0259ms\u0259dri Metyu Brayza deyib.<\/p>\n<p>O bildirib ki, bir \u00f6lk\u0259 t\u0259r\u0259find\u0259n dig\u0259r \u00f6lk\u0259nin i\u015f\u011fal olunmu\u015f \u0259razil\u0259rind\u0259 se\u00e7ki ke\u00e7irilm\u0259si t\u0259r\u0259fl\u0259rin bar\u0131\u015f\u0131\u011f\u0131 \u00fc\u00e7\u00fcn z\u0259ruri olan psixoloji \u0259hval\u0131n formala\u015fmas\u0131na xidm\u0259t etmir:<\/p>\n<p>&#8220;Da\u011fl\u0131q Qaraba\u011fa g\u0259ldikd\u0259, bu, Az\u0259rbaycan\u0131n \u0259razisidir v\u0259 bunu d\u00fcnya \u00f6lk\u0259l\u0259ri q\u0259bul edir. Yax\u015f\u0131 olard\u0131 ki, qondarma &#8220;se\u00e7kil\u0259r&#8221; ke\u00e7irilm\u0259zdi&#8221;.<\/p>\n<p>M.Brayzan\u0131n s\u00f6zl\u0259rin\u0259 g\u00f6r\u0259, h\u00f6kum\u0259tl\u0259rin b\u0259yanat\u0131nda a\u00e7\u0131q-a\u015fkar deyilir ki, qondarma &#8220;se\u00e7kil\u0259r&#8221; he\u00e7 n\u0259 ifad\u0259 etmir, \u00e7\u00fcnki onlar Da\u011fl\u0131q Qaraba\u011fda qurulmu\u015f qondarma rejimin &#8220;m\u00fcst\u0259qilliyini&#8221; tan\u0131m\u0131rlar:<\/p>\n<p>&#8220;Da\u011fl\u0131q Qaraba\u011f m\u00fcnaqi\u015f\u0259sinin nizamlanmas\u0131n\u0131n uzun m\u00fcdd\u0259t m\u00fczakir\u0259 olunan v\u0259 2019-cu ilin yanvar\u0131nda raz\u0131la\u015fd\u0131r\u0131lan \u0259sas prinsipl\u0259ri ifad\u0259 edir ki, Da\u011fl\u0131q Qaraba\u011f sakinl\u0259ri \u00f6z n\u00fcmay\u0259nd\u0259l\u0259rini se\u00e7m\u0259k h\u00fcququna malik olacaq, amma bu, yaln\u0131z m\u00fcnaqi\u015f\u0259 \u00fczr\u0259 \u0259ld\u0259 olunan baza prinsipl\u0259rin\u0259 \u0259saslanan \u00e7\u0259r\u00e7iv\u0259 sazi\u015fi \u0259ld\u0259 olunduqdan sonra m\u00fcmk\u00fcn ola bil\u0259r&#8221;.<\/p>\n","protected":false},"excerpt":{"rendered":"<p>\u0130\u015f\u011fal olunmu\u015f Da\u011fl\u0131q Qaraba\u011fda ke\u00e7irilmi\u015f qondarma &#8220;se\u00e7kil\u0259r&#8221; m\u00fcnaqi\u015f\u0259nin nizamlanmas\u0131 \u00fczr\u0259 dan\u0131\u015f\u0131qlar \u00fc\u00e7\u00fcn m\u00fcsb\u0259t m\u00fchitin yarad\u0131lmas\u0131na xidm\u0259t etmir. ARANTV.AZ bildirir ki, bunu\u00a0Trend-\u0259\u00a0AT\u018fT-in Minsk qrupunun amerikal\u0131 sabiq h\u0259ms\u0259dri Metyu Brayza deyib. O bildirib ki, bir \u00f6lk\u0259 t\u0259r\u0259find\u0259n dig\u0259r \u00f6lk\u0259nin i\u015f\u011fal olunmu\u015f \u0259razil\u0259rind\u0259 se\u00e7ki ke\u00e7irilm\u0259si t\u0259r\u0259fl\u0259rin bar\u0131\u015f\u0131\u011f\u0131 \u00fc\u00e7\u00fcn z\u0259ruri olan psixoloji \u0259hval\u0131n formala\u015fmas\u0131na xidm\u0259t etmir: &#8220;Da\u011fl\u0131q Qaraba\u011fa g\u0259ldikd\u0259, bu, Az\u0259rbaycan\u0131n \u0259razisidir v\u0259 bunu d\u00fcnya \u00f6lk\u0259l\u0259ri q\u0259bul edir. Yax\u015f\u0131 olard\u0131 ki, qondarma &#8220;se\u00e7kil\u0259r&#8221; ke\u00e7irilm\u0259zdi&#8221;. M.Brayzan\u0131n s\u00f6zl\u0259rin\u0259 g\u00f6r\u0259, h\u00f6kum\u0259tl\u0259rin b\u0259yanat\u0131nda a\u00e7\u0131q-a\u015fkar deyilir ki, qondarma &#8220;se\u00e7kil\u0259r&#8221; he\u00e7 n\u0259 ifad\u0259 etmir, \u00e7\u00fcnki onlar Da\u011fl\u0131q Qaraba\u011fda qurulmu\u015f qondarma&hellip;<\/p>\n","protected":false},"author":2,"featured_media":151253,"comment_status":"closed","ping_status":"closed","sticky":false,"template":"","format":"standard","meta":{"om_disable_all_campaigns":false,"_monsterinsights_skip_tracking":false,"_monsterinsights_sitenote_active":false,"_monsterinsights_sitenote_note":"","_monsterinsights_sitenote_category":0},"categories":[4],"tags":[],"aioseo_notices":[],"gutentor_comment":0,"rttpg_featured_image_url":{"full":["https:\/\/arantv.az\/wp-content\/uploads\/2020\/04\/842401.jpg",1200,900,false],"landscape":["https:\/\/arantv.az\/wp-content\/uploads\/2020\/04\/842401.jpg",1200,900,false],"portraits":["https:\/\/arantv.az\/wp-content\/uploads\/2020\/04\/842401.jpg",1200,900,false],"thumbnail":["https:\/\/arantv.az\/wp-content\/uploads\/2020\/04\/842401-150x150.jpg",150,150,true],"medium":["https:\/\/arantv.az\/wp-content\/uploads\/2020\/04\/842401-300x225.jpg",300,225,true],"large":["https:\/\/arantv.az\/wp-content\/uploads\/2020\/04\/842401-1024x768.jpg",640,480,true],"1536x1536":["https:\/\/arantv.az\/wp-content\/uploads\/2020\/04\/842401.jpg",1200,900,false],"2048x2048":["https:\/\/arantv.az\/wp-content\/uploads\/2020\/04\/842401.jpg",1200,900,false],"post-thumbnail":["https:\/\/arantv.az\/wp-content\/uploads\/2020\/04\/842401-240x172.jpg",240,172,true],"advps-thumb-one":["https:\/\/arantv.az\/wp-content\/uploads\/2020\/04\/842401-1200x620.jpg",1200,620,true]},"rttpg_author":{"display_name":"V\u00fcsal Rafiqo\u011flu","author_link":"https:\/\/arantv.az\/?author=2"},"rttpg_comment":0,"rttpg_category":"<a href=\"https:\/\/arantv.az\/?cat=4\" rel=\"category\">Siyas\u0259t<\/a>","rttpg_excerpt":"\u0130\u015f\u011fal olunmu\u015f Da\u011fl\u0131q Qaraba\u011fda ke\u00e7irilmi\u015f qondarma &#8220;se\u00e7kil\u0259r&#8221; m\u00fcnaqi\u015f\u0259nin nizamlanmas\u0131 \u00fczr\u0259 dan\u0131\u015f\u0131qlar \u00fc\u00e7\u00fcn m\u00fcsb\u0259t m\u00fchitin yarad\u0131lmas\u0131na xidm\u0259t etmir. ARANTV.AZ bildirir ki, bunu\u00a0Trend-\u0259\u00a0AT\u018fT-in Minsk qrupunun amerikal\u0131 sabiq h\u0259ms\u0259dri Metyu Brayza deyib. O bildirib ki, bir \u00f6lk\u0259 t\u0259r\u0259find\u0259n dig\u0259r \u00f6lk\u0259nin i\u015f\u011fal olunmu\u015f \u0259razil\u0259rind\u0259 se\u00e7ki ke\u00e7irilm\u0259si t\u0259r\u0259fl\u0259rin bar\u0131\u015f\u0131\u011f\u0131 \u00fc\u00e7\u00fcn z\u0259ruri olan psixoloji \u0259hval\u0131n formala\u015fmas\u0131na xidm\u0259t etmir: &#8220;Da\u011fl\u0131q Qaraba\u011fa g\u0259ldikd\u0259,&hellip;","_links":{"self":[{"href":"https:\/\/arantv.az\/index.php?rest_route=\/wp\/v2\/posts\/151252"}],"collection":[{"href":"https:\/\/arantv.az\/index.php?rest_route=\/wp\/v2\/posts"}],"about":[{"href":"https:\/\/arantv.az\/index.php?rest_route=\/wp\/v2\/types\/post"}],"author":[{"embeddable":true,"href":"https:\/\/arantv.az\/index.php?rest_route=\/wp\/v2\/users\/2"}],"replies":[{"embeddable":true,"href":"https:\/\/arantv.az\/index.php?rest_route=%2Fwp%2Fv2%2Fcomments&post=151252"}],"version-history":[{"count":0,"href":"https:\/\/arantv.az\/index.php?rest_route=\/wp\/v2\/posts\/151252\/revisions"}],"wp:featuredmedia":[{"embeddable":true,"href":"https:\/\/arantv.az\/index.php?rest_route=\/wp\/v2\/media\/151253"}],"wp:attachment":[{"href":"https:\/\/arantv.az\/index.php?rest_route=%2Fwp%2Fv2%2Fmedia&parent=151252"}],"wp:term":[{"taxonomy":"category","embeddable":true,"href":"https:\/\/arantv.az\/index.php?rest_route=%2Fwp%2Fv2%2Fcategories&post=151252"},{"taxonomy":"post_tag","embeddable":true,"href":"https:\/\/arantv.az\/index.php?rest_route=%2Fwp%2Fv2%2Ftags&post=151252"}],"curies":[{"name":"wp","href":"https:\/\/api.w.org\/{rel}","templated":true}]}}