{"id":151256,"date":"2020-04-15T18:32:51","date_gmt":"2020-04-15T15:32:51","guid":{"rendered":"http:\/\/arantv.az\/?p=151256"},"modified":"2020-04-15T18:32:51","modified_gmt":"2020-04-15T15:32:51","slug":"t%c9%99bib-s%c9%99dri-d%c9%99rman-v%c9%99-dig%c9%99r-tibbi-t%c9%99chizatda-catismazliq-yoxdur","status":"publish","type":"post","link":"https:\/\/arantv.az\/?p=151256","title":{"rendered":"T\u018fB\u0130B s\u0259dri: &#8220;D\u0259rman v\u0259 dig\u0259r tibbi t\u0259chizatda \u00e7at\u0131\u015fmazl\u0131q yoxdur&#8221;"},"content":{"rendered":"<p>&#8220;Az\u0259rbaycanda koronavirusa yoluxan bir x\u0259st\u0259 \u00fc\u00e7\u00fcn n\u0259 q\u0259d\u0259r v\u0259saitin ayr\u0131lmas\u0131 bar\u0259d\u0259 d\u0259qiq n\u0259s\u0259 dey\u0259 bilm\u0259r\u0259m&#8221;.<\/p>\n<div id=\"AdviadNativeVideo0\" class=\"AdviadNativeVideo\"><\/div>\n<p><b><a title=\"xeberler son xeberler 2020\" href=\"https:\/\/big.az\/\" target=\"_blank\" rel=\"noopener\">ARANTV.AZ<\/a><\/b>\u00a0x\u0259b\u0259r verir ki, bunu T\u018fB\u0130B-in \u0130dar\u0259 Hey\u0259tinin s\u0259dri Ramin Bayraml\u0131 Nazirl\u0259r Kabineti yan\u0131nda Operativ Q\u0259rargah\u0131n brifinqind\u0259 \u00e7\u0131x\u0131\u015f\u0131 zaman\u0131 deyib.<\/p>\n<p>O bildirib ki, \u0259n a\u011f\u0131r x\u0259st\u0259l\u0259rin d\u0259rman v\u0259 dig\u0259r laz\u0131mi tibbi t\u0259chizat\u0131 tam apar\u0131l\u0131r.<\/p>\n","protected":false},"excerpt":{"rendered":"<p>&#8220;Az\u0259rbaycanda koronavirusa yoluxan bir x\u0259st\u0259 \u00fc\u00e7\u00fcn n\u0259 q\u0259d\u0259r v\u0259saitin ayr\u0131lmas\u0131 bar\u0259d\u0259 d\u0259qiq n\u0259s\u0259 dey\u0259 bilm\u0259r\u0259m&#8221;. ARANTV.AZ\u00a0x\u0259b\u0259r verir ki, bunu T\u018fB\u0130B-in \u0130dar\u0259 Hey\u0259tinin s\u0259dri Ramin Bayraml\u0131 Nazirl\u0259r Kabineti yan\u0131nda Operativ Q\u0259rargah\u0131n brifinqind\u0259 \u00e7\u0131x\u0131\u015f\u0131 zaman\u0131 deyib. O bildirib ki, \u0259n a\u011f\u0131r x\u0259st\u0259l\u0259rin d\u0259rman v\u0259 dig\u0259r laz\u0131mi tibbi t\u0259chizat\u0131 tam apar\u0131l\u0131r.<\/p>\n","protected":false},"author":2,"featured_media":151257,"comment_status":"closed","ping_status":"closed","sticky":false,"template":"","format":"standard","meta":{"om_disable_all_campaigns":false,"_monsterinsights_skip_tracking":false,"_monsterinsights_sitenote_active":false,"_monsterinsights_sitenote_note":"","_monsterinsights_sitenote_category":0},"categories":[19],"tags":[],"aioseo_notices":[],"gutentor_comment":0,"rttpg_featured_image_url":{"full":["https:\/\/arantv.az\/wp-content\/uploads\/2020\/04\/14_61586958878.jpg",620,419,false],"landscape":["https:\/\/arantv.az\/wp-content\/uploads\/2020\/04\/14_61586958878.jpg",620,419,false],"portraits":["https:\/\/arantv.az\/wp-content\/uploads\/2020\/04\/14_61586958878.jpg",620,419,false],"thumbnail":["https:\/\/arantv.az\/wp-content\/uploads\/2020\/04\/14_61586958878-150x150.jpg",150,150,true],"medium":["https:\/\/arantv.az\/wp-content\/uploads\/2020\/04\/14_61586958878-300x203.jpg",300,203,true],"large":["https:\/\/arantv.az\/wp-content\/uploads\/2020\/04\/14_61586958878.jpg",620,419,false],"1536x1536":["https:\/\/arantv.az\/wp-content\/uploads\/2020\/04\/14_61586958878.jpg",620,419,false],"2048x2048":["https:\/\/arantv.az\/wp-content\/uploads\/2020\/04\/14_61586958878.jpg",620,419,false],"post-thumbnail":["https:\/\/arantv.az\/wp-content\/uploads\/2020\/04\/14_61586958878-240x172.jpg",240,172,true],"advps-thumb-one":["https:\/\/arantv.az\/wp-content\/uploads\/2020\/04\/14_61586958878.jpg",620,419,false]},"rttpg_author":{"display_name":"V\u00fcsal Rafiqo\u011flu","author_link":"https:\/\/arantv.az\/?author=2"},"rttpg_comment":0,"rttpg_category":"<a href=\"https:\/\/arantv.az\/?cat=19\" rel=\"category\">G\u00fcnd\u0259m<\/a>","rttpg_excerpt":"&#8220;Az\u0259rbaycanda koronavirusa yoluxan bir x\u0259st\u0259 \u00fc\u00e7\u00fcn n\u0259 q\u0259d\u0259r v\u0259saitin ayr\u0131lmas\u0131 bar\u0259d\u0259 d\u0259qiq n\u0259s\u0259 dey\u0259 bilm\u0259r\u0259m&#8221;. ARANTV.AZ\u00a0x\u0259b\u0259r verir ki, bunu T\u018fB\u0130B-in \u0130dar\u0259 Hey\u0259tinin s\u0259dri Ramin Bayraml\u0131 Nazirl\u0259r Kabineti yan\u0131nda Operativ Q\u0259rargah\u0131n brifinqind\u0259 \u00e7\u0131x\u0131\u015f\u0131 zaman\u0131 deyib. O bildirib ki, \u0259n a\u011f\u0131r x\u0259st\u0259l\u0259rin d\u0259rman v\u0259 dig\u0259r laz\u0131mi tibbi t\u0259chizat\u0131 tam apar\u0131l\u0131r.","_links":{"self":[{"href":"https:\/\/arantv.az\/index.php?rest_route=\/wp\/v2\/posts\/151256"}],"collection":[{"href":"https:\/\/arantv.az\/index.php?rest_route=\/wp\/v2\/posts"}],"about":[{"href":"https:\/\/arantv.az\/index.php?rest_route=\/wp\/v2\/types\/post"}],"author":[{"embeddable":true,"href":"https:\/\/arantv.az\/index.php?rest_route=\/wp\/v2\/users\/2"}],"replies":[{"embeddable":true,"href":"https:\/\/arantv.az\/index.php?rest_route=%2Fwp%2Fv2%2Fcomments&post=151256"}],"version-history":[{"count":0,"href":"https:\/\/arantv.az\/index.php?rest_route=\/wp\/v2\/posts\/151256\/revisions"}],"wp:featuredmedia":[{"embeddable":true,"href":"https:\/\/arantv.az\/index.php?rest_route=\/wp\/v2\/media\/151257"}],"wp:attachment":[{"href":"https:\/\/arantv.az\/index.php?rest_route=%2Fwp%2Fv2%2Fmedia&parent=151256"}],"wp:term":[{"taxonomy":"category","embeddable":true,"href":"https:\/\/arantv.az\/index.php?rest_route=%2Fwp%2Fv2%2Fcategories&post=151256"},{"taxonomy":"post_tag","embeddable":true,"href":"https:\/\/arantv.az\/index.php?rest_route=%2Fwp%2Fv2%2Ftags&post=151256"}],"curies":[{"name":"wp","href":"https:\/\/api.w.org\/{rel}","templated":true}]}}