{"id":151272,"date":"2020-04-15T19:43:05","date_gmt":"2020-04-15T16:43:05","guid":{"rendered":"http:\/\/arantv.az\/?p=151272"},"modified":"2020-04-15T19:43:05","modified_gmt":"2020-04-15T16:43:05","slug":"koronavirus-pandemiyasi-sabit-v%c9%99-dayaniqli-iqtisadiyyati-olan-dovl%c9%99tin-qarsisinda-%c9%99lacsiz-qalir","status":"publish","type":"post","link":"https:\/\/arantv.az\/?p=151272","title":{"rendered":"&#8220;Koronavirus pandemiyas\u0131 sabit v\u0259 dayan\u0131ql\u0131 iqtisadiyyat\u0131 olan d\u00f6vl\u0259tin qar\u015f\u0131s\u0131nda \u0259lacs\u0131z qal\u0131r"},"content":{"rendered":"<p>Az\u0259rbaycan Respublikas\u0131n\u0131n Prezidenti \u0130lham \u018fliyevin s\u0259drliyi il\u0259 2020-ci ilin birinci r\u00fcb\u00fcn\u00fcn sosial-iqtisadi yekunlar\u0131na h\u0259sr olunan videokonfrans \u015f\u0259klind\u0259 ke\u00e7iril\u0259n m\u00fc\u015favir\u0259 cari ild\u0259 \u0259ld\u0259 olunan iqtisadi, sosial, siyasi u\u011furlar\u0131n, b\u00fct\u00fcn istiqam\u0259tl\u0259r \u00fczr\u0259 v\u0259zif\u0259l\u0259rin, g\u0259l\u0259c\u0259kd\u0259 h\u0259yata ke\u00e7iril\u0259c\u0259k proqramlar\u0131n, islahatlar\u0131n, eyni zamanda koronavirusla ba\u011fl\u0131 m\u00f6vcud v\u0259ziyy\u0259tin hesabat\u0131 oldu.<\/p>\n<p>ARANTV.AZ x\u0259b\u0259r verir ki, bunu\u00a0<a href=\"http:\/\/az.trend.az\/\" target=\"_blank\" rel=\"noopener\">Trend<\/a>-\u0259 Milli M\u0259clisin deputat\u0131 P\u0259rvin K\u0259rimzad\u0259 bildirib.<\/p>\n<p>Mill\u0259t v\u0259kili qeyd edib ki, \u00f6lk\u0259 h\u0259yat\u0131n\u0131n b\u00fct\u00fcn istiqam\u0259tl\u0259rin\u0259 diqq\u0259t \u00e7\u0259k\u0259n d\u00f6vl\u0259t Ba\u015f\u00e7\u0131s\u0131n\u0131n karonavirus pandemiyas\u0131n\u0131n geni\u015f yay\u0131lmas\u0131n\u0131n qar\u015f\u0131s\u0131n\u0131n al\u0131nmas\u0131 v\u0259 pandemiyan\u0131n t\u0259sir g\u00f6st\u0259rdiyi sah\u0259l\u0259rd\u0259 inki\u015faf dinamikas\u0131n\u0131n qorunub saxlan\u0131lmas\u0131n\u0131n vacibliyini x\u00fcsusi il\u0259 vur\u011fulamas\u0131, m\u00fc\u0259yy\u0259nl\u0259\u015fdirdiyi h\u0259d\u0259fl\u0259r, qar\u015f\u0131da duran v\u0259zif\u0259l\u0259rin h\u0259yata ke\u00e7irilm\u0259si il\u0259 ba\u011fl\u0131 m\u00fch\u00fcm ismar\u0131clar\u0131 bu g\u00fcn pandemiya t\u0259\u015fvi\u015fi il\u0259 ya\u015fayan h\u0259r k\u0259s\u0259 b\u00f6y\u00fck stimul oldu: &#8220;D\u00fcnyan\u0131n b\u00fct\u00fcn \u00f6lk\u0259l\u0259rind\u0259 koronavirusla ba\u011fl\u0131 probleml\u0259r ya\u015fan\u0131r. Az\u0259rbaycan da d\u00fcnyan\u0131n bir par\u00e7as\u0131d\u0131r. Ancaq dey\u0259 bil\u0259r\u0259m ki, qabaqlay\u0131c\u0131 t\u0259dbirl\u0259r v\u0259 d\u00fc\u015f\u00fcn\u00fclm\u00fc\u015f siyas\u0259t n\u0259tic\u0259sind\u0259 biz v\u0259ziyy\u0259ti n\u0259zar\u0259t alt\u0131nda saxlay\u0131r\u0131q. Hesab edir\u0259m ki, bu g\u00fcn\u0259 q\u0259d\u0259r at\u0131lm\u0131\u015f b\u00fct\u00fcn add\u0131mlar d\u00fczg\u00fcn istiqam\u0259td\u0259 at\u0131lm\u0131\u015f add\u0131mlard\u0131r. M\u0259hz bu add\u0131mlar\u0131n at\u0131lmas\u0131 n\u0259tic\u0259sind\u0259 Az\u0259rbaycanda v\u0259ziyy\u0259t n\u0259zar\u0259t alt\u0131ndad\u0131r&#8221;.<\/p>\n<p>P.K\u0259rimzad\u0259nin s\u00f6zl\u0259rin\u0259 g\u00f6r\u0259, Az\u0259rbaycan xalq\u0131 yax\u015f\u0131 bilir ki, h\u0259r zaman xo\u015f g\u00fcnd\u0259 d\u0259, dar g\u00fcnd\u0259 d\u0259 onlar\u0131n yan\u0131nda olan d\u00f6vl\u0259t r\u0259hb\u0259rl\u0259ri var: &#8220;\u00d6lk\u0259mizin daxili v\u0259 xarici siyas\u0259tind\u0259 \u0259ld\u0259 edil\u0259n u\u011furlar, iqtisadi t\u0259r\u0259qqi, \u0259halinin sosial m\u00fcdafi\u0259sinin g\u00fccl\u0259ndirilm\u0259sin\u0259 y\u00f6n\u0259lmi\u015f operativ t\u0259dbirl\u0259r, minimum \u0259m\u0259khaqq\u0131n\u0131n, \u0259m\u0259k pensiyalar\u0131n\u0131n, bir s\u0131ra sosial m\u00fcavin\u0259tl\u0259rin art\u0131r\u0131lmas\u0131 dem\u0259y\u0259 \u0259sas verir ki, bel\u0259 \u00e7\u0259tin vaxtda da Prezident \u0130lham \u018fliyevin m\u00fcdrik r\u0259hb\u0259rliyi il\u0259 xalq\u0131m\u0131z karonavirus b\u0259las\u0131n\u0131n f\u0259sadlar\u0131ndan az itki il\u0259 \u00e7\u0131xma\u011f\u0131 bacaracaq. Pandemiya d\u00f6vr\u00fcnd\u0259 islahatlar prosesinin geni\u015fl\u0259ndirilm\u0259si, biznesin qorunmas\u0131, ki\u00e7ik v\u0259 orta sahibkarlara maliyy\u0259 yard\u0131m\u0131n\u0131n edilm\u0259si, eyni zamanda i\u015f yerl\u0259rinin saxlan\u0131lmas\u0131 \u00fc\u00e7\u00fcn d\u00f6vl\u0259tin d\u0259st\u0259yinin g\u00f6st\u0259rilm\u0259si, azt\u0259minatl\u0131 ail\u0259l\u0259rin sosial m\u00fcdafi\u0259si t\u0259dbirl\u0259ri, m\u0259rh\u0259l\u0259li \u015f\u0259kild\u0259 imzalanan m\u00fcvafiq f\u0259rman v\u0259 s\u0259r\u0259ncamlar c\u0259miyy\u0259tin b\u00fct\u00fcn t\u0259b\u0259q\u0259sinin sosial v\u0259ziyy\u0259tinin, maddi rifah hal\u0131n\u0131n, g\u00fcz\u0259ran\u0131n\u0131n yax\u015f\u0131la\u015fmas\u0131na xidm\u0259t edib.<\/p>\n<p>\u00d6lk\u0259mizin iqtisadi q\u00fcdr\u0259ti, resurslar\u0131 \u0259halinin sa\u011flaml\u0131\u011f\u0131n\u0131 etibarl\u0131 \u015f\u0259kild\u0259 qoruma\u011fa imkan ver\u0259n geni\u015fmiqyasl\u0131 t\u0259dbirl\u0259r d\u00fcnyada \u00f6rn\u0259k ola bil\u0259c\u0259k v\u0259 g\u00f6zl\u0259nilm\u0259z hadis\u0259l\u0259r zaman\u0131 d\u00f6vl\u0259tin, xalq\u0131n m\u0259nafeyi, milli maraqlar bax\u0131m\u0131ndan g\u00f6r\u00fcl\u0259c\u0259k t\u0259dbirl\u0259r \u00fc\u00e7\u00fcn \u0259n g\u00f6z\u0259l n\u00fcmun\u0259 oldu. Bu qorxunc virus d\u00fcnyan\u0131 a\u011fu\u015funa alma\u011fa ba\u015flad\u0131\u011f\u0131 ilk g\u00fcnd\u0259n Az\u0259rbaycan d\u00f6vl\u0259ti koronavirusla m\u00fcbariz\u0259d\u0259 profilaktik v\u0259 preventiv xarakteri il\u0259 se\u00e7ildi, \u0259n optimal v\u0259 effektli t\u0259dbirl\u0259r g\u00f6r\u0259n \u00f6lk\u0259 kimi art\u0131q d\u00fcnyan\u0131n bir s\u0131ra \u00f6lk\u0259l\u0259ri Az\u0259rbaycan\u0131n t\u0259cr\u00fcb\u0259sind\u0259n istifad\u0259 edir.<\/p>\n<div>\n<div id=\"AdviadNativeVideo0\" class=\"AdviadNativeVideo\">\n<div class=\"adviad-inboard\">\n<div>\n<div class=\"adviad-ui-components-credits\">\n<div id=\"NMCallButton-box\">\n<div><\/div>\n<\/div>\n<\/div>\n<\/div>\n<\/div>\n<\/div>\n<\/div>\n<p>Koronavirus pandemiyas\u0131n\u0131n t\u00fc\u011fyan etdiyi \u00e7\u0259tin bir vaxtda Prezident \u0130lham \u018fliyevin s\u0259drliyi il\u0259 2020-ci ilin birinci r\u00fcb\u00fcn\u00fcn sosial-iqtisadi yekunlar\u0131na aid videokonfrans \u015f\u0259klind\u0259 m\u00fc\u015favir\u0259nin ke\u00e7irilm\u0259si, b\u00fct\u00fcn istiqam\u0259tl\u0259r \u00fczr\u0259 \u00f6lk\u0259d\u0259ki v\u0259ziyy\u0259tin hesabat\u0131 g\u00f6st\u0259rdi ki, koronavirus pandemiyas\u0131 sabit v\u0259 dayan\u0131ql\u0131 iqtisadiyyat\u0131 olan d\u00f6vl\u0259tin qar\u015f\u0131s\u0131nda \u0259lacs\u0131z qal\u0131r&#8221;.<\/p>\n","protected":false},"excerpt":{"rendered":"<p>Az\u0259rbaycan Respublikas\u0131n\u0131n Prezidenti \u0130lham \u018fliyevin s\u0259drliyi il\u0259 2020-ci ilin birinci r\u00fcb\u00fcn\u00fcn sosial-iqtisadi yekunlar\u0131na h\u0259sr olunan videokonfrans \u015f\u0259klind\u0259 ke\u00e7iril\u0259n m\u00fc\u015favir\u0259 cari ild\u0259 \u0259ld\u0259 olunan iqtisadi, sosial, siyasi u\u011furlar\u0131n, b\u00fct\u00fcn istiqam\u0259tl\u0259r \u00fczr\u0259 v\u0259zif\u0259l\u0259rin, g\u0259l\u0259c\u0259kd\u0259 h\u0259yata ke\u00e7iril\u0259c\u0259k proqramlar\u0131n, islahatlar\u0131n, eyni zamanda koronavirusla ba\u011fl\u0131 m\u00f6vcud v\u0259ziyy\u0259tin hesabat\u0131 oldu. ARANTV.AZ x\u0259b\u0259r verir ki, bunu\u00a0Trend-\u0259 Milli M\u0259clisin deputat\u0131 P\u0259rvin K\u0259rimzad\u0259 bildirib. Mill\u0259t v\u0259kili qeyd edib ki, \u00f6lk\u0259 h\u0259yat\u0131n\u0131n b\u00fct\u00fcn istiqam\u0259tl\u0259rin\u0259 diqq\u0259t \u00e7\u0259k\u0259n d\u00f6vl\u0259t Ba\u015f\u00e7\u0131s\u0131n\u0131n karonavirus pandemiyas\u0131n\u0131n geni\u015f yay\u0131lmas\u0131n\u0131n qar\u015f\u0131s\u0131n\u0131n al\u0131nmas\u0131 v\u0259 pandemiyan\u0131n t\u0259sir g\u00f6st\u0259rdiyi sah\u0259l\u0259rd\u0259 inki\u015faf dinamikas\u0131n\u0131n qorunub saxlan\u0131lmas\u0131n\u0131n vacibliyini x\u00fcsusi il\u0259 vur\u011fulamas\u0131, m\u00fc\u0259yy\u0259nl\u0259\u015fdirdiyi h\u0259d\u0259fl\u0259r, qar\u015f\u0131da&hellip;<\/p>\n","protected":false},"author":2,"featured_media":151273,"comment_status":"closed","ping_status":"closed","sticky":false,"template":"","format":"standard","meta":{"om_disable_all_campaigns":false,"_monsterinsights_skip_tracking":false,"_monsterinsights_sitenote_active":false,"_monsterinsights_sitenote_note":"","_monsterinsights_sitenote_category":0},"categories":[19],"tags":[],"aioseo_notices":[],"gutentor_comment":0,"rttpg_featured_image_url":{"full":["https:\/\/arantv.az\/wp-content\/uploads\/2020\/04\/842407.jpg",1200,900,false],"landscape":["https:\/\/arantv.az\/wp-content\/uploads\/2020\/04\/842407.jpg",1200,900,false],"portraits":["https:\/\/arantv.az\/wp-content\/uploads\/2020\/04\/842407.jpg",1200,900,false],"thumbnail":["https:\/\/arantv.az\/wp-content\/uploads\/2020\/04\/842407-150x150.jpg",150,150,true],"medium":["https:\/\/arantv.az\/wp-content\/uploads\/2020\/04\/842407-300x225.jpg",300,225,true],"large":["https:\/\/arantv.az\/wp-content\/uploads\/2020\/04\/842407-1024x768.jpg",640,480,true],"1536x1536":["https:\/\/arantv.az\/wp-content\/uploads\/2020\/04\/842407.jpg",1200,900,false],"2048x2048":["https:\/\/arantv.az\/wp-content\/uploads\/2020\/04\/842407.jpg",1200,900,false],"post-thumbnail":["https:\/\/arantv.az\/wp-content\/uploads\/2020\/04\/842407-240x172.jpg",240,172,true],"advps-thumb-one":["https:\/\/arantv.az\/wp-content\/uploads\/2020\/04\/842407-1200x620.jpg",1200,620,true]},"rttpg_author":{"display_name":"V\u00fcsal Rafiqo\u011flu","author_link":"https:\/\/arantv.az\/?author=2"},"rttpg_comment":0,"rttpg_category":"<a href=\"https:\/\/arantv.az\/?cat=19\" rel=\"category\">G\u00fcnd\u0259m<\/a>","rttpg_excerpt":"Az\u0259rbaycan Respublikas\u0131n\u0131n Prezidenti \u0130lham \u018fliyevin s\u0259drliyi il\u0259 2020-ci ilin birinci r\u00fcb\u00fcn\u00fcn sosial-iqtisadi yekunlar\u0131na h\u0259sr olunan videokonfrans \u015f\u0259klind\u0259 ke\u00e7iril\u0259n m\u00fc\u015favir\u0259 cari ild\u0259 \u0259ld\u0259 olunan iqtisadi, sosial, siyasi u\u011furlar\u0131n, b\u00fct\u00fcn istiqam\u0259tl\u0259r \u00fczr\u0259 v\u0259zif\u0259l\u0259rin, g\u0259l\u0259c\u0259kd\u0259 h\u0259yata ke\u00e7iril\u0259c\u0259k proqramlar\u0131n, islahatlar\u0131n, eyni zamanda koronavirusla ba\u011fl\u0131 m\u00f6vcud v\u0259ziyy\u0259tin hesabat\u0131 oldu. ARANTV.AZ x\u0259b\u0259r verir ki, bunu\u00a0Trend-\u0259 Milli M\u0259clisin deputat\u0131 P\u0259rvin K\u0259rimzad\u0259 bildirib.&hellip;","_links":{"self":[{"href":"https:\/\/arantv.az\/index.php?rest_route=\/wp\/v2\/posts\/151272"}],"collection":[{"href":"https:\/\/arantv.az\/index.php?rest_route=\/wp\/v2\/posts"}],"about":[{"href":"https:\/\/arantv.az\/index.php?rest_route=\/wp\/v2\/types\/post"}],"author":[{"embeddable":true,"href":"https:\/\/arantv.az\/index.php?rest_route=\/wp\/v2\/users\/2"}],"replies":[{"embeddable":true,"href":"https:\/\/arantv.az\/index.php?rest_route=%2Fwp%2Fv2%2Fcomments&post=151272"}],"version-history":[{"count":0,"href":"https:\/\/arantv.az\/index.php?rest_route=\/wp\/v2\/posts\/151272\/revisions"}],"wp:featuredmedia":[{"embeddable":true,"href":"https:\/\/arantv.az\/index.php?rest_route=\/wp\/v2\/media\/151273"}],"wp:attachment":[{"href":"https:\/\/arantv.az\/index.php?rest_route=%2Fwp%2Fv2%2Fmedia&parent=151272"}],"wp:term":[{"taxonomy":"category","embeddable":true,"href":"https:\/\/arantv.az\/index.php?rest_route=%2Fwp%2Fv2%2Fcategories&post=151272"},{"taxonomy":"post_tag","embeddable":true,"href":"https:\/\/arantv.az\/index.php?rest_route=%2Fwp%2Fv2%2Ftags&post=151272"}],"curies":[{"name":"wp","href":"https:\/\/api.w.org\/{rel}","templated":true}]}}