{"id":151280,"date":"2020-04-15T20:03:23","date_gmt":"2020-04-15T17:03:23","guid":{"rendered":"http:\/\/arantv.az\/?p=151280"},"modified":"2020-04-15T20:03:23","modified_gmt":"2020-04-15T17:03:23","slug":"prezident-ilham-%c9%99liyev%c9%99-v%c9%99t%c9%99ndaslardan-minn%c9%99tdarliq-m%c9%99ktublari-g%c9%99lm%c9%99kd%c9%99-davam-edir","status":"publish","type":"post","link":"https:\/\/arantv.az\/?p=151280","title":{"rendered":"Prezident \u0130lham \u018fliyev\u0259 v\u0259t\u0259nda\u015flardan minn\u0259tdarl\u0131q m\u0259ktublar\u0131 g\u0259lm\u0259kd\u0259 davam edir"},"content":{"rendered":"<p><strong>Az\u0259rbaycan Prezidenti\u00a0<a href=\"http:\/\/report.az\/persona\/ilham-%C9%99liyev\/\" target=\"_blank\" rel=\"noopener\">\u0130lham \u018fliyev<\/a>in \u00f6lk\u0259d\u0259 koronavirus pandemiyas\u0131n\u0131n geni\u015f yay\u0131lmas\u0131n\u0131n qar\u015f\u0131s\u0131n\u0131n al\u0131nmas\u0131, \u0259halinin sa\u011flaml\u0131\u011f\u0131n\u0131n qorunmas\u0131 il\u0259 ba\u011fl\u0131 g\u00f6rd\u00fcy\u00fc i\u015fl\u0259r xalq t\u0259r\u0259find\u0259n y\u00fcks\u0259k qiym\u0259tl\u0259ndirilir. Bununla \u0259laq\u0259dar d\u00f6vl\u0259t ba\u015f\u00e7\u0131s\u0131na minn\u0259tdarl\u0131q m\u0259ktublar\u0131 g\u0259lm\u0259kd\u0259 davam edir.<\/strong><\/p>\n<p><b>ARANTV.AZ<\/b> president.az sayt\u0131na istinadla bu m\u0259ktublar\u0131n bir ne\u00e7\u0259sini t\u0259qdim edir.<\/p>\n<p><strong>A\u011fcab\u0259di rayon sakini\u00a0<\/strong><strong>Natiq \u018fli\u015fov\u00a0<\/strong>d\u00fcnyan\u0131 c\u0259ngin\u0259 alan koronavirusun yay\u0131lmas\u0131n\u0131n qar\u015f\u0131s\u0131n\u0131n al\u0131nmas\u0131 \u00fc\u00e7\u00fcn g\u00f6r\u00fcl\u0259n t\u0259dbirl\u0259r\u0259 g\u00f6r\u0259 Qaraba\u011f b\u00f6lg\u0259sind\u0259 ya\u015fayan v\u0259t\u0259nda\u015flar ad\u0131ndan\u00a0Prezident \u0130lham \u018fliyev\u0259 t\u0259\u015f\u0259kk\u00fcr edib. M\u0259ktubda deyilir:<\/p>\n<p>&#8220;M\u00f6ht\u0259r\u0259m c\u0259nab Prezident, d\u00fcnyada geni\u015f yay\u0131lm\u0131\u015f yeni koronovirus pandemiyas\u0131n\u0131n respublikam\u0131zda yay\u0131lmas\u0131n\u0131n qar\u015f\u0131s\u0131n\u0131n al\u0131nmas\u0131 istiqam\u0259tind\u0259 g\u00f6rd\u00fcy\u00fcn\u00fcz b\u00fct\u00fcn t\u0259dbirl\u0259r bir daha s\u00fcbut etdi ki, h\u0259r zaman oldu\u011fu kimi Az\u0259rbaycan Prezidenti \u00f6z xalq\u0131n\u0131n yan\u0131ndad\u0131r. \u018fminik ki, bu birlik biz\u0259 bel\u0259 a\u011f\u0131r s\u0131naqdan q\u0259l\u0259b\u0259 il\u0259 \u00e7\u0131xma\u011fa imkan ver\u0259c\u0259kdir. R\u0259hb\u0259rliyinizl\u0259 vaxt\u0131nda g\u00f6r\u00fclm\u00fc\u015f operativ v\u0259 t\u0259xir\u0259sal\u0131nmaz t\u0259dbirl\u0259r n\u0259tic\u0259sind\u0259 haz\u0131rda respublikam\u0131zda koronovirus pandemiyas\u0131na qar\u015f\u0131 s\u0259m\u0259r\u0259li m\u00fcbariz\u0259 apar\u0131l\u0131r. Koronavirusa qar\u015f\u0131 m\u00fcbariz\u0259 t\u0259dbirl\u0259ri sah\u0259sind\u0259 imzalad\u0131\u011f\u0131n\u0131z S\u0259r\u0259ncamlar, a\u00e7\u0131lan yeni x\u0259st\u0259xanalar, yeni fabrikl\u0259r g\u00f6st\u0259rir ki, Az\u0259rbaycan bu \u00e7\u0259tin s\u0131naqdan aln\u0131a\u00e7\u0131q \u00e7\u0131xacaqd\u0131r. D\u00f6vl\u0259timiz bu g\u00fcn d\u0259 \u00f6z v\u0259t\u0259nda\u015f\u0131n\u0131n sa\u011flaml\u0131\u011f\u0131n\u0131 qorumaq v\u0259 pandemiyan\u0131n yay\u0131lmas\u0131n\u0131n qar\u015f\u0131s\u0131n\u0131 almaq \u00fc\u00e7\u00fcn s\u0259yl\u0259rini davam etdirir. Xalq\u0131m\u0131z\u0131n bu b\u0259ladan minimum z\u0259r\u0259rl\u0259 xilas olaca\u011f\u0131na \u0259minlikl\u0259 inan\u0131r\u0131q. Xalq\u0131m\u0131za g\u00f6st\u0259rdiyiniz d\u0259st\u0259y\u0259 v\u0259 qay\u011f\u0131ya g\u00f6r\u0259 Siz\u0259 v\u0259 Mehriban xan\u0131ma b\u00fct\u00fcn qaraba\u011fl\u0131lar ad\u0131ndan t\u0259\u015f\u0259kk\u00fcr\u00fcm\u00fc bildirir, Siz\u0259 v\u0259 ail\u0259niz\u0259 uzun \u00f6m\u00fcr, cansa\u011fl\u0131\u011f\u0131 arzu edir\u0259m. Uca Allah Sizi v\u0259 Az\u0259rbaycan xalq\u0131n\u0131 qorusun&#8221;.<\/p>\n<p><strong>Beyl\u0259qan rayon sakini,\u00a02-ci qrup Qaraba\u011f m\u00fcharib\u0259si \u0259lili, ehtiyatda olan leytenant\u00a0<\/strong><strong>\u0130lham \u018fliyev<\/strong>\u00a0d\u0259 d\u00f6vl\u0259t ba\u015f\u00e7\u0131s\u0131na \u00fcnvanlad\u0131\u011f\u0131 m\u0259ktubunda\u00a0t\u0259\u015f\u0259kk\u00fcr\u00fcn\u00fc bildirib:<\/p>\n<p>&#8220;M\u00f6ht\u0259r\u0259m Prezident, c\u0259nab Ali Ba\u015f Komandan, Sizin \u00f6lk\u0259mizi COV\u0130D-19 virusundan qorumaq \u00fc\u00e7\u00fcn atd\u0131\u011f\u0131n\u0131z h\u0259r add\u0131m\u0131n\u0131z\u0131 alq\u0131\u015flay\u0131r\u0131q. Siz bizi bizd\u0259n d\u0259 \u00e7ox d\u00fc\u015f\u00fcn\u00fcrs\u00fcn\u00fcz. Ona g\u00f6r\u0259 d\u0259 Siz\u0259 ail\u0259miz ad\u0131ndan t\u0259\u015f\u0259kk\u00fcr edir\u0259m. Bu \u00e7\u0259tin g\u00fcnl\u0259rd\u0259 d\u0259 xalq\u0131m\u0131za arxa-dayaq oldunuz, t\u0259hl\u00fck\u0259sizliyimiz \u00fc\u00e7\u00fcn \u0259linizd\u0259n g\u0259l\u0259ni \u0259sirg\u0259m\u0259diniz. Biz Sizinl\u0259 f\u0259xr edirik. Yax\u015f\u0131 ki, d\u00f6vl\u0259timizin ba\u015f\u0131ndas\u0131n\u0131z. Ulu Tanr\u0131 Sizi v\u0259 ail\u0259nizi qorusun&#8221;.<\/p>\n<p><strong>T\u0259rt\u0259r rayonu, S\u0259hl\u0259bad k\u0259ndi sakini Zahid \u0130brahimov<\/strong>\u00a0is\u0259 \u0259halinin sosial v\u0259ziyy\u0259tinin yax\u015f\u0131la\u015fd\u0131r\u0131lmas\u0131 \u00fc\u00e7\u00fcn haz\u0131rlanan sosial paketl\u0259rd\u0259 b\u00fct\u00fcn t\u0259b\u0259q\u0259d\u0259n olan insanlar\u0131n d\u00f6vl\u0259td\u0259n ayr\u0131lan pay\u0131 oldu\u011funu vur\u011fulay\u0131b:<\/p>\n<p>&#8220;H\u00f6rm\u0259tli c\u0259nab Prezident,\u00a0Siz Prezident se\u00e7ildiyiniz g\u00fcnd\u0259n h\u0259mi\u015f\u0259 xalq\u0131n yan\u0131nda olmusunuz, \u0259halinin qay\u011f\u0131lar\u0131 il\u0259 ya\u015fam\u0131\u015f\u0131n\u0131z. \u201cEl g\u00f6z\u00fc t\u0259r\u0259zidir\u201d, &#8211; deyibl\u0259r atalar. \u018fhalinin sosial v\u0259ziyy\u0259tinin yax\u015f\u0131la\u015fd\u0131r\u0131lmas\u0131 \u00fc\u00e7\u00fcn haz\u0131rlanan sosial paketl\u0259rd\u0259 b\u00fct\u00fcn t\u0259b\u0259q\u0259d\u0259n olan insanlar\u0131n \u2013 i\u015fsizl\u0259rd\u0259n tutmu\u015f sahibkarlara q\u0259d\u0259r h\u0259r k\u0259sin d\u00f6vl\u0259td\u0259n ayr\u0131lan pay\u0131 var. Bunun \u00fc\u00e7\u00fcn d\u0259 Siz\u0259 minn\u0259tdar\u0131q. Siz Az\u0259rbaycan kimi b\u00f6y\u00fck bir ail\u0259y\u0259 ba\u015f\u00e7\u0131l\u0131q edir, bu ail\u0259nin he\u00e7 bir \u00fczv\u00fcn\u00fc unutmursunuz. B\u00fct\u00fcn d\u00fcnyan\u0131n COV\u0130D-19 pandemiyas\u0131 il\u0259 \u00fcz-\u00fcz\u0259 qald\u0131\u011f\u0131 bir vaxtda yen\u0259 d\u0259 xalq\u0131m\u0131z\u0131n dolan\u0131\u015f\u0131\u011f\u0131n\u0131 unutmad\u0131n\u0131z, d\u00f6vl\u0259t \u00f6z yard\u0131m \u0259lini xalqdan \u0259sirg\u0259m\u0259di, maddi k\u00f6m\u0259kl\u0259 b\u0259rab\u0259r biz\u0259 m\u0259n\u0259vi c\u0259h\u0259td\u0259n d\u0259 d\u0259st\u0259k oldu, \u201cevd\u0259 qal, sa\u011flam qal\u201d dedi. G\u0259l\u0259c\u0259yimiz namin\u0259 h\u0259r k\u0259s bu \u00e7a\u011f\u0131r\u0131\u015fa qo\u015fulub karantin rejimin\u0259 ciddi \u0259m\u0259l etm\u0259lidir ki, \u00e7\u0259tin g\u00fcnl\u0259ri arxada qoyaq, yenid\u0259n do\u011fma V\u0259t\u0259nimizin inki\u015faf\u0131 namin\u0259, m\u00f6ht\u0259r\u0259m Prezidentimiz, Siz\u0259 &#8211; q\u0259lbi daim xalq\u0131 il\u0259 d\u00f6y\u00fcn\u0259n r\u0259hb\u0259r\u0259 d\u0259st\u0259k olaq. M\u0259n f\u0259xr edir\u0259m, q\u00fcrur hissi ke\u00e7irir\u0259m ki, Sizin kimi Prezidentimiz var. Tanr\u0131 Sizi qorusun&#8221;.<\/p>\n<p><strong>T\u0259rt\u0259r rayonu, B\u0259yimsarov k\u0259nd sakini 1-ci d\u0259r\u0259c\u0259li \u201c\u018fm\u0259k\u201d ordenli fermer Fazil V\u0259liyev<\/strong>\u00a0is\u0259\u00a0fermerl\u0259rin d\u00f6vl\u0259t ba\u015f\u00e7\u0131s\u0131n\u0131n\u00a0y\u00fcr\u00fctd\u00fcy\u00fc siyas\u0259ti d\u0259st\u0259kl\u0259diyini qeyd edib:<\/p>\n<p>&#8220;M\u00f6ht\u0259r\u0259m c\u0259nab Prezident, bu \u00e7\u0259tin g\u00fcnl\u0259rd\u0259 &#8211; \u00f6l\u00fcm kabusunun insanlar\u0131n ald\u0131\u011f\u0131 h\u0259r n\u0259f\u0259sd\u0259 dola\u015fark\u0259n xalqla birlikd\u0259 oldu\u011funuza, COVID-19 pandemiyas\u0131n\u0131n \u00f6lk\u0259mizd\u0259 qar\u015f\u0131s\u0131n\u0131n al\u0131nmas\u0131 \u00fc\u00e7\u00fcn qabaqlay\u0131c\u0131 t\u0259dbirl\u0259r g\u00f6rd\u00fcy\u00fcn\u00fcz\u0259 g\u00f6r\u0259 Siz\u0259 minn\u0259tdar\u0131q. \u0130nan\u0131r\u0131q ki, d\u00fcnya tezlikl\u0259 bu b\u0259ladan xilas olacaq, h\u0259yat\u0131m\u0131z \u0259vv\u0259lki axar\u0131na d\u00fc\u015f\u0259c\u0259kdir.\u00a0\u00c7ox h\u00f6rm\u0259tli Prezidentimiz, biz fermerl\u0259r Sizin y\u00fcr\u00fctd\u00fcy\u00fcn\u00fcz siyas\u0259tinizi d\u0259st\u0259kl\u0259yir, \u0259traf\u0131n\u0131zda s\u0131x birl\u0259\u015fmi\u015fik. \u00c7\u00fcnki Siz dediyiniz kimi, \u201cBiz birlikd\u0259 g\u00fccl\u00fcy\u00fck!\u201d. Tanr\u0131 Sizi qorusun&#8221;.<\/p>\n<p><strong>Xaricd\u0259 t\u0259hsil alan\u00a0<\/strong><strong>Veys\u0259l V\u0259liyev\u00a0<\/strong>is\u0259\u00a0x\u00fcsusi reysl\u0259 \u00f6lk\u0259miz\u0259 g\u0259tiril\u0259n t\u0259l\u0259b\u0259l\u0259rd\u0259n biri oldu\u011funu bildir\u0259r\u0259k ona g\u00f6st\u0259ril\u0259n diqq\u0259t v\u0259 qay\u011f\u0131dan raz\u0131 qald\u0131\u011f\u0131n\u0131 vur\u011fulay\u0131b:<\/p>\n<p>&#8220;\u00c7ox h\u00f6rm\u0259tli, qay\u011f\u0131ke\u015f Prezidentimiz, haz\u0131rda d\u00fcnya d\u0259h\u015f\u0259tli bir b\u0259la il\u0259 \u00fcz-\u00fcz\u0259dir. Az\u0259rbaycan bu qlobal problemd\u0259n az itki il\u0259 \u00e7\u0131xmaq \u00fc\u00e7\u00fcn ciddi add\u0131mlar at\u0131r. B\u00fct\u00fcn bunlar Sizin h\u0259yata ke\u00e7irdiyiniz s\u0259m\u0259r\u0259li t\u0259dbirl\u0259rin n\u0259tic\u0259sidir.<\/p>\n<p>M\u0259n O.Kutafin ad\u0131na Moskva D\u00f6vl\u0259t H\u00fcquq Universitetind\u0259 magistr t\u0259hsili al\u0131ram v\u0259 Sizin g\u00f6st\u0259ri\u015finizl\u0259 mart\u0131n 27-d\u0259 x\u00fcsusi reysl\u0259 Rusiyadan \u00f6lk\u0259miz\u0259 g\u0259tiril\u0259n t\u0259l\u0259b\u0259l\u0259rd\u0259n biriy\u0259m. Bizi\u00a0<a class=\"search-tag\" href=\"http:\/\/report.az\/persona\/heyd%C9%99r-%C9%99liyev\/\" target=\"_blank\" rel=\"noopener\">Heyd\u0259r \u018fliyev<\/a>\u00a0Beyn\u0259lxalq Aeroportundan birba\u015fa Atletl\u0259r k\u0259ndin\u0259 apard\u0131lar. \u018fvv\u0259lc\u0259d\u0259n burada h\u0259r c\u00fcr \u015f\u0259rait yarad\u0131lm\u0131\u015fd\u0131. \u00d6lk\u0259mizin malik oldu\u011fu bu imkanlar m\u0259ni q\u00fcrurland\u0131rd\u0131. \u00c7\u00fcnki b\u00f6y\u00fck d\u00f6vl\u0259tl\u0259rin koronavirusa qar\u015f\u0131 m\u00fcbariz\u0259d\u0259 ne\u00e7\u0259 \u00e7ar\u0259siz qald\u0131qlar\u0131n\u0131 ham\u0131 g\u00f6r\u00fcr. Ancaq xaricd\u0259n g\u0259l\u0259n t\u0259l\u0259b\u0259l\u0259rimiz\u0259 burada g\u00f6st\u0259ril\u0259n diqq\u0259t v\u0259 qay\u011f\u0131 m\u00fck\u0259mm\u0259l idi. S\u0259liq\u0259-sahman, vaxt\u0131nda d\u00fczg\u00fcn qidalanma, m\u00fcayin\u0259, h\u0259kiml\u0259rin x\u00fcsusi diqq\u0259ti m\u0259ni \u00e7ox sevindirdi. Karantind\u0259 14 g\u00fcn qald\u0131qdan sonra evimiz\u0259 g\u00f6nd\u0259rildik. Art\u0131q ail\u0259m\u0259 qovu\u015fmu\u015fam.<\/p>\n<p>C\u0259nab Prezident, karantin m\u00fcdd\u0259tind\u0259 m\u0259n\u0259 g\u00f6st\u0259ril\u0259n diqq\u0259t v\u0259 qay\u011f\u0131ya g\u00f6r\u0259 h\u0259m \u00f6z ad\u0131mdan, h\u0259m d\u0259 valideynl\u0259rimin ad\u0131ndan Siz\u0259 d\u0259rin minn\u0259tdarl\u0131\u011f\u0131m\u0131 bildirir\u0259m. N\u0259 yax\u015f\u0131 ki, Az\u0259rbaycan\u0131m\u0131z\u0131n Sizin kimi lideri var. Siz h\u0259r zaman Az\u0259rbaycan\u0131 b\u00f6y\u00fck b\u0259lalardan qoruyursunuz. Ona g\u00f6r\u0259 d\u0259 m\u0259n bir Az\u0259rbaycan g\u0259nci olaraq Sizinl\u0259 f\u0259xr edir\u0259m. Bir h\u00fcquq\u015f\u00fcnas kimi s\u00f6z verir\u0259m ki, y\u00fcr\u00fctd\u00fcy\u00fcn\u00fcz m\u00fcst\u0259qil siyas\u0259tinizin h\u0259r zaman d\u0259st\u0259k\u00e7isi olaca\u011fam. Tanr\u0131 Sizi qorusun&#8221;.<\/p>\n<p><strong>T\u0259rt\u0259r rayonu, \u0130smay\u0131lb\u0259yli k\u0259nd sakini Eldar \u018fs\u0259dov\u00a0<\/strong>t\u0259rt\u0259rlil\u0259rin h\u0259r zaman Prezident \u0130lham \u018fliyevi d\u0259st\u0259kl\u0259diyini vur\u011fulay\u0131b:<\/p>\n<p>&#8220;\u018fziz Prezidentimiz.<\/p>\n<p>Biz t\u0259rt\u0259rlil\u0259r h\u0259mi\u015f\u0259 Sizi d\u0259st\u0259kl\u0259yirik. \u00c7\u00fcnki Siz \u0259n a\u011f\u0131r g\u00fcnl\u0259rd\u0259 biziml\u0259 olub, xalqa h\u0259mi\u015f\u0259 d\u0259st\u0259k g\u00f6st\u0259rmisiniz. COVID-19-un d\u00fcnyan\u0131 a\u011fu\u015funa ald\u0131\u011f\u0131 bir vaxtda Siz yen\u0259 d\u0259 biziml\u0259siniz. \u0130nsanlar\u0131n sa\u011flaml\u0131\u011f\u0131n\u0131 qorumaq \u00fc\u00e7\u00fcn \u00f6lk\u0259mizd\u0259 x\u00fcsusi karantin rejimi t\u0259tbiq olunub. Biz yax\u015f\u0131 ba\u015fa d\u00fc\u015f\u00fcr\u00fck ki, sa\u011flam qalmaq \u00fc\u00e7\u00fcn \u00f6z\u00fcm\u00fcz\u00fc m\u00fcv\u0259qq\u0259ti olaraq t\u0259crid etm\u0259liyik. Evd\u0259 qalmal\u0131y\u0131q ki, normal h\u0259yat\u0131m\u0131za sa\u011flam d\u00f6n\u0259k.<\/p>\n<p>Bu \u00e7\u0259tin d\u00f6n\u0259md\u0259 \u0259halinin m\u00fcxt\u0259lif t\u0259b\u0259q\u0259l\u0259rind\u0259n olan insanlara g\u00f6st\u0259rdiyiniz d\u0259st\u0259y\u0259 g\u00f6r\u0259 Siz\u0259 minn\u0259tdar\u0131q. F\u0259xr edirik ki, Sizin kimi Prezidentimiz var&#8221;.<\/p>\n<p><strong>Ucar rayonundan Niyaz X\u0259lilov<\/strong>\u00a0is\u0259 m\u0259ktubunda bildirib:<\/p>\n<p>&#8220;M\u00f6ht\u0259r\u0259m c\u0259nab Prezident.<\/p>\n<p>D\u00fcnyan\u0131 c\u0259ngin\u0259 alm\u0131\u015f pandemiya il\u0259 m\u00fcbariz\u0259d\u0259 tibbin \u0259n inki\u015faf etdiyi \u00f6lk\u0259l\u0259rin aciz qald\u0131\u011f\u0131, b\u0259zi d\u00f6vl\u0259tl\u0259rin bu virusa bigan\u0259 yana\u015fd\u0131\u011f\u0131ndan \u00e7\u0259tin v\u0259ziyy\u0259t\u0259 d\u00fc\u015fd\u00fcy\u00fc halda, Sizin uzaqg\u00f6r\u0259n siyas\u0259tiniz n\u0259tic\u0259sind\u0259 Az\u0259rbaycan\u0131m\u0131zda b\u00fct\u00fcn qabaqlay\u0131c\u0131 t\u0259dbirl\u0259r g\u00f6r\u00fcld\u00fc. Siz Az\u0259rbaycan v\u0259t\u0259nda\u015flar\u0131n\u0131n sa\u011flaml\u0131\u011f\u0131n\u0131n qorunmas\u0131 istiqam\u0259tind\u0259 q\u0259tiyy\u0259tli add\u0131mlar at\u0131r, q\u0259rarlar q\u0259bul edirsiniz. \u0130nan\u0131r\u0131q ki, b\u0259\u015f\u0259riyy\u0259t, xalq\u0131m\u0131z tezlikl\u0259 bu b\u0259ladan xilas olacaqd\u0131r.<\/p>\n<p>C\u0259nab Prezident, Az\u0259rbaycan v\u0259t\u0259nda\u015f\u0131 olma\u011f\u0131m\u0131zla, Sizin kimi Prezidentimizl\u0259 q\u00fcrur duyuruq. Allah Sizi qorusun&#8221;.<\/p>\n<p><strong>Da\u015fk\u0259s\u0259n rayon sakinl\u0259ri Abbas Ta\u011f\u0131yev, Saleh Qurbanov, Oktay C\u0259f\u0259rov, \u0130drid Ba\u011f\u0131rov v\u0259 ba\u015fqalar\u0131 m\u0259ktubunda r<\/strong>ayonun b\u00fct\u00fcn sakinl\u0259ri ad\u0131ndan g\u00f6r\u00fcl\u0259n i\u015fl\u0259r\u0259 g\u00f6r\u0259 Prezident \u0130lham \u018fliyev\u0259\u00a0minn\u0259tdarl\u0131q edibl\u0259r:<\/p>\n<p>&#8220;H\u00f6rm\u0259tli c\u0259nab Prezident.<\/p>\n<p>Sizin r\u0259hb\u0259rliyinizl\u0259 koronavirus pandemiyas\u0131n\u0131n \u00f6lk\u0259mizd\u0259 yay\u0131lmas\u0131n\u0131n qar\u015f\u0131s\u0131n\u0131n al\u0131nmas\u0131 istiqam\u0259tind\u0259 g\u00f6r\u00fcl\u0259n i\u015fl\u0259r t\u0259qdir\u0259layiqdir. Q\u0259bul edil\u0259n q\u0259rarlara uy\u011fun olaraq rayonumuzda da x\u00fcsusi karantin rejiminin t\u0259l\u0259bl\u0259rin\u0259, habel\u0259 sanitar-epidemioloji normalara \u015f\u0259rtsiz \u0259m\u0259l olunmas\u0131 \u00fc\u00e7\u00fcn z\u0259ruri t\u0259dbirl\u0259rin g\u00f6r\u00fclm\u0259si davam etdirilir. K\u00fc\u00e7\u0259 v\u0259 prospektl\u0259rd\u0259, ayr\u0131-ayr\u0131 \u0259razil\u0259rd\u0259, ya\u015fay\u0131\u015f binalar\u0131nda v\u0259 inzibati binalarda dezinfeksiya i\u015fl\u0259ri apar\u0131l\u0131r. Azt\u0259minatl\u0131 ail\u0259l\u0259r\u0259 maddi yard\u0131m g\u00f6st\u0259rilir, \u0259halinin sa\u011flaml\u0131\u011f\u0131n\u0131n qorunmas\u0131 \u00fc\u00e7\u00fcn m\u00fch\u00fcm t\u0259dbirl\u0259r g\u00f6r\u00fcl\u00fcr.<\/p>\n<p>C\u0259nab Prezident, qabaqlay\u0131c\u0131 t\u0259dbirl\u0259rin vaxt\u0131nda ke\u00e7irilm\u0259si \u00fc\u00e7\u00fcn verdiyiniz q\u0259tiyy\u0259tli tap\u015f\u0131r\u0131qlar \u00f6z s\u0259m\u0259r\u0259sini verir. Az\u0259rbaycan bu b\u0259ladan da \u00fcz\u00fca\u011f \u00e7\u0131xacaq.<\/p>\n<p>Rayonumuzun b\u00fct\u00fcn sakinl\u0259ri ad\u0131ndan g\u00f6r\u00fcl\u0259n i\u015fl\u0259r\u0259 g\u00f6r\u0259 minn\u0259tdarl\u0131\u011f\u0131m\u0131z\u0131 bildir\u0259r\u0259k g\u0259l\u0259c\u0259k f\u0259aliyy\u0259tinizd\u0259 u\u011furlar arzulay\u0131r\u0131q&#8221;.<\/p>\n<p><strong>Ab\u015feron rayonundan Yav\u0259r S\u0259limov<\/strong>\u00a0La\u00e7\u0131n rayonu, K\u00f6hn\u0259k\u0259nd k\u0259nd sakinl\u0259ri ad\u0131ndan Prezident\u0259 \u00fcnvanlad\u0131\u011f\u0131 m\u0259ktubunda bildirib:<\/p>\n<p>\u201cH\u00f6rm\u0259tli Prezident, c\u0259nab Ali Ba\u015f Komandan.<\/p>\n<p>B\u00fct\u00fcn \u00f6lk\u0259l\u0259ri l\u0259rz\u0259y\u0259 salan koronovirus pandemiyas\u0131n\u0131n qar\u015f\u0131s\u0131n\u0131n al\u0131nmas\u0131 istiqam\u0259tind\u0259 verdiyiniz qabaqlay\u0131c\u0131 g\u00f6st\u0259ri\u015fl\u0259r n\u0259tic\u0259sind\u0259 \u00f6lk\u0259mizd\u0259 bu virusa qar\u015f\u0131 m\u00fcbariz\u0259 \u00e7ox y\u00fcks\u0259k s\u0259viyy\u0259d\u0259 t\u0259\u015fkil olunmu\u015f, q\u0131sa zaman k\u0259siyind\u0259 Nazirl\u0259r Kabineti yan\u0131nda Operativ Q\u0259rargah yarad\u0131lm\u0131\u015f, h\u0259r \u015fey\u0259 r\u0259\u011fm\u0259n \u0259halinin sa\u011flaml\u0131\u011f\u0131n\u0131n qorunmas\u0131 \u00f6n plana \u00e7\u0259kilmi\u015fdir. H\u0259mi\u015f\u0259 oldu\u011fu kimi, bu d\u0259f\u0259 d\u0259 Sizin uzaqg\u00f6r\u0259nliyiniz say\u0259sind\u0259 t\u0259xir\u0259sal\u0131nmaz t\u0259dbirl\u0259r h\u0259yata ke\u00e7irilmi\u015f, bu pandemiyadan daha az itki il\u0259 \u00e7\u0131xmaq \u00fc\u00e7\u00fcn \u0259m\u0259li i\u015fl\u0259r g\u00f6r\u00fclm\u00fc\u015fd\u00fcr. M\u0259hz bunun n\u0259tic\u0259si olaraq \u00f6lk\u0259miz \u00f6l\u00fcm v\u0259 koronavirusa yoluxanlar\u0131n say\u0131na g\u00f6r\u0259 d\u00fcnya d\u00f6vl\u0259tl\u0259ri aras\u0131nda sonuncu yerl\u0259ri b\u00f6l\u00fc\u015f\u00fcr.<\/p>\n<p>M\u00f6ht\u0259r\u0259m Prezident, i\u015fl\u0259m\u0259y\u0259n, ya\u015f\u0131 65-d\u0259n yuxar\u0131, t\u0259nha v\u0259 azt\u0259minatl\u0131 ail\u0259l\u0259r\u0259 g\u00f6st\u0259rdiyiniz diqq\u0259t v\u0259 qay\u011f\u0131ya g\u00f6r\u0259 Siz\u0259 d\u0259rin t\u0259\u015f\u0259kk\u00fcr\u00fcm\u00fcz\u00fc v\u0259 minn\u0259tdarl\u0131\u011f\u0131m\u0131z\u0131 bildiririk. Apard\u0131\u011f\u0131n\u0131z h\u0259m xarici, h\u0259m daxili, h\u0259m d\u0259 sosial-iqtisadi siyas\u0259t \u0259m\u0259ksev\u0259r v\u0259 q\u0259dirbil\u0259n xalq\u0131m\u0131z t\u0259r\u0259find\u0259n h\u0259mi\u015f\u0259 y\u00fcks\u0259k qiym\u0259tl\u0259ndirilmi\u015f v\u0259 bundan sonra da qiym\u0259tl\u0259ndiril\u0259c\u0259k\u201d.<\/p>\n<p><strong>G\u0259nc\u0259 \u015f\u0259h\u0259rind\u0259n R\u0259\u015fad \u018fliyev, Nurlana B\u0259\u015firova, Akif Salmanov, Telman Quliyev v\u0259 ba\u015fqalar<\/strong>\u0131 Prezident\u0259 v\u0259 d\u00f6vl\u0259t\u0259 g\u00fcv\u0259ndikl\u0259rini vur\u011fulay\u0131blar:<\/p>\n<p>&#8220;\u00c7ox h\u00f6rm\u0259tli c\u0259nab Prezident,<\/p>\n<p>Koronavirus pandemiyas\u0131n\u0131n \u00f6lk\u0259mizd\u0259 geni\u015f yay\u0131lmas\u0131n\u0131n qar\u015f\u0131s\u0131n\u0131n al\u0131nmas\u0131 istiqam\u0259tind\u0259 atd\u0131\u011f\u0131n\u0131z add\u0131mlar v\u0259 verdiyiniz S\u0259r\u0259ncamlar v\u0259t\u0259nda\u015flar t\u0259r\u0259find\u0259n b\u00f6y\u00fck r\u0259\u011fb\u0259tl\u0259 v\u0259 alq\u0131\u015fla qar\u015f\u0131lan\u0131r. Bu i\u015fl\u0259r\u0259 g\u00f6r\u0259 Siz\u0259 d\u0259rin minn\u0259tdarl\u0131\u011f\u0131m\u0131z\u0131 bildiririk.<\/p>\n<p>Biz Siz\u0259 v\u0259 d\u00f6vl\u0259timiz\u0259 h\u0259r zaman g\u00fcv\u0259nmi\u015fik. Pandemiya d\u00f6vr\u00fcnd\u0259 d\u0259 bel\u0259 oldu. \u00c7ox sa\u011f olun ki, Siz\u0259 b\u0259sl\u0259n\u0259n \u00fcmidl\u0259ri v\u0259 g\u00fcv\u0259ni h\u0259r zaman do\u011fruldur, xalq\u0131m\u0131za ruh y\u00fcks\u0259kliyi b\u0259x\u015f edirsiniz.<\/p>\n<p>Ulu Tanr\u0131 h\u0259r zaman daya\u011f\u0131n\u0131z olsun, c\u0259nab Prezident&#8221;.<\/p>\n<p><strong>Bil\u0259suvar rayonundan M\u0259h\u0259rr\u0259m\u0259li Kaz\u0131ml\u0131\u00a0<\/strong>bil\u0259suvarl\u0131 veteranlar\u0131n \u00f6lk\u0259 ba\u015f\u00e7\u0131s\u0131n\u0131n\u00a0f\u0259aliyy\u0259tini alq\u0131\u015flad\u0131qlar\u0131n\u0131 bildiribl\u0259r:<\/p>\n<p>&#8220;H\u00f6rm\u0259tli Prezidentimiz.<\/p>\n<p>Sizin uzun ill\u0259rdir \u00f6lk\u0259mizin s\u0259hiyy\u0259 sah\u0259sind\u0259 h\u0259yata ke\u00e7irdiyiniz \u0259sasl\u0131 islahatlar \u00f6z b\u0259hr\u0259sini verm\u0259kd\u0259dir. Yeni s\u0259hiyy\u0259 ocaqlar\u0131n\u0131n istifad\u0259y\u0259 verilm\u0259si, \u00f6lk\u0259mizd\u0259 y\u00fcks\u0259k s\u0259viyy\u0259li tibbi hey\u0259tin formala\u015fmas\u0131na hesablanm\u0131\u015f d\u00f6vl\u0259t siyas\u0259ti imkan ver\u0259c\u0259k ki, koronavirus infeksiyas\u0131n\u0131n daha az z\u0259r\u0259rl\u0259 aradan qald\u0131\u0131lmas\u0131na nail olaq. Bu \u00e7\u0259tin g\u00fcnl\u0259rd\u0259 modul tipli tibb m\u00fc\u0259ssis\u0259l\u0259rinin yarad\u0131lmas\u0131, tibbi maska istehsal\u0131 m\u00fc\u0259ssis\u0259sinin istifad\u0259y\u0259 verilm\u0259si Sizin \u00e7evik f\u0259aliyy\u0259tinizin bariz n\u00fcmun\u0259l\u0259ridir. Biz &#8211; Bil\u0259suvar veteranlar\u0131 Sizin bu f\u0259aliyy\u0259tinizi alq\u0131\u015flay\u0131r\u0131q.<\/p>\n<p>C\u0259nab Prezident, qeyd etm\u0259k ist\u0259yirik ki, b\u00fct\u00fcn bu t\u0259dbirl\u0259rin h\u0259yata ke\u00e7irilm\u0259sind\u0259 Sizinl\u0259yik. Biz birlikd\u0259 g\u00fccl\u00fcy\u00fck&#8221;.<\/p>\n","protected":false},"excerpt":{"rendered":"<p>Az\u0259rbaycan Prezidenti\u00a0\u0130lham \u018fliyevin \u00f6lk\u0259d\u0259 koronavirus pandemiyas\u0131n\u0131n geni\u015f yay\u0131lmas\u0131n\u0131n qar\u015f\u0131s\u0131n\u0131n al\u0131nmas\u0131, \u0259halinin sa\u011flaml\u0131\u011f\u0131n\u0131n qorunmas\u0131 il\u0259 ba\u011fl\u0131 g\u00f6rd\u00fcy\u00fc i\u015fl\u0259r xalq t\u0259r\u0259find\u0259n y\u00fcks\u0259k qiym\u0259tl\u0259ndirilir. Bununla \u0259laq\u0259dar d\u00f6vl\u0259t ba\u015f\u00e7\u0131s\u0131na minn\u0259tdarl\u0131q m\u0259ktublar\u0131 g\u0259lm\u0259kd\u0259 davam edir. ARANTV.AZ president.az sayt\u0131na istinadla bu m\u0259ktublar\u0131n bir ne\u00e7\u0259sini t\u0259qdim edir. A\u011fcab\u0259di rayon sakini\u00a0Natiq \u018fli\u015fov\u00a0d\u00fcnyan\u0131 c\u0259ngin\u0259 alan koronavirusun yay\u0131lmas\u0131n\u0131n qar\u015f\u0131s\u0131n\u0131n al\u0131nmas\u0131 \u00fc\u00e7\u00fcn g\u00f6r\u00fcl\u0259n t\u0259dbirl\u0259r\u0259 g\u00f6r\u0259 Qaraba\u011f b\u00f6lg\u0259sind\u0259 ya\u015fayan v\u0259t\u0259nda\u015flar ad\u0131ndan\u00a0Prezident \u0130lham \u018fliyev\u0259 t\u0259\u015f\u0259kk\u00fcr edib. M\u0259ktubda deyilir: &#8220;M\u00f6ht\u0259r\u0259m c\u0259nab Prezident, d\u00fcnyada geni\u015f yay\u0131lm\u0131\u015f yeni koronovirus pandemiyas\u0131n\u0131n respublikam\u0131zda yay\u0131lmas\u0131n\u0131n qar\u015f\u0131s\u0131n\u0131n al\u0131nmas\u0131 istiqam\u0259tind\u0259 g\u00f6rd\u00fcy\u00fcn\u00fcz b\u00fct\u00fcn t\u0259dbirl\u0259r bir daha s\u00fcbut etdi ki, h\u0259r zaman oldu\u011fu&hellip;<\/p>\n","protected":false},"author":2,"featured_media":151281,"comment_status":"closed","ping_status":"closed","sticky":false,"template":"","format":"standard","meta":{"om_disable_all_campaigns":false,"_monsterinsights_skip_tracking":false,"_monsterinsights_sitenote_active":false,"_monsterinsights_sitenote_note":"","_monsterinsights_sitenote_category":0},"categories":[1],"tags":[],"aioseo_notices":[],"gutentor_comment":0,"rttpg_featured_image_url":{"full":["https:\/\/arantv.az\/wp-content\/uploads\/2020\/04\/b23aea5d0ad138a8e2a516da77eb68c6.jpg",450,300,false],"landscape":["https:\/\/arantv.az\/wp-content\/uploads\/2020\/04\/b23aea5d0ad138a8e2a516da77eb68c6.jpg",450,300,false],"portraits":["https:\/\/arantv.az\/wp-content\/uploads\/2020\/04\/b23aea5d0ad138a8e2a516da77eb68c6.jpg",450,300,false],"thumbnail":["https:\/\/arantv.az\/wp-content\/uploads\/2020\/04\/b23aea5d0ad138a8e2a516da77eb68c6-150x150.jpg",150,150,true],"medium":["https:\/\/arantv.az\/wp-content\/uploads\/2020\/04\/b23aea5d0ad138a8e2a516da77eb68c6-300x200.jpg",300,200,true],"large":["https:\/\/arantv.az\/wp-content\/uploads\/2020\/04\/b23aea5d0ad138a8e2a516da77eb68c6.jpg",450,300,false],"1536x1536":["https:\/\/arantv.az\/wp-content\/uploads\/2020\/04\/b23aea5d0ad138a8e2a516da77eb68c6.jpg",450,300,false],"2048x2048":["https:\/\/arantv.az\/wp-content\/uploads\/2020\/04\/b23aea5d0ad138a8e2a516da77eb68c6.jpg",450,300,false],"post-thumbnail":["https:\/\/arantv.az\/wp-content\/uploads\/2020\/04\/b23aea5d0ad138a8e2a516da77eb68c6-240x172.jpg",240,172,true],"advps-thumb-one":["https:\/\/arantv.az\/wp-content\/uploads\/2020\/04\/b23aea5d0ad138a8e2a516da77eb68c6.jpg",450,300,false]},"rttpg_author":{"display_name":"V\u00fcsal Rafiqo\u011flu","author_link":"https:\/\/arantv.az\/?author=2"},"rttpg_comment":0,"rttpg_category":"<a href=\"https:\/\/arantv.az\/?cat=1\" rel=\"category\">C\u0259miyy\u0259t<\/a>","rttpg_excerpt":"Az\u0259rbaycan Prezidenti\u00a0\u0130lham \u018fliyevin \u00f6lk\u0259d\u0259 koronavirus pandemiyas\u0131n\u0131n geni\u015f yay\u0131lmas\u0131n\u0131n qar\u015f\u0131s\u0131n\u0131n al\u0131nmas\u0131, \u0259halinin sa\u011flaml\u0131\u011f\u0131n\u0131n qorunmas\u0131 il\u0259 ba\u011fl\u0131 g\u00f6rd\u00fcy\u00fc i\u015fl\u0259r xalq t\u0259r\u0259find\u0259n y\u00fcks\u0259k qiym\u0259tl\u0259ndirilir. Bununla \u0259laq\u0259dar d\u00f6vl\u0259t ba\u015f\u00e7\u0131s\u0131na minn\u0259tdarl\u0131q m\u0259ktublar\u0131 g\u0259lm\u0259kd\u0259 davam edir. ARANTV.AZ president.az sayt\u0131na istinadla bu m\u0259ktublar\u0131n bir ne\u00e7\u0259sini t\u0259qdim edir. A\u011fcab\u0259di rayon sakini\u00a0Natiq \u018fli\u015fov\u00a0d\u00fcnyan\u0131 c\u0259ngin\u0259 alan koronavirusun yay\u0131lmas\u0131n\u0131n qar\u015f\u0131s\u0131n\u0131n al\u0131nmas\u0131 \u00fc\u00e7\u00fcn g\u00f6r\u00fcl\u0259n t\u0259dbirl\u0259r\u0259 g\u00f6r\u0259 Qaraba\u011f&hellip;","_links":{"self":[{"href":"https:\/\/arantv.az\/index.php?rest_route=\/wp\/v2\/posts\/151280"}],"collection":[{"href":"https:\/\/arantv.az\/index.php?rest_route=\/wp\/v2\/posts"}],"about":[{"href":"https:\/\/arantv.az\/index.php?rest_route=\/wp\/v2\/types\/post"}],"author":[{"embeddable":true,"href":"https:\/\/arantv.az\/index.php?rest_route=\/wp\/v2\/users\/2"}],"replies":[{"embeddable":true,"href":"https:\/\/arantv.az\/index.php?rest_route=%2Fwp%2Fv2%2Fcomments&post=151280"}],"version-history":[{"count":0,"href":"https:\/\/arantv.az\/index.php?rest_route=\/wp\/v2\/posts\/151280\/revisions"}],"wp:featuredmedia":[{"embeddable":true,"href":"https:\/\/arantv.az\/index.php?rest_route=\/wp\/v2\/media\/151281"}],"wp:attachment":[{"href":"https:\/\/arantv.az\/index.php?rest_route=%2Fwp%2Fv2%2Fmedia&parent=151280"}],"wp:term":[{"taxonomy":"category","embeddable":true,"href":"https:\/\/arantv.az\/index.php?rest_route=%2Fwp%2Fv2%2Fcategories&post=151280"},{"taxonomy":"post_tag","embeddable":true,"href":"https:\/\/arantv.az\/index.php?rest_route=%2Fwp%2Fv2%2Ftags&post=151280"}],"curies":[{"name":"wp","href":"https:\/\/api.w.org\/{rel}","templated":true}]}}