{"id":151346,"date":"2020-04-16T10:29:45","date_gmt":"2020-04-16T07:29:45","guid":{"rendered":"http:\/\/arantv.az\/?p=151346"},"modified":"2020-04-16T10:29:45","modified_gmt":"2020-04-16T07:29:45","slug":"vasif-talibovdan-yeni-t%c9%99yinatlar","status":"publish","type":"post","link":"https:\/\/arantv.az\/?p=151346","title":{"rendered":"Vasif Tal\u0131bovdan YEN\u0130 T\u018fY\u0130NATLAR"},"content":{"rendered":"<p>Nax\u00e7\u0131van Muxtar Respublikas\u0131 Ali M\u0259clisi Aparat\u0131n\u0131n D\u00f6vl\u0259t n\u0259zar\u0259ti m\u0259s\u0259l\u0259l\u0259ri sektoruna yeni m\u00fcdir t\u0259yin edilib.<\/p>\n<div id=\"AdviadNativeVideo0\" class=\"AdviadNativeVideo\"><\/div>\n<p><a title=\"en son xeberler 2020\" href=\"https:\/\/sonxeber.az\/\" target=\"_blank\" rel=\"noopener\">Sonxeber.az<\/a>-\u0131n x\u0259b\u0259rin\u0259 g\u00f6r\u0259, bununla ba\u011fl\u0131 Nax\u00e7\u0131van Muxtar Respublikas\u0131 Ali M\u0259clisinin S\u0259dri Vasif Tal\u0131bov s\u0259r\u0259ncam imzalay\u0131b.<\/p>\n<p>S\u0259r\u0259ncamla bu v\u0259zif\u0259y\u0259 \u0130kram \u0130slam o\u011flu \u018fliyev t\u0259yin olunub.<\/p>\n<p>V.Tal\u0131bovun dig\u0259r s\u0259r\u0259ncam\u0131 il\u0259 Faiq Q\u0259z\u0259nf\u0259r o\u011flu \u015e\u0131x\u0259liyev Nax\u00e7\u0131van Muxtar Respublikas\u0131 Meliorasiya v\u0259 Su T\u0259s\u0259rr\u00fcfat\u0131 A\u00e7\u0131q S\u0259hmdar C\u0259miyy\u0259ti s\u0259drinin m\u00fcavini t\u0259yin edilib.<\/p>\n","protected":false},"excerpt":{"rendered":"<p>Nax\u00e7\u0131van Muxtar Respublikas\u0131 Ali M\u0259clisi Aparat\u0131n\u0131n D\u00f6vl\u0259t n\u0259zar\u0259ti m\u0259s\u0259l\u0259l\u0259ri sektoruna yeni m\u00fcdir t\u0259yin edilib. Sonxeber.az-\u0131n x\u0259b\u0259rin\u0259 g\u00f6r\u0259, bununla ba\u011fl\u0131 Nax\u00e7\u0131van Muxtar Respublikas\u0131 Ali M\u0259clisinin S\u0259dri Vasif Tal\u0131bov s\u0259r\u0259ncam imzalay\u0131b. S\u0259r\u0259ncamla bu v\u0259zif\u0259y\u0259 \u0130kram \u0130slam o\u011flu \u018fliyev t\u0259yin olunub. V.Tal\u0131bovun dig\u0259r s\u0259r\u0259ncam\u0131 il\u0259 Faiq Q\u0259z\u0259nf\u0259r o\u011flu \u015e\u0131x\u0259liyev Nax\u00e7\u0131van Muxtar Respublikas\u0131 Meliorasiya v\u0259 Su T\u0259s\u0259rr\u00fcfat\u0131 A\u00e7\u0131q S\u0259hmdar C\u0259miyy\u0259ti s\u0259drinin m\u00fcavini t\u0259yin edilib.<\/p>\n","protected":false},"author":2,"featured_media":151347,"comment_status":"closed","ping_status":"closed","sticky":false,"template":"","format":"standard","meta":{"om_disable_all_campaigns":false,"_monsterinsights_skip_tracking":false,"_monsterinsights_sitenote_active":false,"_monsterinsights_sitenote_note":"","_monsterinsights_sitenote_category":0},"categories":[2],"tags":[],"aioseo_notices":[],"gutentor_comment":0,"rttpg_featured_image_url":{"full":["https:\/\/arantv.az\/wp-content\/uploads\/2020\/04\/1587020353_vasif124.jpg",550,334,false],"landscape":["https:\/\/arantv.az\/wp-content\/uploads\/2020\/04\/1587020353_vasif124.jpg",550,334,false],"portraits":["https:\/\/arantv.az\/wp-content\/uploads\/2020\/04\/1587020353_vasif124.jpg",550,334,false],"thumbnail":["https:\/\/arantv.az\/wp-content\/uploads\/2020\/04\/1587020353_vasif124-150x150.jpg",150,150,true],"medium":["https:\/\/arantv.az\/wp-content\/uploads\/2020\/04\/1587020353_vasif124-300x182.jpg",300,182,true],"large":["https:\/\/arantv.az\/wp-content\/uploads\/2020\/04\/1587020353_vasif124.jpg",550,334,false],"1536x1536":["https:\/\/arantv.az\/wp-content\/uploads\/2020\/04\/1587020353_vasif124.jpg",550,334,false],"2048x2048":["https:\/\/arantv.az\/wp-content\/uploads\/2020\/04\/1587020353_vasif124.jpg",550,334,false],"post-thumbnail":["https:\/\/arantv.az\/wp-content\/uploads\/2020\/04\/1587020353_vasif124-240x172.jpg",240,172,true],"advps-thumb-one":["https:\/\/arantv.az\/wp-content\/uploads\/2020\/04\/1587020353_vasif124.jpg",550,334,false]},"rttpg_author":{"display_name":"V\u00fcsal Rafiqo\u011flu","author_link":"https:\/\/arantv.az\/?author=2"},"rttpg_comment":0,"rttpg_category":"<a href=\"https:\/\/arantv.az\/?cat=2\" rel=\"category\">Region X\u0259b\u0259rl\u0259ri<\/a>","rttpg_excerpt":"Nax\u00e7\u0131van Muxtar Respublikas\u0131 Ali M\u0259clisi Aparat\u0131n\u0131n D\u00f6vl\u0259t n\u0259zar\u0259ti m\u0259s\u0259l\u0259l\u0259ri sektoruna yeni m\u00fcdir t\u0259yin edilib. Sonxeber.az-\u0131n x\u0259b\u0259rin\u0259 g\u00f6r\u0259, bununla ba\u011fl\u0131 Nax\u00e7\u0131van Muxtar Respublikas\u0131 Ali M\u0259clisinin S\u0259dri Vasif Tal\u0131bov s\u0259r\u0259ncam imzalay\u0131b. S\u0259r\u0259ncamla bu v\u0259zif\u0259y\u0259 \u0130kram \u0130slam o\u011flu \u018fliyev t\u0259yin olunub. V.Tal\u0131bovun dig\u0259r s\u0259r\u0259ncam\u0131 il\u0259 Faiq Q\u0259z\u0259nf\u0259r o\u011flu \u015e\u0131x\u0259liyev Nax\u00e7\u0131van Muxtar Respublikas\u0131 Meliorasiya v\u0259 Su T\u0259s\u0259rr\u00fcfat\u0131 A\u00e7\u0131q S\u0259hmdar&hellip;","_links":{"self":[{"href":"https:\/\/arantv.az\/index.php?rest_route=\/wp\/v2\/posts\/151346"}],"collection":[{"href":"https:\/\/arantv.az\/index.php?rest_route=\/wp\/v2\/posts"}],"about":[{"href":"https:\/\/arantv.az\/index.php?rest_route=\/wp\/v2\/types\/post"}],"author":[{"embeddable":true,"href":"https:\/\/arantv.az\/index.php?rest_route=\/wp\/v2\/users\/2"}],"replies":[{"embeddable":true,"href":"https:\/\/arantv.az\/index.php?rest_route=%2Fwp%2Fv2%2Fcomments&post=151346"}],"version-history":[{"count":0,"href":"https:\/\/arantv.az\/index.php?rest_route=\/wp\/v2\/posts\/151346\/revisions"}],"wp:featuredmedia":[{"embeddable":true,"href":"https:\/\/arantv.az\/index.php?rest_route=\/wp\/v2\/media\/151347"}],"wp:attachment":[{"href":"https:\/\/arantv.az\/index.php?rest_route=%2Fwp%2Fv2%2Fmedia&parent=151346"}],"wp:term":[{"taxonomy":"category","embeddable":true,"href":"https:\/\/arantv.az\/index.php?rest_route=%2Fwp%2Fv2%2Fcategories&post=151346"},{"taxonomy":"post_tag","embeddable":true,"href":"https:\/\/arantv.az\/index.php?rest_route=%2Fwp%2Fv2%2Ftags&post=151346"}],"curies":[{"name":"wp","href":"https:\/\/api.w.org\/{rel}","templated":true}]}}