{"id":151350,"date":"2020-04-16T10:31:29","date_gmt":"2020-04-16T07:31:29","guid":{"rendered":"http:\/\/arantv.az\/?p=151350"},"modified":"2020-04-16T10:31:29","modified_gmt":"2020-04-16T07:31:29","slug":"az%c9%99rbaycanin-xalq-artisti-v%c9%99fat-etdi-foto","status":"publish","type":"post","link":"https:\/\/arantv.az\/?p=151350","title":{"rendered":"Az\u0259rbaycan\u0131n Xalq artisti V\u018fFAT ETD\u0130 &#8211; FOTO"},"content":{"rendered":"<p>Xalq artisti Rafiq \u018fliyev v\u0259fat edib.<\/p>\n<p>Bu bar\u0259d\u0259 APA-ya m\u0259rhumun h\u0259yat yolda\u015f\u0131 aktrisa \u015e\u0259f\u0259q \u018fliyeva m\u0259lumat verib.<\/p>\n<p>O, uzun s\u00fcr\u0259n s\u00fcr\u0259n x\u0259st\u0259likd\u0259n sonra d\u00fcn\u0259n gec\u0259 saatlar\u0131nda d\u00fcnyas\u0131n\u0131 d\u0259yi\u015fib.<br \/>\nAktyorla vida m\u0259rasimi evind\u0259 olacaq.<\/p>\n<p>Rafiq \u018fliyev Ma\u015fta\u011fa q\u0259s\u0259b\u0259sind\u0259ki q\u0259birstanl\u0131qda anas\u0131n\u0131n yan\u0131nda d\u0259fn edil\u0259c\u0259k.<\/p>\n<div id=\"AdviadNativeVideo0\" class=\"AdviadNativeVideo\"><\/div>\n<p>Qeyd ed\u0259k ki, Rafiq \u018fliyev 14 noyabr 1949-cu ild\u0259 F\u00fczuli rayonunun Merdinli k\u0259ndind\u0259 anadan olub. 1957-ci ild\u0259 Bak\u0131dak\u0131 58 sayl\u0131 orta m\u0259kt\u0259bin birinci sinfin\u0259 gedim, 1968-ci ild\u0259 h\u0259min m\u0259kt\u0259bi bitirdikd\u0259n sonra Leninqrad (indiki Sankt-Peterburq) \u015f\u0259h\u0259rind\u0259 M\u0259d\u0259niyy\u0259t \u0130nstitutunun M\u0259d\u0259ni-Maarif fak\u00fclt\u0259sinin Rejissorluq b\u00f6lm\u0259sin\u0259 daxil olub. 1971-ci ild\u0259 Q\u0131rm\u0131z\u0131 bayraql\u0131 Qara d\u0259niz Donanmas\u0131nda h\u0259rbi qullu\u011fa \u00e7a\u011fr\u0131l\u0131b v\u0259 3 il h\u0259rbi xidm\u0259t ke\u00e7ib.<\/p>\n<p>1974-c\u00fc ild\u0259 Az\u0259rbaycan D\u00f6vl\u0259t \u0130nc\u0259s\u0259n\u0259t \u0130nstitutunun Musiqili Komediya Aktyorlu\u011fu fak\u00fclt\u0259sin\u0259 q\u0259bul olub, 1970-cu ild\u0259 oran\u0131 bitirib. 1976-c\u0131 ild\u0259 Az\u0259rbaycan D\u00f6vl\u0259t G\u0259nc Tama\u015fa\u00e7\u0131lar Teatr\u0131na i\u015f\u0259 d\u0259v\u0259t olunub.<\/p>\n<p>1994-c\u00fc ild\u0259n G\u0259nc Tama\u015fa\u00e7\u0131lar Teatr\u0131nda qurulu\u015f\u00e7u rejissorluq kimi f\u0259aliyy\u0259t g\u00f6st\u0259rib.<\/p>\n<p>Az\u0259rbaycan teatr s\u0259n\u0259ti qar\u015f\u0131s\u0131nda g\u00f6st\u0259rdiyi xidm\u0259tl\u0259r\u0259 g\u00f6r\u0259 1990-c\u0131 ild\u0259 Respublikan\u0131n \u018fm\u0259kdar artisti, 2007-ci ild\u0259 Respublikan\u0131n Xalq artisti f\u0259xri adlar\u0131na layiq g\u00f6r\u00fcl\u00fcb.<br \/>\n<img class=\"imgbcodecent\" src=\"https:\/\/upload.az\/foto\/arxiv\/2020-04-16-09-23-30rmw985NxAEVViBARQxAO_.jpeg\" alt=\"Az\u0259rbaycan\u0131n Xalq artisti V\u018fFAT ETD\u0130 - FOTO\" \/><\/p>\n","protected":false},"excerpt":{"rendered":"<p>Xalq artisti Rafiq \u018fliyev v\u0259fat edib. Bu bar\u0259d\u0259 APA-ya m\u0259rhumun h\u0259yat yolda\u015f\u0131 aktrisa \u015e\u0259f\u0259q \u018fliyeva m\u0259lumat verib. O, uzun s\u00fcr\u0259n s\u00fcr\u0259n x\u0259st\u0259likd\u0259n sonra d\u00fcn\u0259n gec\u0259 saatlar\u0131nda d\u00fcnyas\u0131n\u0131 d\u0259yi\u015fib. Aktyorla vida m\u0259rasimi evind\u0259 olacaq. Rafiq \u018fliyev Ma\u015fta\u011fa q\u0259s\u0259b\u0259sind\u0259ki q\u0259birstanl\u0131qda anas\u0131n\u0131n yan\u0131nda d\u0259fn edil\u0259c\u0259k. Qeyd ed\u0259k ki, Rafiq \u018fliyev 14 noyabr 1949-cu ild\u0259 F\u00fczuli rayonunun Merdinli k\u0259ndind\u0259 anadan olub. 1957-ci ild\u0259 Bak\u0131dak\u0131 58 sayl\u0131 orta m\u0259kt\u0259bin birinci sinfin\u0259 gedim, 1968-ci ild\u0259 h\u0259min m\u0259kt\u0259bi bitirdikd\u0259n sonra Leninqrad (indiki Sankt-Peterburq) \u015f\u0259h\u0259rind\u0259 M\u0259d\u0259niyy\u0259t \u0130nstitutunun M\u0259d\u0259ni-Maarif fak\u00fclt\u0259sinin Rejissorluq b\u00f6lm\u0259sin\u0259 daxil olub. 1971-ci ild\u0259 Q\u0131rm\u0131z\u0131 bayraql\u0131 Qara&hellip;<\/p>\n","protected":false},"author":2,"featured_media":151351,"comment_status":"closed","ping_status":"closed","sticky":false,"template":"","format":"standard","meta":{"om_disable_all_campaigns":false,"_monsterinsights_skip_tracking":false,"_monsterinsights_sitenote_active":false,"_monsterinsights_sitenote_note":"","_monsterinsights_sitenote_category":0},"categories":[19],"tags":[],"aioseo_notices":[],"gutentor_comment":0,"rttpg_featured_image_url":{"full":["https:\/\/arantv.az\/wp-content\/uploads\/2020\/04\/1577992471.5yfnLziaxq8YeEZGqXpfGjZ0xTrCp_61587016029.jpg",600,400,false],"landscape":["https:\/\/arantv.az\/wp-content\/uploads\/2020\/04\/1577992471.5yfnLziaxq8YeEZGqXpfGjZ0xTrCp_61587016029.jpg",600,400,false],"portraits":["https:\/\/arantv.az\/wp-content\/uploads\/2020\/04\/1577992471.5yfnLziaxq8YeEZGqXpfGjZ0xTrCp_61587016029.jpg",600,400,false],"thumbnail":["https:\/\/arantv.az\/wp-content\/uploads\/2020\/04\/1577992471.5yfnLziaxq8YeEZGqXpfGjZ0xTrCp_61587016029-150x150.jpg",150,150,true],"medium":["https:\/\/arantv.az\/wp-content\/uploads\/2020\/04\/1577992471.5yfnLziaxq8YeEZGqXpfGjZ0xTrCp_61587016029-300x200.jpg",300,200,true],"large":["https:\/\/arantv.az\/wp-content\/uploads\/2020\/04\/1577992471.5yfnLziaxq8YeEZGqXpfGjZ0xTrCp_61587016029.jpg",600,400,false],"1536x1536":["https:\/\/arantv.az\/wp-content\/uploads\/2020\/04\/1577992471.5yfnLziaxq8YeEZGqXpfGjZ0xTrCp_61587016029.jpg",600,400,false],"2048x2048":["https:\/\/arantv.az\/wp-content\/uploads\/2020\/04\/1577992471.5yfnLziaxq8YeEZGqXpfGjZ0xTrCp_61587016029.jpg",600,400,false],"post-thumbnail":["https:\/\/arantv.az\/wp-content\/uploads\/2020\/04\/1577992471.5yfnLziaxq8YeEZGqXpfGjZ0xTrCp_61587016029-240x172.jpg",240,172,true],"advps-thumb-one":["https:\/\/arantv.az\/wp-content\/uploads\/2020\/04\/1577992471.5yfnLziaxq8YeEZGqXpfGjZ0xTrCp_61587016029.jpg",600,400,false]},"rttpg_author":{"display_name":"V\u00fcsal Rafiqo\u011flu","author_link":"https:\/\/arantv.az\/?author=2"},"rttpg_comment":0,"rttpg_category":"<a href=\"https:\/\/arantv.az\/?cat=19\" rel=\"category\">G\u00fcnd\u0259m<\/a>","rttpg_excerpt":"Xalq artisti Rafiq \u018fliyev v\u0259fat edib. Bu bar\u0259d\u0259 APA-ya m\u0259rhumun h\u0259yat yolda\u015f\u0131 aktrisa \u015e\u0259f\u0259q \u018fliyeva m\u0259lumat verib. O, uzun s\u00fcr\u0259n s\u00fcr\u0259n x\u0259st\u0259likd\u0259n sonra d\u00fcn\u0259n gec\u0259 saatlar\u0131nda d\u00fcnyas\u0131n\u0131 d\u0259yi\u015fib. Aktyorla vida m\u0259rasimi evind\u0259 olacaq. Rafiq \u018fliyev Ma\u015fta\u011fa q\u0259s\u0259b\u0259sind\u0259ki q\u0259birstanl\u0131qda anas\u0131n\u0131n yan\u0131nda d\u0259fn edil\u0259c\u0259k. Qeyd ed\u0259k ki, Rafiq \u018fliyev 14 noyabr 1949-cu ild\u0259 F\u00fczuli rayonunun Merdinli k\u0259ndind\u0259&hellip;","_links":{"self":[{"href":"https:\/\/arantv.az\/index.php?rest_route=\/wp\/v2\/posts\/151350"}],"collection":[{"href":"https:\/\/arantv.az\/index.php?rest_route=\/wp\/v2\/posts"}],"about":[{"href":"https:\/\/arantv.az\/index.php?rest_route=\/wp\/v2\/types\/post"}],"author":[{"embeddable":true,"href":"https:\/\/arantv.az\/index.php?rest_route=\/wp\/v2\/users\/2"}],"replies":[{"embeddable":true,"href":"https:\/\/arantv.az\/index.php?rest_route=%2Fwp%2Fv2%2Fcomments&post=151350"}],"version-history":[{"count":0,"href":"https:\/\/arantv.az\/index.php?rest_route=\/wp\/v2\/posts\/151350\/revisions"}],"wp:featuredmedia":[{"embeddable":true,"href":"https:\/\/arantv.az\/index.php?rest_route=\/wp\/v2\/media\/151351"}],"wp:attachment":[{"href":"https:\/\/arantv.az\/index.php?rest_route=%2Fwp%2Fv2%2Fmedia&parent=151350"}],"wp:term":[{"taxonomy":"category","embeddable":true,"href":"https:\/\/arantv.az\/index.php?rest_route=%2Fwp%2Fv2%2Fcategories&post=151350"},{"taxonomy":"post_tag","embeddable":true,"href":"https:\/\/arantv.az\/index.php?rest_route=%2Fwp%2Fv2%2Ftags&post=151350"}],"curies":[{"name":"wp","href":"https:\/\/api.w.org\/{rel}","templated":true}]}}