{"id":151354,"date":"2020-04-16T10:33:38","date_gmt":"2020-04-16T07:33:38","guid":{"rendered":"http:\/\/arantv.az\/?p=151354"},"modified":"2020-04-16T10:33:38","modified_gmt":"2020-04-16T07:33:38","slug":"ramazan-ayinin-t%c9%99qvimi-aciqlandi-imsak-v%c9%99-iftar-vaxtlari","status":"publish","type":"post","link":"https:\/\/arantv.az\/?p=151354","title":{"rendered":"Ramazan ay\u0131n\u0131n t\u0259qvimi a\u00e7\u0131qland\u0131 -imsak v\u0259 iftar vaxtlar\u0131"},"content":{"rendered":"<div class=\"news-content\">\n<div>\n<p><strong>Ramazan ay\u0131n\u0131n t\u0259qvimi a\u00e7\u0131qlan\u0131b.<\/strong><\/p>\n<p>T\u0259qvimd\u0259 Ramazan ay\u0131n\u0131n namaz vaxtlar\u0131, imsak v\u0259 iftar vaxtlar\u0131 \u0259ks olunub.<\/p>\n<p>\u015e\u0259vval ay\u0131n\u0131n 1-i (24 may) Fitr bayram\u0131d\u0131r.<\/p>\n<p>Qeyd ed\u0259k ki, Az\u0259rbaycanda Ramazan ay\u0131 aprelin 25-d\u0259n ba\u015flay\u0131r.<\/p>\n<p>Ramazan bayram\u0131 is\u0259 24-25 may tarixl\u0259rin\u0259 t\u0259sad\u00fcf edir.<\/p>\n<p><img src=\"https:\/\/baku.ws\/uploads\/posts\/2020-04\/1587017839_ramazan-ayinin-teqvimi-2020.jpg\" alt=\"\" \/><\/p>\n<\/div>\n<\/div>\n<div class=\"subs-in-social subs-facebook\">\n<div class=\"icon\"><\/div>\n<div class=\"subs-message\">musavat.com<\/div>\n<\/div>\n","protected":false},"excerpt":{"rendered":"<p>Ramazan ay\u0131n\u0131n t\u0259qvimi a\u00e7\u0131qlan\u0131b. T\u0259qvimd\u0259 Ramazan ay\u0131n\u0131n namaz vaxtlar\u0131, imsak v\u0259 iftar vaxtlar\u0131 \u0259ks olunub. \u015e\u0259vval ay\u0131n\u0131n 1-i (24 may) Fitr bayram\u0131d\u0131r. Qeyd ed\u0259k ki, Az\u0259rbaycanda Ramazan ay\u0131 aprelin 25-d\u0259n ba\u015flay\u0131r. Ramazan bayram\u0131 is\u0259 24-25 may tarixl\u0259rin\u0259 t\u0259sad\u00fcf edir. musavat.com<\/p>\n","protected":false},"author":2,"featured_media":151355,"comment_status":"closed","ping_status":"closed","sticky":false,"template":"","format":"standard","meta":{"om_disable_all_campaigns":false,"_monsterinsights_skip_tracking":false,"_monsterinsights_sitenote_active":false,"_monsterinsights_sitenote_note":"","_monsterinsights_sitenote_category":0},"categories":[24],"tags":[],"aioseo_notices":[],"gutentor_comment":0,"rttpg_featured_image_url":{"full":["https:\/\/arantv.az\/wp-content\/uploads\/2020\/04\/aff5d7ceabf7125e2877bc5a26ea31cb.jpg",450,300,false],"landscape":["https:\/\/arantv.az\/wp-content\/uploads\/2020\/04\/aff5d7ceabf7125e2877bc5a26ea31cb.jpg",450,300,false],"portraits":["https:\/\/arantv.az\/wp-content\/uploads\/2020\/04\/aff5d7ceabf7125e2877bc5a26ea31cb.jpg",450,300,false],"thumbnail":["https:\/\/arantv.az\/wp-content\/uploads\/2020\/04\/aff5d7ceabf7125e2877bc5a26ea31cb-150x150.jpg",150,150,true],"medium":["https:\/\/arantv.az\/wp-content\/uploads\/2020\/04\/aff5d7ceabf7125e2877bc5a26ea31cb-300x200.jpg",300,200,true],"large":["https:\/\/arantv.az\/wp-content\/uploads\/2020\/04\/aff5d7ceabf7125e2877bc5a26ea31cb.jpg",450,300,false],"1536x1536":["https:\/\/arantv.az\/wp-content\/uploads\/2020\/04\/aff5d7ceabf7125e2877bc5a26ea31cb.jpg",450,300,false],"2048x2048":["https:\/\/arantv.az\/wp-content\/uploads\/2020\/04\/aff5d7ceabf7125e2877bc5a26ea31cb.jpg",450,300,false],"post-thumbnail":["https:\/\/arantv.az\/wp-content\/uploads\/2020\/04\/aff5d7ceabf7125e2877bc5a26ea31cb-240x172.jpg",240,172,true],"advps-thumb-one":["https:\/\/arantv.az\/wp-content\/uploads\/2020\/04\/aff5d7ceabf7125e2877bc5a26ea31cb.jpg",450,300,false]},"rttpg_author":{"display_name":"V\u00fcsal Rafiqo\u011flu","author_link":"https:\/\/arantv.az\/?author=2"},"rttpg_comment":0,"rttpg_category":"<a href=\"https:\/\/arantv.az\/?cat=24\" rel=\"category\">Maraql\u0131<\/a>","rttpg_excerpt":"Ramazan ay\u0131n\u0131n t\u0259qvimi a\u00e7\u0131qlan\u0131b. T\u0259qvimd\u0259 Ramazan ay\u0131n\u0131n namaz vaxtlar\u0131, imsak v\u0259 iftar vaxtlar\u0131 \u0259ks olunub. \u015e\u0259vval ay\u0131n\u0131n 1-i (24 may) Fitr bayram\u0131d\u0131r. Qeyd ed\u0259k ki, Az\u0259rbaycanda Ramazan ay\u0131 aprelin 25-d\u0259n ba\u015flay\u0131r. Ramazan bayram\u0131 is\u0259 24-25 may tarixl\u0259rin\u0259 t\u0259sad\u00fcf edir. musavat.com","_links":{"self":[{"href":"https:\/\/arantv.az\/index.php?rest_route=\/wp\/v2\/posts\/151354"}],"collection":[{"href":"https:\/\/arantv.az\/index.php?rest_route=\/wp\/v2\/posts"}],"about":[{"href":"https:\/\/arantv.az\/index.php?rest_route=\/wp\/v2\/types\/post"}],"author":[{"embeddable":true,"href":"https:\/\/arantv.az\/index.php?rest_route=\/wp\/v2\/users\/2"}],"replies":[{"embeddable":true,"href":"https:\/\/arantv.az\/index.php?rest_route=%2Fwp%2Fv2%2Fcomments&post=151354"}],"version-history":[{"count":0,"href":"https:\/\/arantv.az\/index.php?rest_route=\/wp\/v2\/posts\/151354\/revisions"}],"wp:featuredmedia":[{"embeddable":true,"href":"https:\/\/arantv.az\/index.php?rest_route=\/wp\/v2\/media\/151355"}],"wp:attachment":[{"href":"https:\/\/arantv.az\/index.php?rest_route=%2Fwp%2Fv2%2Fmedia&parent=151354"}],"wp:term":[{"taxonomy":"category","embeddable":true,"href":"https:\/\/arantv.az\/index.php?rest_route=%2Fwp%2Fv2%2Fcategories&post=151354"},{"taxonomy":"post_tag","embeddable":true,"href":"https:\/\/arantv.az\/index.php?rest_route=%2Fwp%2Fv2%2Ftags&post=151354"}],"curies":[{"name":"wp","href":"https:\/\/api.w.org\/{rel}","templated":true}]}}