{"id":151362,"date":"2020-04-16T10:36:04","date_gmt":"2020-04-16T07:36:04","guid":{"rendered":"http:\/\/arantv.az\/?p=151362"},"modified":"2020-04-16T10:36:04","modified_gmt":"2020-04-16T07:36:04","slug":"heyd%c9%99r-%c9%99liyev-m%c9%99rk%c9%99zind%c9%99n-avropa-ittifaqi-olk%c9%99l%c9%99rin%c9%99-h%c9%99mr%c9%99ylik-mesaji-video","status":"publish","type":"post","link":"https:\/\/arantv.az\/?p=151362","title":{"rendered":"Heyd\u0259r \u018fliyev M\u0259rk\u0259zind\u0259n Avropa \u0130ttifaq\u0131 \u00f6lk\u0259l\u0259rin\u0259 h\u0259mr\u0259ylik mesaj\u0131 &#8211; Video"},"content":{"rendered":"<div class=\"news-content\">\n<div>\n<p>Aprelin 15-d\u0259 Heyd\u0259r \u018fliyev M\u0259rk\u0259zinin binas\u0131 \u00fcz\u0259rin\u0259 Avropa \u0130ttifaq\u0131n\u0131n bayra\u011f\u0131 videoproyeksiya olunub. Bununla Az\u0259rbaycan\u0131n koronavirus (COVID-19) pandemiyas\u0131 il\u0259 m\u00fcbariz\u0259d\u0259 h\u0259mr\u0259yliyi n\u00fcmayi\u015f olunub.<\/p>\n<p>Bu bar\u0259d\u0259 Trend-\u0259 M\u0259rk\u0259zd\u0259n m\u0259lumat verilib.<\/p>\n<p>Qeyd ed\u0259k ki, aprelin 3-d\u0259n ba\u015flayaraq z\u0259r\u0259r\u00e7\u0259k\u0259n d\u00f6vl\u0259tl\u0259rin bayraqlar\u0131 h\u0259min \u00f6lk\u0259l\u0259rin musiqisinin m\u00fc\u015fayi\u0259ti il\u0259 h\u0259r g\u00fcn m\u0259rk\u0259zin binas\u0131 \u00fcz\u0259rin\u0259 proyeksiya olunur. Bununla Heyd\u0259r \u018fliyev M\u0259rk\u0259zi COVID-19-un geni\u015f yay\u0131ld\u0131\u011f\u0131 d\u00f6vl\u0259tl\u0259r\u0259 v\u0259 onlar\u0131n xalqlar\u0131na d\u0259st\u0259yini, h\u00f6rm\u0259t v\u0259 ehtiram\u0131n\u0131 ifad\u0259 edir.<\/p>\n<p>\u0130ndiy\u0259d\u0259k koronavirus x\u0259st\u0259liyinin geni\u015f yay\u0131ld\u0131\u011f\u0131 \u00c7in, Fransa, Almaniya, \u0130ran, \u0130taliya, Rusiya, \u0130spaniya, T\u00fcrkiy\u0259, B\u00f6y\u00fck Britaniya, AB\u015e v\u0259 G\u00fcrc\u00fcstan\u0131n bayraqlar\u0131 M\u0259rk\u0259zin binas\u0131n\u0131n \u00fcz\u0259rind\u0259 n\u00fcmayi\u015f olunub.<\/p>\n<p><iframe loading=\"lazy\" src=\"https:\/\/www.youtube.com\/embed\/m-K5k-v90MU\" width=\"300\" height=\"150\" frameborder=\"0\" allowfullscreen=\"allowfullscreen\" data-mce-fragment=\"1\"><\/iframe><\/p>\n<\/div>\n<\/div>\n<div class=\"subs-in-social subs-telegram\">\n<div class=\"icon\"><\/div>\n<div class=\"subs-message\"><\/div>\n<\/div>\n","protected":false},"excerpt":{"rendered":"<p>Aprelin 15-d\u0259 Heyd\u0259r \u018fliyev M\u0259rk\u0259zinin binas\u0131 \u00fcz\u0259rin\u0259 Avropa \u0130ttifaq\u0131n\u0131n bayra\u011f\u0131 videoproyeksiya olunub. Bununla Az\u0259rbaycan\u0131n koronavirus (COVID-19) pandemiyas\u0131 il\u0259 m\u00fcbariz\u0259d\u0259 h\u0259mr\u0259yliyi n\u00fcmayi\u015f olunub. Bu bar\u0259d\u0259 Trend-\u0259 M\u0259rk\u0259zd\u0259n m\u0259lumat verilib. Qeyd ed\u0259k ki, aprelin 3-d\u0259n ba\u015flayaraq z\u0259r\u0259r\u00e7\u0259k\u0259n d\u00f6vl\u0259tl\u0259rin bayraqlar\u0131 h\u0259min \u00f6lk\u0259l\u0259rin musiqisinin m\u00fc\u015fayi\u0259ti il\u0259 h\u0259r g\u00fcn m\u0259rk\u0259zin binas\u0131 \u00fcz\u0259rin\u0259 proyeksiya olunur. Bununla Heyd\u0259r \u018fliyev M\u0259rk\u0259zi COVID-19-un geni\u015f yay\u0131ld\u0131\u011f\u0131 d\u00f6vl\u0259tl\u0259r\u0259 v\u0259 onlar\u0131n xalqlar\u0131na d\u0259st\u0259yini, h\u00f6rm\u0259t v\u0259 ehtiram\u0131n\u0131 ifad\u0259 edir. \u0130ndiy\u0259d\u0259k koronavirus x\u0259st\u0259liyinin geni\u015f yay\u0131ld\u0131\u011f\u0131 \u00c7in, Fransa, Almaniya, \u0130ran, \u0130taliya, Rusiya, \u0130spaniya, T\u00fcrkiy\u0259, B\u00f6y\u00fck Britaniya, AB\u015e v\u0259 G\u00fcrc\u00fcstan\u0131n bayraqlar\u0131 M\u0259rk\u0259zin binas\u0131n\u0131n \u00fcz\u0259rind\u0259 n\u00fcmayi\u015f olunub.<\/p>\n","protected":false},"author":2,"featured_media":151363,"comment_status":"closed","ping_status":"closed","sticky":false,"template":"","format":"standard","meta":{"om_disable_all_campaigns":false,"_monsterinsights_skip_tracking":false,"_monsterinsights_sitenote_active":false,"_monsterinsights_sitenote_note":"","_monsterinsights_sitenote_category":0},"categories":[24],"tags":[],"aioseo_notices":[],"gutentor_comment":0,"rttpg_featured_image_url":{"full":["https:\/\/arantv.az\/wp-content\/uploads\/2020\/04\/5f01dcc5d8648fd625c804dc6685dd65.png",450,300,false],"landscape":["https:\/\/arantv.az\/wp-content\/uploads\/2020\/04\/5f01dcc5d8648fd625c804dc6685dd65.png",450,300,false],"portraits":["https:\/\/arantv.az\/wp-content\/uploads\/2020\/04\/5f01dcc5d8648fd625c804dc6685dd65.png",450,300,false],"thumbnail":["https:\/\/arantv.az\/wp-content\/uploads\/2020\/04\/5f01dcc5d8648fd625c804dc6685dd65-150x150.png",150,150,true],"medium":["https:\/\/arantv.az\/wp-content\/uploads\/2020\/04\/5f01dcc5d8648fd625c804dc6685dd65-300x200.png",300,200,true],"large":["https:\/\/arantv.az\/wp-content\/uploads\/2020\/04\/5f01dcc5d8648fd625c804dc6685dd65.png",450,300,false],"1536x1536":["https:\/\/arantv.az\/wp-content\/uploads\/2020\/04\/5f01dcc5d8648fd625c804dc6685dd65.png",450,300,false],"2048x2048":["https:\/\/arantv.az\/wp-content\/uploads\/2020\/04\/5f01dcc5d8648fd625c804dc6685dd65.png",450,300,false],"post-thumbnail":["https:\/\/arantv.az\/wp-content\/uploads\/2020\/04\/5f01dcc5d8648fd625c804dc6685dd65-240x172.png",240,172,true],"advps-thumb-one":["https:\/\/arantv.az\/wp-content\/uploads\/2020\/04\/5f01dcc5d8648fd625c804dc6685dd65.png",450,300,false]},"rttpg_author":{"display_name":"V\u00fcsal Rafiqo\u011flu","author_link":"https:\/\/arantv.az\/?author=2"},"rttpg_comment":0,"rttpg_category":"<a href=\"https:\/\/arantv.az\/?cat=24\" rel=\"category\">Maraql\u0131<\/a>","rttpg_excerpt":"Aprelin 15-d\u0259 Heyd\u0259r \u018fliyev M\u0259rk\u0259zinin binas\u0131 \u00fcz\u0259rin\u0259 Avropa \u0130ttifaq\u0131n\u0131n bayra\u011f\u0131 videoproyeksiya olunub. Bununla Az\u0259rbaycan\u0131n koronavirus (COVID-19) pandemiyas\u0131 il\u0259 m\u00fcbariz\u0259d\u0259 h\u0259mr\u0259yliyi n\u00fcmayi\u015f olunub. Bu bar\u0259d\u0259 Trend-\u0259 M\u0259rk\u0259zd\u0259n m\u0259lumat verilib. Qeyd ed\u0259k ki, aprelin 3-d\u0259n ba\u015flayaraq z\u0259r\u0259r\u00e7\u0259k\u0259n d\u00f6vl\u0259tl\u0259rin bayraqlar\u0131 h\u0259min \u00f6lk\u0259l\u0259rin musiqisinin m\u00fc\u015fayi\u0259ti il\u0259 h\u0259r g\u00fcn m\u0259rk\u0259zin binas\u0131 \u00fcz\u0259rin\u0259 proyeksiya olunur. Bununla Heyd\u0259r \u018fliyev M\u0259rk\u0259zi COVID-19-un geni\u015f&hellip;","_links":{"self":[{"href":"https:\/\/arantv.az\/index.php?rest_route=\/wp\/v2\/posts\/151362"}],"collection":[{"href":"https:\/\/arantv.az\/index.php?rest_route=\/wp\/v2\/posts"}],"about":[{"href":"https:\/\/arantv.az\/index.php?rest_route=\/wp\/v2\/types\/post"}],"author":[{"embeddable":true,"href":"https:\/\/arantv.az\/index.php?rest_route=\/wp\/v2\/users\/2"}],"replies":[{"embeddable":true,"href":"https:\/\/arantv.az\/index.php?rest_route=%2Fwp%2Fv2%2Fcomments&post=151362"}],"version-history":[{"count":0,"href":"https:\/\/arantv.az\/index.php?rest_route=\/wp\/v2\/posts\/151362\/revisions"}],"wp:featuredmedia":[{"embeddable":true,"href":"https:\/\/arantv.az\/index.php?rest_route=\/wp\/v2\/media\/151363"}],"wp:attachment":[{"href":"https:\/\/arantv.az\/index.php?rest_route=%2Fwp%2Fv2%2Fmedia&parent=151362"}],"wp:term":[{"taxonomy":"category","embeddable":true,"href":"https:\/\/arantv.az\/index.php?rest_route=%2Fwp%2Fv2%2Fcategories&post=151362"},{"taxonomy":"post_tag","embeddable":true,"href":"https:\/\/arantv.az\/index.php?rest_route=%2Fwp%2Fv2%2Ftags&post=151362"}],"curies":[{"name":"wp","href":"https:\/\/api.w.org\/{rel}","templated":true}]}}