{"id":151370,"date":"2020-04-16T11:29:00","date_gmt":"2020-04-16T08:29:00","guid":{"rendered":"http:\/\/arantv.az\/?p=151370"},"modified":"2020-04-16T11:29:00","modified_gmt":"2020-04-16T08:29:00","slug":"soltan-m%c9%99mm%c9%99dov-heyd%c9%99r-%c9%99liyev-fondu-bu-c%c9%99tin-gunl%c9%99rd%c9%99-h%c9%99r-bir-v%c9%99t%c9%99ndasimiza-lazimi-yardim-gost%c9%99rm%c9%99y%c9%99-hazirdir","status":"publish","type":"post","link":"https:\/\/arantv.az\/?p=151370","title":{"rendered":"Soltan M\u0259mm\u0259dov: &#8220;Heyd\u0259r \u018fliyev Fondu bu \u00e7\u0259tin g\u00fcnl\u0259rd\u0259 h\u0259r bir v\u0259t\u0259nda\u015f\u0131m\u0131za laz\u0131mi yard\u0131m g\u00f6st\u0259rm\u0259y\u0259 haz\u0131rd\u0131r&#8221;"},"content":{"rendered":"<blockquote><p><em><strong>Heyd\u0259r \u018fliyev Fondu \u00f6z sosial missiyas\u0131 \u00e7\u0259r\u00e7iv\u0259sind\u0259 h\u0259r zaman \u00f6lk\u0259d\u0259 s\u0259hiyy\u0259nin inki\u015faf\u0131na d\u0259st\u0259k g\u00f6st\u0259rib.<\/strong><\/em><\/p><\/blockquote>\n<p>ARANTV.AZ\u00a0<a href=\"http:\/\/az.trend.az\/\" target=\"_blank\" rel=\"noopener\">Trend<\/a>-\u0259 istinad\u0259n bildirir ki, bunu Heyd\u0259r \u018fliyev Fondunun Departament direktoru Soltan M\u0259mm\u0259dov REACT-C19 layih\u0259sinin t\u0259qdimat m\u0259rasimind\u0259 \u00e7\u0131x\u0131\u015f ed\u0259rk\u0259n deyib.<\/p>\n<p>Onun s\u00f6zl\u0259rin\u0259 g\u00f6r\u0259, Heyd\u0259r \u018fliyev Fondunun Prezidenti, h\u00f6rm\u0259tli Mehriban xan\u0131m \u018fliyevan\u0131n tap\u015f\u0131r\u0131\u011f\u0131 il\u0259 fond \u00dcmumd\u00fcnya S\u0259hiyy\u0259 T\u0259\u015fkilat\u0131 il\u0259 s\u0131x \u0259m\u0259kda\u015fl\u0131q edir:<\/p>\n<p>&#8220;Koronavirus epidemiyas\u0131 il\u0259 m\u00fcbariz\u0259nin ilk g\u00fcnl\u0259rind\u0259n biz T\u018fB\u0130B v\u0259 S\u0259hiyy\u0259 Nazirliyin\u0259 d\u0259st\u0259k g\u00f6st\u0259rm\u0259y\u0259 ba\u015flam\u0131\u015f\u0131q. Bu istiqam\u0259td\u0259 \u00f6lk\u0259d\u0259 laboratoriya sisteminin g\u00fccl\u0259ndirilm\u0259si \u00fc\u00e7\u00fcn Bak\u0131, C\u0259lilabad v\u0259 G\u0259nc\u0259 \u015f\u0259h\u0259rl\u0259rind\u0259 Almaniya istehsal\u0131 olan 4, Sumqay\u0131t v\u0259 \u015e\u0259ki \u015f\u0259h\u0259rl\u0259rind\u0259 2 tam-avtomat laboratoriya qurulub istifad\u0259y\u0259 verilib. Y\u00fcks\u0259k keyfiyy\u0259tli m\u00fcayin\u0259l\u0259rin apar\u0131lmas\u0131 \u00fc\u00e7\u00fcn Almaniya v\u0259 \u0130ngilt\u0259r\u0259 istehsal\u0131 olan test kitl\u0259ri t\u0259min olunub&#8221;.<\/p>\n<p>S.M\u0259mm\u0259dov bildirib ki, x\u0259st\u0259xanalarda \u00e7al\u0131\u015fan tibb personal\u0131n\u0131n t\u0259hl\u00fck\u0259sizliyini t\u0259min etm\u0259k m\u0259qs\u0259dil\u0259 maska, tibbi geyim, eyn\u0259k, \u0259lc\u0259k v\u0259 dig\u0259r qoruyucu vasit\u0259l\u0259r al\u0131n\u0131b:<\/p>\n<p>&#8220;Tibb m\u00fc\u0259ssi\u0259l\u0259rinin maddi texniki bazas\u0131n\u0131n g\u00fccl\u0259ndirilm\u0259si \u00fc\u00e7\u00fcn s\u00fcni n\u0259f\u0259s aparatlar\u0131, tibbi monitorlar v\u0259 hemofiltrasiya cihazlar\u0131 t\u0259min olunub. Fondumuzun Prezidenti, h\u00f6rm\u0259tli Mehriban xan\u0131m\u0131n tap\u015f\u0131r\u0131\u011f\u0131 il\u0259 beyn\u0259lxalq t\u0259\u015fkilatlarla \u0259m\u0259kda\u015fl\u0131q \u00e7\u0259r\u00e7iv\u0259sind\u0259 \u0259halinin maarifl\u0259ndirilm\u0259si \u00fc\u00e7\u00fcn birg\u0259 kommunikasiya plan\u0131 haz\u0131rlan\u0131b v\u0259 bu istiqam\u0259td\u0259 m\u0259tbuat, ictimaiyy\u0259t v\u0259 d\u00f6vl\u0259t qurumlar\u0131 il\u0259 \u0259laq\u0259l\u0259ndirici i\u015f apar\u0131l\u0131r. Koronavirusla m\u00fcbariz\u0259d\u0259 h\u0259kiml\u0259rimiz\u0259 d\u0259st\u0259k m\u0259qs\u0259dil\u0259 dig\u0259r \u00f6lk\u0259l\u0259rl\u0259 t\u0259cr\u00fcb\u0259 m\u00fcbadil\u0259si \u00fc\u00e7\u00fcn virtual t\u0259liml\u0259rin t\u0259\u015fkili v\u0259 bu g\u00fcn d\u0259 \u00dcmumd\u00fcnya S\u0259hiyy\u0259 T\u0259\u015fkilat\u0131 (\u00dcST) il\u0259 birg\u0259 3 ay m\u00fcdd\u0259tind\u0259 bizim h\u0259kiml\u0259rl\u0259 birg\u0259 \u00e7al\u0131\u015facaq 20 n\u0259f\u0259rd\u0259n ibar\u0259t m\u00fcxt\u0259lif ixtisasl\u0131 m\u00fct\u0259x\u0259ssisl\u0259rd\u0259n ibar\u0259t qrupun Az\u0259rbaycana s\u0259f\u0259rinin t\u0259\u015fkil olunmas\u0131na d\u0259st\u0259k g\u00f6st\u0259rmi\u015fik. Heyd\u0259r \u018fliyev Fondu t\u0259r\u0259find\u0259n eyni zamanda, \u00f6lk\u0259d\u0259 u\u011furla h\u0259yata ke\u00e7iril\u0259n sosial siyas\u0259t\u0259 d\u0259st\u0259k olaraq ehtiyac\u0131 olan ail\u0259l\u0259r\u0259 \u0259rzaq d\u0259st\u0259yi g\u00f6st\u0259rilir. \u00d6lk\u0259d\u0259 f\u0259aliyy\u0259t g\u00f6st\u0259r\u0259n u\u015faq evl\u0259ri, k\u00f6rp\u0259l\u0259r evi, internat m\u0259kt\u0259bl\u0259ri, qocalar evi, sa\u011flaml\u0131q imkanlar\u0131 m\u0259hdud u\u015faqlar \u00fc\u00e7\u00fcn sosial xidm\u0259t m\u00fc\u0259ssis\u0259l\u0259rind\u0259 t\u0259l\u0259b olunan profilaktik t\u0259dbirl\u0259r g\u00f6r\u00fcl\u00fcb v\u0259 laz\u0131mi qoruyucu vasit\u0259l\u0259r t\u0259min olunub&#8221;.<\/p>\n<p>S.M\u0259mm\u0259dov \u0259lav\u0259 edib ki, s\u0259hiyy\u0259 sah\u0259sind\u0259 ill\u0259r boyu \u0259ld\u0259 etdiyimiz t\u0259cr\u00fcb\u0259 v\u0259 beyn\u0259lxalq t\u0259\u015fkilatlarla \u0259m\u0259kda\u015fl\u0131q \u00e7\u0259r\u00e7iv\u0259sind\u0259 \u0259ld\u0259 etdiyimiz u\u011furlar bu g\u00fcn biz\u0259 bu m\u00fcbariz\u0259d\u0259 s\u0259hiyy\u0259miz\u0259 laz\u0131m olan d\u0259st\u0259yi g\u00f6st\u0259rm\u0259y\u0259 imkan yarad\u0131r:<\/p>\n<p>&#8220;Fondun r\u0259hb\u0259rliyinin d\u0259st\u0259yi il\u0259 biz uzun ill\u0259rdir ki, \u00dcST il\u0259 s\u0131x v\u0259 u\u011furlu \u0259m\u0259kda\u015fl\u0131q edirik. Bu g\u00fcn elan etdiyimiz bu layih\u0259 bir daha Heyd\u0259r \u018fliyev Fondunun h\u0259r zaman s\u0259hiyy\u0259mizl\u0259 birg\u0259 oldu\u011funu s\u00fcbut edir. Fondumuz bu \u00e7\u0259tin g\u00fcnl\u0259rd\u0259 24 saat i\u015f ba\u015f\u0131nda b\u00fct\u00fcn s\u0259hiyy\u0259miz\u0259 v\u0259 h\u0259r bir v\u0259t\u0259nda\u015f\u0131m\u0131za laz\u0131mi yard\u0131m g\u00f6st\u0259rm\u0259y\u0259 haz\u0131rd\u0131r&#8221;.<\/p>\n","protected":false},"excerpt":{"rendered":"<p>Heyd\u0259r \u018fliyev Fondu \u00f6z sosial missiyas\u0131 \u00e7\u0259r\u00e7iv\u0259sind\u0259 h\u0259r zaman \u00f6lk\u0259d\u0259 s\u0259hiyy\u0259nin inki\u015faf\u0131na d\u0259st\u0259k g\u00f6st\u0259rib. ARANTV.AZ\u00a0Trend-\u0259 istinad\u0259n bildirir ki, bunu Heyd\u0259r \u018fliyev Fondunun Departament direktoru Soltan M\u0259mm\u0259dov REACT-C19 layih\u0259sinin t\u0259qdimat m\u0259rasimind\u0259 \u00e7\u0131x\u0131\u015f ed\u0259rk\u0259n deyib. Onun s\u00f6zl\u0259rin\u0259 g\u00f6r\u0259, Heyd\u0259r \u018fliyev Fondunun Prezidenti, h\u00f6rm\u0259tli Mehriban xan\u0131m \u018fliyevan\u0131n tap\u015f\u0131r\u0131\u011f\u0131 il\u0259 fond \u00dcmumd\u00fcnya S\u0259hiyy\u0259 T\u0259\u015fkilat\u0131 il\u0259 s\u0131x \u0259m\u0259kda\u015fl\u0131q edir: &#8220;Koronavirus epidemiyas\u0131 il\u0259 m\u00fcbariz\u0259nin ilk g\u00fcnl\u0259rind\u0259n biz T\u018fB\u0130B v\u0259 S\u0259hiyy\u0259 Nazirliyin\u0259 d\u0259st\u0259k g\u00f6st\u0259rm\u0259y\u0259 ba\u015flam\u0131\u015f\u0131q. Bu istiqam\u0259td\u0259 \u00f6lk\u0259d\u0259 laboratoriya sisteminin g\u00fccl\u0259ndirilm\u0259si \u00fc\u00e7\u00fcn Bak\u0131, C\u0259lilabad v\u0259 G\u0259nc\u0259 \u015f\u0259h\u0259rl\u0259rind\u0259 Almaniya istehsal\u0131 olan 4, Sumqay\u0131t v\u0259 \u015e\u0259ki \u015f\u0259h\u0259rl\u0259rind\u0259 2 tam-avtomat&hellip;<\/p>\n","protected":false},"author":2,"featured_media":151371,"comment_status":"closed","ping_status":"closed","sticky":false,"template":"","format":"standard","meta":{"om_disable_all_campaigns":false,"_monsterinsights_skip_tracking":false,"_monsterinsights_sitenote_active":false,"_monsterinsights_sitenote_note":"","_monsterinsights_sitenote_category":0},"categories":[19],"tags":[],"aioseo_notices":[],"gutentor_comment":0,"rttpg_featured_image_url":{"full":["https:\/\/arantv.az\/wp-content\/uploads\/2020\/04\/842574.jpg",800,600,false],"landscape":["https:\/\/arantv.az\/wp-content\/uploads\/2020\/04\/842574.jpg",800,600,false],"portraits":["https:\/\/arantv.az\/wp-content\/uploads\/2020\/04\/842574.jpg",800,600,false],"thumbnail":["https:\/\/arantv.az\/wp-content\/uploads\/2020\/04\/842574-150x150.jpg",150,150,true],"medium":["https:\/\/arantv.az\/wp-content\/uploads\/2020\/04\/842574-300x225.jpg",300,225,true],"large":["https:\/\/arantv.az\/wp-content\/uploads\/2020\/04\/842574.jpg",640,480,false],"1536x1536":["https:\/\/arantv.az\/wp-content\/uploads\/2020\/04\/842574.jpg",800,600,false],"2048x2048":["https:\/\/arantv.az\/wp-content\/uploads\/2020\/04\/842574.jpg",800,600,false],"post-thumbnail":["https:\/\/arantv.az\/wp-content\/uploads\/2020\/04\/842574-240x172.jpg",240,172,true],"advps-thumb-one":["https:\/\/arantv.az\/wp-content\/uploads\/2020\/04\/842574.jpg",800,600,false]},"rttpg_author":{"display_name":"V\u00fcsal Rafiqo\u011flu","author_link":"https:\/\/arantv.az\/?author=2"},"rttpg_comment":0,"rttpg_category":"<a href=\"https:\/\/arantv.az\/?cat=19\" rel=\"category\">G\u00fcnd\u0259m<\/a>","rttpg_excerpt":"Heyd\u0259r \u018fliyev Fondu \u00f6z sosial missiyas\u0131 \u00e7\u0259r\u00e7iv\u0259sind\u0259 h\u0259r zaman \u00f6lk\u0259d\u0259 s\u0259hiyy\u0259nin inki\u015faf\u0131na d\u0259st\u0259k g\u00f6st\u0259rib. ARANTV.AZ\u00a0Trend-\u0259 istinad\u0259n bildirir ki, bunu Heyd\u0259r \u018fliyev Fondunun Departament direktoru Soltan M\u0259mm\u0259dov REACT-C19 layih\u0259sinin t\u0259qdimat m\u0259rasimind\u0259 \u00e7\u0131x\u0131\u015f ed\u0259rk\u0259n deyib. Onun s\u00f6zl\u0259rin\u0259 g\u00f6r\u0259, Heyd\u0259r \u018fliyev Fondunun Prezidenti, h\u00f6rm\u0259tli Mehriban xan\u0131m \u018fliyevan\u0131n tap\u015f\u0131r\u0131\u011f\u0131 il\u0259 fond \u00dcmumd\u00fcnya S\u0259hiyy\u0259 T\u0259\u015fkilat\u0131 il\u0259 s\u0131x \u0259m\u0259kda\u015fl\u0131q edir: &#8220;Koronavirus&hellip;","_links":{"self":[{"href":"https:\/\/arantv.az\/index.php?rest_route=\/wp\/v2\/posts\/151370"}],"collection":[{"href":"https:\/\/arantv.az\/index.php?rest_route=\/wp\/v2\/posts"}],"about":[{"href":"https:\/\/arantv.az\/index.php?rest_route=\/wp\/v2\/types\/post"}],"author":[{"embeddable":true,"href":"https:\/\/arantv.az\/index.php?rest_route=\/wp\/v2\/users\/2"}],"replies":[{"embeddable":true,"href":"https:\/\/arantv.az\/index.php?rest_route=%2Fwp%2Fv2%2Fcomments&post=151370"}],"version-history":[{"count":0,"href":"https:\/\/arantv.az\/index.php?rest_route=\/wp\/v2\/posts\/151370\/revisions"}],"wp:featuredmedia":[{"embeddable":true,"href":"https:\/\/arantv.az\/index.php?rest_route=\/wp\/v2\/media\/151371"}],"wp:attachment":[{"href":"https:\/\/arantv.az\/index.php?rest_route=%2Fwp%2Fv2%2Fmedia&parent=151370"}],"wp:term":[{"taxonomy":"category","embeddable":true,"href":"https:\/\/arantv.az\/index.php?rest_route=%2Fwp%2Fv2%2Fcategories&post=151370"},{"taxonomy":"post_tag","embeddable":true,"href":"https:\/\/arantv.az\/index.php?rest_route=%2Fwp%2Fv2%2Ftags&post=151370"}],"curies":[{"name":"wp","href":"https:\/\/api.w.org\/{rel}","templated":true}]}}